{"id":639289,"date":"2026-01-03T23:42:10","date_gmt":"2026-01-03T23:42:10","guid":{"rendered":"https:\/\/www.europesays.com\/fr\/639289\/"},"modified":"2026-01-03T23:42:10","modified_gmt":"2026-01-03T23:42:10","slug":"plusieurs-pays-reagissent-a-la-capture-du-president-venezuelien-maduro","status":"publish","type":"post","link":"https:\/\/www.europesays.com\/fr\/639289\/","title":{"rendered":"Plusieurs pays r\u00e9agissent \u00e0 la capture du pr\u00e9sident v\u00e9n\u00e9zu\u00e9lien Maduro"},"content":{"rendered":"<p>MONTR\u00c9AL \u2014 Les r\u00e9actions ont commenc\u00e9 \u00e0 se faire entendre apr\u00e8s l\u2019annonce de la capture du pr\u00e9sident Nicol\u00e1s Maduro lors de frappes am\u00e9ricaines au Venezuela.<\/p>\n<p>Le premier ministre britannique, Keir Starmer, a indiqu\u00e9 samedi matin sur son compte X que \u00abla situation au Venezuela \u00e9volue rapidement\u00bb et qu\u2019il souhaite \u00e9tablir tous les faits et en parler avec les pays alli\u00e9s du Royaume-Uni.<\/p>\n<p>\u00abNotre ambassade \u00e0 Caracas travaille pour s\u2019assurer que tous les ressortissants britanniques au Venezuela sont soutenus\u00bb, pr\u00e9cise son gazouillis sur le r\u00e9seau social.<\/p>\n<p>Le premier ministre du Canada, Mark Carney, a r\u00e9agi en fin de journ\u00e9e samedi en disant que \u00able gouvernement canadien accueille favorablement l\u2019opportunit\u00e9 qui s\u2019offre au peuple v\u00e9n\u00e9zu\u00e9lien d\u2019acc\u00e9der \u00e0 la libert\u00e9, \u00e0 la d\u00e9mocratie, \u00e0 la paix et \u00e0 la prosp\u00e9rit\u00e9\u00bb, dans une publication sur les r\u00e9seaux sociaux. <\/p>\n<p>\u00abFid\u00e8le \u00e0 son engagement de longue date envers l\u2019\u00e9tat de droit, la souverainet\u00e9 et les droits de la personne, le Canada appelle toutes les parties \u00e0 respecter le droit international. Nous soutenons le droit souverain du peuple v\u00e9n\u00e9zu\u00e9lien de d\u00e9cider et de b\u00e2tir son propre avenir dans une soci\u00e9t\u00e9 pacifique et d\u00e9mocratique\u00bb, a \u00e9crit M.\u00a0Carney. <\/p>\n<p>Le premier ministre a rappel\u00e9 que le Canada ne reconna\u00eet pas le r\u00e9gime de Nicol\u00e1s Maduro et que le pays est pr\u00eat \u00e0 aider les Canadiens par le biais des agents consulaires de l\u2019ambassade du Canada \u00e0 Bogot\u00e1, en Colombie. M.\u00a0Carney a indiqu\u00e9 que le Canada continuera de soutenir les r\u00e9fugi\u00e9s v\u00e9n\u00e9zu\u00e9liens. <\/p>\n<p>Affaires mondiales Canada invitait les voyageurs canadiens \u00e0 \u00ab\u00e9viter tout voyage\u00bb au Venezuela.<\/p>\n<p>Plus t\u00f4t, la ministre des Affaires \u00e9trang\u00e8res, Anita Anand, avait d\u00e9clar\u00e9 que le Canada demandait \u00ab\u00e0 tous les partis de respecter le droit international et soutenait le peuple v\u00e9n\u00e9zu\u00e9lien et son d\u00e9sir de vivre dans une soci\u00e9t\u00e9 pacifique et d\u00e9mocratique\u00bb.<\/p>\n<p>Elle a toutefois rappel\u00e9 que le Canada avait ferm\u00e9 son ambassade au Venezuela depuis 2019 et refusait de reconna\u00eetre la l\u00e9gitimit\u00e9 du gouvernement Maduro.<\/p>\n<p>Le chef du Parti conservateur du Canada, Pierre Poilievre, a f\u00e9licit\u00e9 le pr\u00e9sident Trump sur les r\u00e9seaux sociaux.<\/p>\n<p>\u00abF\u00e9licitations au pr\u00e9sident Trump pour l\u2019arrestation du narcoterroriste et dictateur socialiste Nicolas Maduro, qui devrait finir ses jours en prison\u00bb, a \u00e9crit M.\u00a0Poilievre notamment sur Facebook et X.<\/p>\n<p>\u00abLe vainqueur l\u00e9gitime des derni\u00e8res \u00e9lections v\u00e9n\u00e9zu\u00e9liennes, Edmundo Gonz\u00e1lez, devrait prendre ses fonctions aux c\u00f4t\u00e9s de Mar\u00eda Corina Machado, h\u00e9ro\u00efne courageuse et porte-parole du peuple v\u00e9n\u00e9zu\u00e9lien. Fini le socialisme. Vive la libert\u00e9\u00bb, conclut le message du chef conservateur canadien.<\/p>\n<p>Le chef du Bloc qu\u00e9b\u00e9cois, Yves-Fran\u00e7ois Blanchet, juge \u00abinqui\u00e9tant que les \u00c9tats-Unis s\u2019instituent en gendarme de ces principes au risque de faire fi du droit international, en particulier en recourant \u00e0 la force militaire au p\u00e9ril de la vie de civils, et \u00e0 la s\u00e9questration d\u2019un chef d\u2019\u00c9tat, m\u00eame ill\u00e9gitime\u00bb.<\/p>\n<p>M\u00eame s\u2019il conc\u00e8de que le r\u00e9gime mis en place au Venezuela par Nicolas Maduro d\u00e9fie les libert\u00e9s fondamentales, l\u2019int\u00e9grit\u00e9 et la d\u00e9mocratie, il a invit\u00e9 les \u00c9tats-Unis \u00ab\u00e0 respecter la souverainet\u00e9 des \u00c9tats et des peuples et \u00e0 recourir aux instruments internationaux et multilat\u00e9raux, au premier chef l\u2019Organisation des Nations Unies (ONU), pour disposer de la menace que pose le r\u00e9gime v\u00e9n\u00e9zu\u00e9lien\u00bb.<\/p>\n<p>Du c\u00f4t\u00e9 de la France, ce pays alli\u00e9 rappelle qu\u2019aucune solution politique durable ne saurait \u00eatre impos\u00e9e de l\u2019ext\u00e9rieur et que les peuples souverains d\u00e9cident seuls de leur avenir.<\/p>\n<p>\u00abLa multiplication des violations de ce principe par des nations investies de la responsabilit\u00e9 principale de membre permanent du Conseil de s\u00e9curit\u00e9 des Nations unies aura de lourdes cons\u00e9quences sur la s\u00e9curit\u00e9 du monde, qui n\u2019\u00e9pargneront personne\u00bb, a d\u00e9clar\u00e9 le ministre des Affaires \u00e9trang\u00e8res de la France, Jean No\u00ebl Barrot, sur son compte X.<\/p>\n<p>Il souligne que la France \u00abr\u00e9it\u00e8re son attachement \u00e0 la Charte des Nations unies, qui doit continuer de guider l\u2019action internationale des \u00c9tats, toujours et partout\u00bb.<\/p>\n<p>Le premier ministre espagnol Pedro S\u00e1nchez a, pour sa part, appel\u00e9 \u00e0 la \u00abd\u00e9sescalade et \u00e0 la responsabilit\u00e9\u00bb. Le droit international et les principes de la Charte des Nations Unies doivent \u00eatre respect\u00e9s, a \u00e9crit M.\u00a0S\u00e1nchez sur X.<\/p>\n<p>Une autre d\u00e9claration souligne que le minist\u00e8re russe des Affaires \u00e9trang\u00e8res \u00e9tait \u00abextr\u00eamement alarm\u00e9\u00bb, appelant \u00e0 une \u00abclarification imm\u00e9diate\u00bb, sur la cha\u00eene Telegram du minist\u00e8re. <\/p>\n<p>Pour la Russie, de telles actions, si elles \u00e9taient confirm\u00e9es, constitueraient \u00abune atteinte inacceptable \u00e0 la souverainet\u00e9 d\u2019un \u00c9tat ind\u00e9pendant\u00bb, selon la d\u00e9claration du minist\u00e8re russe des Affaires \u00e9trang\u00e8res .<\/p>\n<p>\u2013<\/p>\n<p>Avec des informations de The Associated Press.<\/p>\n","protected":false},"excerpt":{"rendered":"MONTR\u00c9AL \u2014 Les r\u00e9actions ont commenc\u00e9 \u00e0 se faire entendre apr\u00e8s l\u2019annonce de la capture du pr\u00e9sident Nicol\u00e1s&hellip;\n","protected":false},"author":2,"featured_media":639290,"comment_status":"","ping_status":"","sticky":false,"template":"","format":"standard","meta":{"footnotes":""},"categories":[1588],"tags":[11,1777,674,1854,4576,12,473,1853,1851,1850,1852],"class_list":{"0":"post-639289","1":"post","2":"type-post","3":"status-publish","4":"format-standard","5":"has-post-thumbnail","7":"category-royaume-uni","8":"tag-actualites","9":"tag-eu","10":"tag-europe","11":"tag-https-lactualite-com-sujet-international","12":"tag-https-lactualite-com-sujet-politique","13":"tag-news","14":"tag-royaume-uni","15":"tag-royaume-uni-de-grande-bretagne-et-dirlande-du-nord","16":"tag-uk","17":"tag-united-kingdom","18":"tag-united-kingdom-of-great-britain-and-northern-ireland"},"share_on_mastodon":{"url":"https:\/\/pubeurope.com\/@fr\/115833821188633914","error":""},"_links":{"self":[{"href":"https:\/\/www.europesays.com\/fr\/wp-json\/wp\/v2\/posts\/639289","targetHints":{"allow":["GET"]}}],"collection":[{"href":"https:\/\/www.europesays.com\/fr\/wp-json\/wp\/v2\/posts"}],"about":[{"href":"https:\/\/www.europesays.com\/fr\/wp-json\/wp\/v2\/types\/post"}],"author":[{"embeddable":true,"href":"https:\/\/www.europesays.com\/fr\/wp-json\/wp\/v2\/users\/2"}],"replies":[{"embeddable":true,"href":"https:\/\/www.europesays.com\/fr\/wp-json\/wp\/v2\/comments?post=639289"}],"version-history":[{"count":0,"href":"https:\/\/www.europesays.com\/fr\/wp-json\/wp\/v2\/posts\/639289\/revisions"}],"wp:featuredmedia":[{"embeddable":true,"href":"https:\/\/www.europesays.com\/fr\/wp-json\/wp\/v2\/media\/639290"}],"wp:attachment":[{"href":"https:\/\/www.europesays.com\/fr\/wp-json\/wp\/v2\/media?parent=639289"}],"wp:term":[{"taxonomy":"category","embeddable":true,"href":"https:\/\/www.europesays.com\/fr\/wp-json\/wp\/v2\/categories?post=639289"},{"taxonomy":"post_tag","embeddable":true,"href":"https:\/\/www.europesays.com\/fr\/wp-json\/wp\/v2\/tags?post=639289"}],"curies":[{"name":"wp","href":"https:\/\/api.w.org\/{rel}","templated":true}]}}