{"id":639291,"date":"2026-01-03T23:43:15","date_gmt":"2026-01-03T23:43:15","guid":{"rendered":"https:\/\/www.europesays.com\/fr\/639291\/"},"modified":"2026-01-03T23:43:15","modified_gmt":"2026-01-03T23:43:15","slug":"le-syndicat-des-enseignants-critique-la-detention-pour-les-eleves-absenteistes","status":"publish","type":"post","link":"https:\/\/www.europesays.com\/fr\/639291\/","title":{"rendered":"le syndicat des enseignants critique la d\u00e9tention pour les \u00e9l\u00e8ves absent\u00e9istes"},"content":{"rendered":"<p>En Allemagne, le syndicat de l\u2019\u00e9ducation et des sciences (GEW) a vivement critiqu\u00e9 la pratique de plusieurs \u00c9tats f\u00e9d\u00e9raux consistant \u00e0 punir les \u00e9l\u00e8ves absent\u00e9istes r\u00e9calcitrants par une d\u00e9tention pour mineurs.<\/p>\n<p>\u00ab Le fait que des jeunes soient condamn\u00e9s \u00e0 quelques jours de prison pour absent\u00e9isme scolaire r\u00e9p\u00e9t\u00e9 est fondamentalement un aveu d\u2019\u00e9chec en mati\u00e8re de politique scolaire et p\u00e9dagogique et, comme on l\u2019entend souvent, largement inefficace, voire contre-productif \u00bb, a d\u00e9clar\u00e9 au\u00a0Redaktionsnetzwerk Deutschland (RND) la pr\u00e9sidente du GEW, Anja Bensinger-Stolze.<\/p>\n<p>Elle a exig\u00e9 que l\u2019accent soit mis sur la pr\u00e9vention plut\u00f4t que sur l\u2019intervention, et sur la p\u00e9dagogie plut\u00f4t que sur la punition.<\/p>\n<p>\u00ab Pour pr\u00e9venir l\u2019absent\u00e9isme scolaire, trois choses sont n\u00e9cessaires : un concept de pr\u00e9vention scolaire, une sorte de \u00ab syst\u00e8me d\u2019alerte pr\u00e9coce \u00bb et une analyse individuelle des causes \u00bb, a d\u00e9clar\u00e9 la pr\u00e9sidente du GEW.<\/p>\n<p>Chaque ann\u00e9e, des centaines d\u2019\u00e9l\u00e8ves en d\u00e9tention juv\u00e9nile<\/p>\n<p>Selon les experts, le nombre d\u2019\u00e9l\u00e8ves refusant l\u2019\u00e9cole a augment\u00e9 ces derni\u00e8res ann\u00e9es. Les enfants issus de familles dites d\u00e9favoris\u00e9es et \u00e9loign\u00e9es de l\u2019\u00e9ducation sont particuli\u00e8rement touch\u00e9s.<\/p>\n<p>En Allemagne, des centaines d\u2019\u00e9l\u00e8ves se retrouvent chaque ann\u00e9e en d\u00e9tention juv\u00e9nile.<\/p>\n<p>La Basse\u2011Saxe est en t\u00eate du classement national. Nulle part ailleurs autant de jeunes ne paient leur refus d\u2019aller \u00e0 l\u2019\u00e9cole par leur libert\u00e9.<\/p>\n<p>Rien qu\u2019au premier semestre\u202f2025, 355\u202fjeunes ont \u00e9t\u00e9 plac\u00e9s en d\u00e9tention (241\u202fgar\u00e7ons et 114\u202ffilles), comme l\u2019a r\u00e9v\u00e9l\u00e9 une enqu\u00eate du RND. Ces chiffres incluent \u00e9galement les \u00e9l\u00e8ves de Br\u00eame, car le Land de Br\u00eame ne dispose pas de son propre centre de d\u00e9tention pour mineurs et ceux\u2011ci sont donc plac\u00e9s en d\u00e9tention en Basse\u2011Saxe.<\/p>\n<p>La d\u00e9tention comme \u00ab moyen appropri\u00e9 \u00bb<\/p>\n<p>Le minist\u00e8re de la Justice de Basse-Saxe a d\u00e9fendu cette pratique. L\u2019arrestation des \u00e9l\u00e8ves absent\u00e9istes serait un \u00ab moyen fondamentalement appropri\u00e9 pour influencer les jeunes \u00bb.<\/p>\n<p>Il n\u2019y aurait pas de r\u00e9serves techniques fondamentales \u00e0 l\u2019\u00e9gard du syst\u00e8me de sanctions actuel.<\/p>\n<p>La Hesse arrive en deuxi\u00e8me position derri\u00e8re la Basse\u2011Saxe avec actuellement 48\u202fjeunes (situation en octobre\u202f2025).<\/p>\n<p>Au moment de l\u2019enqu\u00eate, les centres de d\u00e9tention pour mineurs du Bade\u2011Wurtemberg comptaient 33\u202f\u00ab\u202fr\u00e9fractaires \u00e0 l\u2019\u00e9cole\u202f\u00bb cette ann\u00e9e, contre 25\u202fen Thuringe, 14\u202fdans le Schleswig\u2011Holstein et deux\u202fen Saxe. Il n\u2019y a actuellement aucun cas en Mecklembourg\u2011Pom\u00e9ranie\u2011occidentale, en Rh\u00e9nanie\u2011Palatinat, \u00e0 Hambourg et en Sarre. La Bavi\u00e8re, Berlin, le Brandebourg et la Rh\u00e9nanie\u2011du\u2011Nord\u2011Westphalie ne collectent pas de donn\u00e9es sur les \u00e9ventuels refus de scolarisation. Le minist\u00e8re de la Justice de Saxe\u2011Anhalt n\u2019a pas r\u00e9pondu \u00e0 la demande du RND.<\/p>\n","protected":false},"excerpt":{"rendered":"En Allemagne, le syndicat de l\u2019\u00e9ducation et des sciences (GEW) a vivement critiqu\u00e9 la pratique de plusieurs \u00c9tats&hellip;\n","protected":false},"author":2,"featured_media":639292,"comment_status":"","ping_status":"","sticky":false,"template":"","format":"standard","meta":{"footnotes":""},"categories":[1587],"tags":[11,672,1804,1805,1803,1777,674,1801,12,1802],"class_list":{"0":"post-639291","1":"post","2":"type-post","3":"status-publish","4":"format-standard","5":"has-post-thumbnail","7":"category-allemagne","8":"tag-actualites","9":"tag-allemagne","10":"tag-bundesrepublik-deutschland","11":"tag-de","12":"tag-deutschland","13":"tag-eu","14":"tag-europe","15":"tag-germany","16":"tag-news","17":"tag-republique-federale-dallemagne"},"share_on_mastodon":{"url":"https:\/\/pubeurope.com\/@fr\/115833825101869174","error":""},"_links":{"self":[{"href":"https:\/\/www.europesays.com\/fr\/wp-json\/wp\/v2\/posts\/639291","targetHints":{"allow":["GET"]}}],"collection":[{"href":"https:\/\/www.europesays.com\/fr\/wp-json\/wp\/v2\/posts"}],"about":[{"href":"https:\/\/www.europesays.com\/fr\/wp-json\/wp\/v2\/types\/post"}],"author":[{"embeddable":true,"href":"https:\/\/www.europesays.com\/fr\/wp-json\/wp\/v2\/users\/2"}],"replies":[{"embeddable":true,"href":"https:\/\/www.europesays.com\/fr\/wp-json\/wp\/v2\/comments?post=639291"}],"version-history":[{"count":0,"href":"https:\/\/www.europesays.com\/fr\/wp-json\/wp\/v2\/posts\/639291\/revisions"}],"wp:featuredmedia":[{"embeddable":true,"href":"https:\/\/www.europesays.com\/fr\/wp-json\/wp\/v2\/media\/639292"}],"wp:attachment":[{"href":"https:\/\/www.europesays.com\/fr\/wp-json\/wp\/v2\/media?parent=639291"}],"wp:term":[{"taxonomy":"category","embeddable":true,"href":"https:\/\/www.europesays.com\/fr\/wp-json\/wp\/v2\/categories?post=639291"},{"taxonomy":"post_tag","embeddable":true,"href":"https:\/\/www.europesays.com\/fr\/wp-json\/wp\/v2\/tags?post=639291"}],"curies":[{"name":"wp","href":"https:\/\/api.w.org\/{rel}","templated":true}]}}