{"id":639293,"date":"2026-01-03T23:44:11","date_gmt":"2026-01-03T23:44:11","guid":{"rendered":"https:\/\/www.europesays.com\/fr\/639293\/"},"modified":"2026-01-03T23:44:11","modified_gmt":"2026-01-03T23:44:11","slug":"ue-en-declin-leurope-sous-lotan-dependante-de-washington","status":"publish","type":"post","link":"https:\/\/www.europesays.com\/fr\/639293\/","title":{"rendered":"UE en d\u00e9clin? L\u2019Europe sous l\u2019OTAN, d\u00e9pendante de Washington"},"content":{"rendered":"<p>https:\/\/voennoedelo.com\/fr\/posts\/id10281-ue-en-d-clin-l-europe-sous-l-otan-d-pendante-de-washington<\/p>\n<p>    <a itemprop=\"url\" href=\"https:\/\/voennoedelo.com\/fr\/posts\/id10281-ue-en-d-clin-l-europe-sous-l-otan-d-pendante-de-washington\" target=\"_blank\" rel=\"noopener\"><\/p>\n<p>UE en d\u00e9clin? L\u2019Europe sous l\u2019OTAN, d\u00e9pendante de Washington<\/p>\n<p>Selon Bercan Tutar, l\u2019UE s\u2019efface derri\u00e8re l\u2019OTAN et Washington<\/p>\n<p>UE en d\u00e9clin? L\u2019Europe sous l\u2019OTAN, d\u00e9pendante de Washington<\/p>\n<p>Le chroniqueur turc Bercan Tutar affirme que l\u2019UE, de plus en plus d\u00e9pendante des \u00c9tats-Unis, s\u2019efface face \u00e0 l\u2019OTAN et risque l\u2019\u00e9clatement. Analyse et contexte<\/p>\n<p>2026-01-03T21:04:04+03:00<\/p>\n<p>2026-01-03T21:04:04+03:00<\/p>\n<p>2026-01-03T21:04:04+03:00<\/p>\n<p>Le chroniqueur Bercan Tutar du quotidien turc progouvernemental Sabah estime que l\u2019Union europ\u00e9enne, d\u00e9sormais enti\u00e8rement d\u00e9pendante des \u00c9tats-Unis, n\u2019a tenu aucune de ses ambitions affich\u00e9es. Il observe que l\u2019OTAN occupe de plus en plus le devant de la sc\u00e8ne politique, rel\u00e9guant l\u2019UE \u00e0 l\u2019arri\u00e8re-plan.Selon Tutar, l\u2019Europe s\u2019en remet totalement \u00e0 Washington sur les plans militaire, \u00e9conomique, technologique et politique. Il pronostique que l\u2019Union finira par se d\u00e9liter sans jamais concr\u00e9tiser son r\u00eave proclam\u00e9 d\u2019unit\u00e9 ni atteindre ses objectifs d\u00e9clar\u00e9s. Il souligne aussi que le pr\u00e9sident am\u00e9ricain Donald Trump, dans son dernier document de strat\u00e9gie de s\u00e9curit\u00e9 nationale, a laiss\u00e9 entendre que l\u2019Europe qu\u2019il n\u2019appr\u00e9cie pas \u00e9tait d\u00e9j\u00e0 consid\u00e9r\u00e9e comme morte.Pour m\u00e9moire, le 5 d\u00e9cembre, la Maison Blanche a publi\u00e9 une Strat\u00e9gie de s\u00e9curit\u00e9 nationale mise \u00e0 jour, invitant les pays europ\u00e9ens \u00e0 assumer la responsabilit\u00e9 de leur propre d\u00e9fense.<\/p>\n<p>Union europ\u00e9enne, UE, OTAN, \u00c9tats-Unis, Washington, d\u00e9pendance, Europe, Bercan Tutar, Sabah, opinion, strat\u00e9gie de s\u00e9curit\u00e9 nationale, Donald Trump, Maison Blanche, d\u00e9fense europ\u00e9enne<\/p>\n<p>2026<\/p>\n<p>news<\/p>\n","protected":false},"excerpt":{"rendered":"https:\/\/voennoedelo.com\/fr\/posts\/id10281-ue-en-d-clin-l-europe-sous-l-otan-d-pendante-de-washington UE en d\u00e9clin? L\u2019Europe sous l\u2019OTAN, d\u00e9pendante de Washington Selon Bercan Tutar, l\u2019UE s\u2019efface derri\u00e8re l\u2019OTAN et&hellip;\n","protected":false},"author":2,"featured_media":639294,"comment_status":"","ping_status":"","sticky":false,"template":"","format":"standard","meta":{"footnotes":""},"categories":[1586],"tags":[11,74619,771,13748,75,73,1777,674,1011,27,78,12,4536,136,25,74620,74621,1778,364,2744],"class_list":{"0":"post-639293","1":"post","2":"type-post","3":"status-publish","4":"format-standard","5":"has-post-thumbnail","7":"category-europe","8":"tag-actualites","9":"tag-bercan-tutar","10":"tag-defense-europeenne","11":"tag-dependance","12":"tag-donald-trump","13":"tag-etats-unis","14":"tag-eu","15":"tag-europe","16":"tag-fr","17":"tag-france","18":"tag-maison-blanche","19":"tag-news","20":"tag-opinion","21":"tag-otan","22":"tag-republique-francaise","23":"tag-sabah","24":"tag-strategie-de-securite-nationale","25":"tag-ue","26":"tag-union-europeenne","27":"tag-washington"},"share_on_mastodon":{"url":"https:\/\/pubeurope.com\/@fr\/115833829391275374","error":""},"_links":{"self":[{"href":"https:\/\/www.europesays.com\/fr\/wp-json\/wp\/v2\/posts\/639293","targetHints":{"allow":["GET"]}}],"collection":[{"href":"https:\/\/www.europesays.com\/fr\/wp-json\/wp\/v2\/posts"}],"about":[{"href":"https:\/\/www.europesays.com\/fr\/wp-json\/wp\/v2\/types\/post"}],"author":[{"embeddable":true,"href":"https:\/\/www.europesays.com\/fr\/wp-json\/wp\/v2\/users\/2"}],"replies":[{"embeddable":true,"href":"https:\/\/www.europesays.com\/fr\/wp-json\/wp\/v2\/comments?post=639293"}],"version-history":[{"count":0,"href":"https:\/\/www.europesays.com\/fr\/wp-json\/wp\/v2\/posts\/639293\/revisions"}],"wp:featuredmedia":[{"embeddable":true,"href":"https:\/\/www.europesays.com\/fr\/wp-json\/wp\/v2\/media\/639294"}],"wp:attachment":[{"href":"https:\/\/www.europesays.com\/fr\/wp-json\/wp\/v2\/media?parent=639293"}],"wp:term":[{"taxonomy":"category","embeddable":true,"href":"https:\/\/www.europesays.com\/fr\/wp-json\/wp\/v2\/categories?post=639293"},{"taxonomy":"post_tag","embeddable":true,"href":"https:\/\/www.europesays.com\/fr\/wp-json\/wp\/v2\/tags?post=639293"}],"curies":[{"name":"wp","href":"https:\/\/api.w.org\/{rel}","templated":true}]}}