{"id":639304,"date":"2026-01-03T23:51:12","date_gmt":"2026-01-03T23:51:12","guid":{"rendered":"https:\/\/www.europesays.com\/fr\/639304\/"},"modified":"2026-01-03T23:51:12","modified_gmt":"2026-01-03T23:51:12","slug":"rupture-annoncee-la-verite-eclate-enfin-pour-antoine-dupont","status":"publish","type":"post","link":"https:\/\/www.europesays.com\/fr\/639304\/","title":{"rendered":"Rupture annonc\u00e9e : La v\u00e9rit\u00e9 \u00e9clate enfin pour Antoine Dupont ?"},"content":{"rendered":"<p class=\"heading\">Il a fait son grand retour suite \u00e0 son op\u00e9ration du genou droit, mais Antoine Dupont n&rsquo;est pas sur la pelouse de Perpignan, ce samedi. Il n\u2019est m\u00eame pas sur la feuille de match, puisque Ugo Mola a d\u00e9cid\u00e9 de mettre au repos son demi de m\u00eal\u00e9e, pr\u00e9f\u00e9rant titulariser Paul Graou et alignant l\u2019international japonais Naoto Saito sur le banc des rempla\u00e7ants. <\/p>\n<p>C\u2019\u00e9tait la grande attraction de la fin d\u2019ann\u00e9e. Gravement bless\u00e9 au genou en mars 2025, <strong>Antoine Dupont<\/strong> est revenu \u00e0 la comp\u00e9tition avec son club du <strong>Stade Toulousain<\/strong>. Et le moins que l\u2019on puisse dire c\u2019est qu\u2019il n\u2019a rien perdu de son talent, puisqu\u2019il a d\u00e9j\u00e0 livr\u00e9 quelques prestations XXL. <\/p>\n<p>                                            Antoine Dupont est de retour ! <\/p>\n<p>C\u2019est notamment le cas le week-end dernier, pour la d\u00e9monstration du <strong>Stade Toulousain<\/strong> face \u00e0 <strong>La Rochelle<\/strong> (60-14). <strong>Antoine Dupont<\/strong> a en effet marqu\u00e9 un doubl\u00e9 en l\u2019espace de quatre minutes, mais il a surtout \u00e9t\u00e9 tr\u00e8s important dans l\u2019animation offensive toulousaine, sans oublier un jeu au pied d\u2019occupation magistral. De quoi donner envie de le voir enfin enchainer les titularisations&#8230; <\/p>\n<p>                                            Il a \u00e9t\u00e9 mis au repos par Ugo Mola <\/p>\n<p>Mais \u00e0 Toulouse, on a d\u00e9cid\u00e9 autrement. Pour le d\u00e9placement sur la pelouse de <strong>Perpignan <\/strong>ce samedi, <strong>Ugo Mola<\/strong> a en effet d\u00e9cid\u00e9 de se passer d\u2019<a href=\"https:\/\/le10sport.com\/rugby\/catastrophe-pour-antoine-dupont-la-rupture-qui-va-lui-faire-mal-770323\" target=\"_blank\" rel=\"noopener\">Antoine Dupont<\/a>, qui n\u2019est m\u00eame pas sur la feuille de match. A en croire La D\u00e9p\u00eache du Midi, ce choix surprenant aurait pour but de pr\u00e9server la star du rugby fran\u00e7ais avant deux rencontres tr\u00e8s importantes en <strong>Champions Cup<\/strong>, face aux <strong>Saracens <\/strong>puis face \u00e0 <strong>Sale<\/strong>. <\/p>\n","protected":false},"excerpt":{"rendered":"Il a fait son grand retour suite \u00e0 son op\u00e9ration du genou droit, mais Antoine Dupont n&rsquo;est pas&hellip;\n","protected":false},"author":2,"featured_media":639305,"comment_status":"","ping_status":"","sticky":false,"template":"","format":"standard","meta":{"footnotes":""},"categories":[1416],"tags":[1011,27,479,1468,60],"class_list":{"0":"post-639304","1":"post","2":"type-post","3":"status-publish","4":"format-standard","5":"has-post-thumbnail","7":"category-rugby","8":"tag-fr","9":"tag-france","10":"tag-rugby","11":"tag-rugby-football","12":"tag-sports"},"share_on_mastodon":{"url":"https:\/\/pubeurope.com\/@fr\/115833856675208323","error":""},"_links":{"self":[{"href":"https:\/\/www.europesays.com\/fr\/wp-json\/wp\/v2\/posts\/639304","targetHints":{"allow":["GET"]}}],"collection":[{"href":"https:\/\/www.europesays.com\/fr\/wp-json\/wp\/v2\/posts"}],"about":[{"href":"https:\/\/www.europesays.com\/fr\/wp-json\/wp\/v2\/types\/post"}],"author":[{"embeddable":true,"href":"https:\/\/www.europesays.com\/fr\/wp-json\/wp\/v2\/users\/2"}],"replies":[{"embeddable":true,"href":"https:\/\/www.europesays.com\/fr\/wp-json\/wp\/v2\/comments?post=639304"}],"version-history":[{"count":0,"href":"https:\/\/www.europesays.com\/fr\/wp-json\/wp\/v2\/posts\/639304\/revisions"}],"wp:featuredmedia":[{"embeddable":true,"href":"https:\/\/www.europesays.com\/fr\/wp-json\/wp\/v2\/media\/639305"}],"wp:attachment":[{"href":"https:\/\/www.europesays.com\/fr\/wp-json\/wp\/v2\/media?parent=639304"}],"wp:term":[{"taxonomy":"category","embeddable":true,"href":"https:\/\/www.europesays.com\/fr\/wp-json\/wp\/v2\/categories?post=639304"},{"taxonomy":"post_tag","embeddable":true,"href":"https:\/\/www.europesays.com\/fr\/wp-json\/wp\/v2\/tags?post=639304"}],"curies":[{"name":"wp","href":"https:\/\/api.w.org\/{rel}","templated":true}]}}