{"id":639314,"date":"2026-01-03T23:59:28","date_gmt":"2026-01-03T23:59:28","guid":{"rendered":"https:\/\/www.europesays.com\/fr\/639314\/"},"modified":"2026-01-03T23:59:28","modified_gmt":"2026-01-03T23:59:28","slug":"des-oeuvres-a-emprunter-comme-des-livres-lartotheque-ce-nouveau-concept-qui-reinvente-lart-a-emporter-chez-soi","status":"publish","type":"post","link":"https:\/\/www.europesays.com\/fr\/639314\/","title":{"rendered":"Des \u0153uvres \u00e0 emprunter comme des livres\u00a0: l\u2019artoth\u00e8que, ce nouveau concept qui r\u00e9invente l\u2019art \u00e0 emporter chez soi"},"content":{"rendered":"<p>\n                                                                    l&rsquo;essentiel<br \/>\n                                                                \u00c0 Toulouse, l\u2019association ArtLinker, port\u00e9e par une quinzaine d\u2019artistes, lance une artoth\u00e8que nouvelle g\u00e9n\u00e9ration\u00a0: des \u0153uvres \u00e0 emprunter comme des livres, directement dans les ateliers.\n                            <\/p>\n<p>\u00ab\u00a0Une biblioth\u00e8que d\u2019art, mais hors les murs\u00a0\u00bb\u00a0: c\u2019est ainsi que Rapha\u00ebl Berg\u00e8re, artiste plasticien, et Eric Rumeau, photographe et vid\u00e9aste, r\u00e9sument leur projet. Cr\u00e9\u00e9e en 2022, <a href=\"https:\/\/www.theartlinker.com\/\" target=\"_blank\" rel=\"noopener\">ArtLinker<\/a> \u00e9tait d\u2019abord une plateforme destin\u00e9e \u00e0 donner de la visibilit\u00e9 aux artistes. \u00ab\u00a0On voulait aider \u00e0 montrer les \u0153uvres et trouver des modes de r\u00e9mun\u00e9ration\u00a0\u00bb, raconte Rapha\u00ebl Berg\u00e8re. Rapidement, plus de 250 artistes et 1\u00a0700 \u0153uvres s\u2019y sont retrouv\u00e9s. Mais l\u2019\u00e9quipe voulait aller plus loin\u00a0: \u00ab\u00a0Remettre les \u0153uvres dans les mains des gens\u00a0\u00bb, voil\u00e0 le but.<\/p>\n<p class=\"std-elt__inline\">\n        <strong>\u00c0 lire aussi :<\/strong><br \/>\n        <a href=\"https:\/\/www.ladepeche.fr\/2025\/12\/05\/expo-a-toulouse-les-idoles-fantastiques-de-yoann-penard-a-la-galerie-pol-lemetais-13092609.php\" target=\"_blank\" rel=\"noopener\">Expo \u00e0 Toulouse\u00a0: les idoles fantastiques de Yoann Penard \u00e0 la galerie Pol Lem\u00e9tais<\/a>\n    <\/p>\n<p>L\u2019artoth\u00e8que fonctionne sur abonnement, \u00e0 partir de 9\u00a0\u20ac par mois ou 100\u00a0\u20ac par an pour quatre \u0153uvres renouvelables chaque trimestre. Des tarifs r\u00e9duits sont \u00e9galement propos\u00e9s. L\u2019emprunt peut aussi mener \u00e0 l\u2019achat. Particularit\u00e9\u00a0: aucun lieu de stockage. Les \u0153uvres restent chez les artistes. \u00ab\u00a0L\u2019id\u00e9e est que les emprunteurs aillent directement dans les ateliers\u00a0\u00bb, souligne le photographe. Voir l\u2019endroit o\u00f9 la pi\u00e8ce est n\u00e9e, rencontrer l\u2019artiste, \u00e9changer\u00a0: l\u2019exp\u00e9rience prime. Le mod\u00e8le suit les principes de l\u2019\u00e9conomie sociale et solidaire\u00a0: 70\u00a0% des recettes reviennent aux artistes.<\/p>\n<blockquote data-instgrm-captioned=\"\" data-instgrm-permalink=\"https:\/\/www.instagram.com\/p\/C5Lz9P9PUPX\/?utm_source=ig_embed&amp;utm_campaign=loading\" data-instgrm-version=\"14\" style=\" background:#FFF; border:0; border-radius:3px; box-shadow:0 0 1px 0 rgba(0,0,0,0.5),0 1px 10px 0 rgba(0,0,0,0.15); margin: 1px; max-width:540px; min-width:326px; padding:0; width:99.375%; width:-webkit-calc(100% - 2px); width:calc(100% - 2px);\" data-class=\"instagram-media\"\/>\n<p>Une s\u00e9lection ouverte mais exigeante<\/p>\n<p>Pour rejoindre l\u2019artoth\u00e8que, les candidats passent devant un comit\u00e9 m\u00ealant universitaires, directeurs de lieux d\u2019exposition et artistes. \u00ab\u00a0On attend une certaine maturit\u00e9 dans la d\u00e9marche\u00a0\u00bb, pr\u00e9cise Eric Rumeau. Une vingtaine d\u2019artistes et pr\u00e8s de 200 \u0153uvres composent le premier fonds\u00a0: peintures, dessins, photos, petites sculptures, \u0153uvres num\u00e9riques, toutes faciles \u00e0 transporter. Pour la vid\u00e9o, les \u0153uvres sont remises sur cl\u00e9 USB.<\/p>\n<p class=\"std-elt__inline\">\n        <strong>\u00c0 lire aussi :<\/strong><br \/>\n        <a href=\"https:\/\/www.ladepeche.fr\/2025\/12\/11\/jai-transforme-les-abattoirs-en-chateau-castelbajac-devoile-une-exposition-retrospective-pleine-daudace-13105013.php\" target=\"_blank\" rel=\"noopener\">\u00ab\u00a0J\u2019ai transform\u00e9 les Abattoirs en ch\u00e2teau\u00a0!\u00a0\u00bb Castelbajac d\u00e9voile une exposition r\u00e9trospective pleine d\u2019audace<\/a>\n    <\/p>\n<p>Le fonctionnement reste encadr\u00e9\u00a0: contrat, \u00e9tat des lieux, assurance. \u00ab\u00a0Comme une location de voiture, mais en beaucoup plus l\u00e9ger\u00a0\u00bb, sourit Eric Rumeau. Une cartographie interactive permettra bient\u00f4t de visualiser les \u0153uvres disponibles autour de soi. Avec une soir\u00e9e de lancement le 2\u00a0d\u00e9cembre, encore difficile d\u2019\u00e9valuer l\u2019impact du projet mais l\u2019\u00e9quipe se dit confiante. Les artistes, eux, y voient une mani\u00e8re de toucher de nouveaux publics et de d\u00e9sacraliser l\u2019art.<\/p>\n<p data-is-last-node=\"\" data-is-only-node=\"\">\u00ab\u00a0On veut cr\u00e9er un lien humain autour de l\u2019art\u00a0\u00bb, conclut l\u2019artiste plasticien. \u00c0 Toulouse, l\u2019artoth\u00e8que d\u2019ArtLinker esp\u00e8re devenir ce point de rencontre o\u00f9 chacun pourra repartir d\u2019un atelier avec un fragment de cr\u00e9ation contemporaine.<\/p>\n<p>www.theartlinker.com<\/p>\n<p>                                                                                                                                                                                                        <script async src=\"\/\/www.instagram.com\/embed.js\"><\/script><\/p>\n","protected":false},"excerpt":{"rendered":"l&rsquo;essentiel \u00c0 Toulouse, l\u2019association ArtLinker, port\u00e9e par une quinzaine d\u2019artistes, lance une artoth\u00e8que nouvelle g\u00e9n\u00e9ration\u00a0: des \u0153uvres \u00e0&hellip;\n","protected":false},"author":2,"featured_media":639315,"comment_status":"","ping_status":"","sticky":false,"template":"","format":"standard","meta":{"footnotes":""},"categories":[1358],"tags":[1348,1384,1385,872,1386,58,59,1011,27,2722,2312],"class_list":{"0":"post-639314","1":"post","2":"type-post","3":"status-publish","4":"format-standard","5":"has-post-thumbnail","7":"category-arts-et-design","8":"tag-arts","9":"tag-arts-and-design","10":"tag-arts-et-design","11":"tag-culture-et-loisirs","12":"tag-design","13":"tag-divertissement","14":"tag-entertainment","15":"tag-fr","16":"tag-france","17":"tag-haute-garonne","18":"tag-toulouse"},"share_on_mastodon":{"url":"https:\/\/pubeurope.com\/@fr\/115833887969393123","error":""},"_links":{"self":[{"href":"https:\/\/www.europesays.com\/fr\/wp-json\/wp\/v2\/posts\/639314","targetHints":{"allow":["GET"]}}],"collection":[{"href":"https:\/\/www.europesays.com\/fr\/wp-json\/wp\/v2\/posts"}],"about":[{"href":"https:\/\/www.europesays.com\/fr\/wp-json\/wp\/v2\/types\/post"}],"author":[{"embeddable":true,"href":"https:\/\/www.europesays.com\/fr\/wp-json\/wp\/v2\/users\/2"}],"replies":[{"embeddable":true,"href":"https:\/\/www.europesays.com\/fr\/wp-json\/wp\/v2\/comments?post=639314"}],"version-history":[{"count":0,"href":"https:\/\/www.europesays.com\/fr\/wp-json\/wp\/v2\/posts\/639314\/revisions"}],"wp:featuredmedia":[{"embeddable":true,"href":"https:\/\/www.europesays.com\/fr\/wp-json\/wp\/v2\/media\/639315"}],"wp:attachment":[{"href":"https:\/\/www.europesays.com\/fr\/wp-json\/wp\/v2\/media?parent=639314"}],"wp:term":[{"taxonomy":"category","embeddable":true,"href":"https:\/\/www.europesays.com\/fr\/wp-json\/wp\/v2\/categories?post=639314"},{"taxonomy":"post_tag","embeddable":true,"href":"https:\/\/www.europesays.com\/fr\/wp-json\/wp\/v2\/tags?post=639314"}],"curies":[{"name":"wp","href":"https:\/\/api.w.org\/{rel}","templated":true}]}}