{"id":639316,"date":"2026-01-04T00:01:11","date_gmt":"2026-01-04T00:01:11","guid":{"rendered":"https:\/\/www.europesays.com\/fr\/639316\/"},"modified":"2026-01-04T00:01:11","modified_gmt":"2026-01-04T00:01:11","slug":"anouk-et-theo-p-partagent-un-joli-moment-de-compl","status":"publish","type":"post","link":"https:\/\/www.europesays.com\/fr\/639316\/","title":{"rendered":"Anouk et Th\u00e9o P. partagent un joli moment de compl &#8230;"},"content":{"rendered":"<p>EN BREF<\/p>\n<ul class=\"bloc_resume_post_list\">\n<li>Samedi 18 octobre 2025, Nikos Aliagas et Karima Charni<br \/>\nont lanc\u00e9 la nouvelle saison de la Star Academy sur<br \/>\nTF1.<\/li>\n<li>Les \u00e9l\u00e8ves ont pass\u00e9 des \u00e9valuations en direct, et<br \/>\nM\u00e9lissa n\u00a0\u00bba pas \u00e9t\u00e9 sauv\u00e9e par les t\u00e9l\u00e9spectateurs.<\/li>\n<li>Th\u00e9o P., Anouk et Victor sont nomm\u00e9s cette semaine, mais<br \/>\nqui quittera le ch\u00e2teau de Dammarie-les-Lys ?<\/li>\n<\/ul>\n<p>Samedi 18 octobre 2025,\u00a0Nikos Aliagas\u00a0et\u00a0Karima<br \/>\nCharni\u00a0\u00e9taient aux commandes du <a href=\"https:\/\/www.telestar.fr\/tele_realite\/star-academy-2025-qui-sont-les-dix-sept-eleves-de-la-saison-1742154\" target=\"_blank\" rel=\"noopener\"><br \/>\nlancement de la nouvelle saison de la\u00a0Star Academy<\/a>\u00a0en<br \/>\nprime time sur TF1. \u00ab\u00a0Le ch\u00e2teau de la Star Academy rouvre ses<br \/>\nportes pour accueillir la promotion 2025 !\u00a0<strong>Ils ont<br \/>\nentre 18 et 25 ans.<\/strong>\u00a0Talentueux, passionn\u00e9s,<br \/>\nd\u00e9termin\u00e9s, ils ont d\u00e9croch\u00e9 leur place au ch\u00e2teau de<br \/>\nDammarie-les-Lys\u00a0\u00bb, avait ainsi soulign\u00e9 la premi\u00e8re cha\u00eene<br \/>\ndans un communiqu\u00e9.<\/p>\n<p>\u00ab\u00a0<strong>Qui succ\u00e9dera \u00e0 Marine<\/strong>, grande gagnante de<br \/>\nla saison 2024 avec son album d\u00e9j\u00e0 disque d&rsquo;or, et remportera un<br \/>\ncontrat d&rsquo;enregistrement exclusif avec Sony Music Entertainment<br \/>\nFrance, la production d&rsquo;un premier album, ainsi que 100.000 euros<br \/>\n?<br \/>Le compte \u00e0 rebours est lanc\u00e9&#8230; et le r\u00eave ne fait que<br \/>\ncommencer !\u00a0\u00bb, avait ensuite ajout\u00e9 TF1.<\/p>\n<p>Star Academy 2025 : qui de Th\u00e9o P., Anouk ou Victor quittera le<br \/>\nch\u00e2teau de Dammarie-les-Lys lors du prochain prime ?<\/p>\n<p>\u00ab\u00a0<a href=\"https:\/\/www.telestar.fr\/tele_realite\/star-academy-michael-goldman-annonce-un-grand-changement-pour-les-evaluations-1742366\" target=\"_blank\" rel=\"noopener\">Michael<br \/>\nGoldman<\/a>\u00a0revient en tant que Directeur de la Star Academy<br \/>\npour la quatri\u00e8me ann\u00e9e. Il sera entour\u00e9 d&rsquo;une \u00e9quipe<br \/>\np\u00e9dagogique,\u00a0<strong>compos\u00e9e de cinq professeurs et deux<br \/>\nr\u00e9p\u00e9titrices.<\/strong>\u00a0Et il accueillera dans ses rangs deux<br \/>\nnouveaux professeurs reconnus dans leur domaine\u00a0\u00bb, avait<br \/>\n\u00e9galement pr\u00e9cis\u00e9 la premi\u00e8re cha\u00eene. Samedi 27 d\u00e9cembre 2025,<br \/>\nNikos Aliagas a pr\u00e9sent\u00e9 le dernier prime en date de la Star<br \/>\nAcademy.<\/p>\n<p>Ce jour-l\u00e0, les \u00e9l\u00e8ves ont pass\u00e9 des \u00e9valuations en direct. Au<br \/>\nfinal, M\u00e9lissa, Th\u00e9o P. et Sarah ont \u00e9t\u00e9 nomm\u00e9s. \u00c0 la fin du prime,<br \/>\nc&rsquo;est malheureusement <strong>M\u00e9lissa qui n&rsquo;a pas \u00e9t\u00e9 sauv\u00e9e par<br \/>\nles t\u00e9l\u00e9spectateurs de TF1<\/strong>. De leur c\u00f4t\u00e9, les candidats<br \/>\nencore en lice ont pass\u00e9 de nouvelles \u00e9valuations quelques jours<br \/>\nplus tard au sein du <a href=\"https:\/\/www.closermag.fr\/tv_tele_realite\/star-academy-polemique-sur-la-vente-aux-encheres-du-chateau-de-dammarie-les-lys-decouvrez-le-montant-de-sa-mise-a-prix-3279131\" target=\"_blank\" rel=\"noopener\"><br \/>\nch\u00e2teau de Dammarie-les-Lys<\/a>. \u00c0 l&rsquo;issue de celles-ci, Micha\u00ebl<br \/>\nGoldman a annonc\u00e9 que Th\u00e9o P. Victor et Anouk \u00e9taient tous les<br \/>\ntrois nomm\u00e9s cette semaine.<\/p>\n<p>Th\u00e9o P. : \u00ab\u00a0Jusqu&rsquo;\u00e0 ma derni\u00e8re note<br \/>\nici, je serai la meilleure version de moi-m\u00eame\u00a0\u00bb<\/p>\n<p>\u00ab\u00a0Je ne l\u00e2cherai rien jusqu&rsquo;au bout. Et jusqu&rsquo;\u00e0 ma derni\u00e8re<br \/>\nnote ici. Je serai la meilleure version de moi-m\u00eame. J&rsquo;essaierai<br \/>\nd&rsquo;\u00eatre le meilleur artiste possible. Et <strong>j&rsquo;essaierai de ne<br \/>\npas d\u00e9cevoir tous ceux qui ont cru en moi<\/strong>. Mais aussi de<br \/>\nme battre pour tous ceux qui sont partis avant moi. Tous mes potes.<br \/>\nPuis pour passer encore un petit peu de temps avec mes joyeux<br \/>\ncomp\u00e8res qui \u00e9gayent mes jours ici\u00a0\u00bb, a notamment d\u00e9clar\u00e9 Th\u00e9o<br \/>\nP. dans la quotidienne diffus\u00e9e le vendredi 2 janvier 2026 sur<br \/>\nTF1.<\/p>\n<p>Par la suite, le jeune musicien en herbe a partag\u00e9 un tendre<br \/>\nmoment de complicit\u00e9 avec sa camarade Anouk. Les deux nomm\u00e9s ont<br \/>\nainsi improvis\u00e9e une petite chanson en duo. \u00ab\u00a0On est nomm\u00e9s.<br \/>\nSamedi tout peut arriver. Et peut-\u00eatre&#8230; J&rsquo;ai pas de rime.<br \/>\nPeut-\u00eatre que tous les deux on pourra rentrer. On va subsister et<br \/>\nforcer. <strong>Forcer le destin.<\/strong> La crois\u00e9e des chemins.<br \/>\nPour que ce ne soit jamais la fin. (&#8230;) J&rsquo;esp\u00e8re rentrer. Pour<br \/>\ncontinuer \u00e0 kiffer\u00a0\u00bb, se sont-ils notamment amus\u00e9 \u00e0<br \/>\nchanter.<\/p>\n","protected":false},"excerpt":{"rendered":"EN BREF Samedi 18 octobre 2025, Nikos Aliagas et Karima Charni ont lanc\u00e9 la nouvelle saison de la&hellip;\n","protected":false},"author":2,"featured_media":639317,"comment_status":"","ping_status":"","sticky":false,"template":"","format":"standard","meta":{"footnotes":""},"categories":[1356],"tags":[548,58,59,1011,27,252,199,1364],"class_list":{"0":"post-639316","1":"post","2":"type-post","3":"status-publish","4":"format-standard","5":"has-post-thumbnail","7":"category-television","8":"tag-article-simple","9":"tag-divertissement","10":"tag-entertainment","11":"tag-fr","12":"tag-france","13":"tag-television","14":"tag-tf1","15":"tag-tv"},"share_on_mastodon":{"url":"https:\/\/pubeurope.com\/@fr\/115833895981980330","error":""},"_links":{"self":[{"href":"https:\/\/www.europesays.com\/fr\/wp-json\/wp\/v2\/posts\/639316","targetHints":{"allow":["GET"]}}],"collection":[{"href":"https:\/\/www.europesays.com\/fr\/wp-json\/wp\/v2\/posts"}],"about":[{"href":"https:\/\/www.europesays.com\/fr\/wp-json\/wp\/v2\/types\/post"}],"author":[{"embeddable":true,"href":"https:\/\/www.europesays.com\/fr\/wp-json\/wp\/v2\/users\/2"}],"replies":[{"embeddable":true,"href":"https:\/\/www.europesays.com\/fr\/wp-json\/wp\/v2\/comments?post=639316"}],"version-history":[{"count":0,"href":"https:\/\/www.europesays.com\/fr\/wp-json\/wp\/v2\/posts\/639316\/revisions"}],"wp:featuredmedia":[{"embeddable":true,"href":"https:\/\/www.europesays.com\/fr\/wp-json\/wp\/v2\/media\/639317"}],"wp:attachment":[{"href":"https:\/\/www.europesays.com\/fr\/wp-json\/wp\/v2\/media?parent=639316"}],"wp:term":[{"taxonomy":"category","embeddable":true,"href":"https:\/\/www.europesays.com\/fr\/wp-json\/wp\/v2\/categories?post=639316"},{"taxonomy":"post_tag","embeddable":true,"href":"https:\/\/www.europesays.com\/fr\/wp-json\/wp\/v2\/tags?post=639316"}],"curies":[{"name":"wp","href":"https:\/\/api.w.org\/{rel}","templated":true}]}}