{"id":639320,"date":"2026-01-04T00:03:17","date_gmt":"2026-01-04T00:03:17","guid":{"rendered":"https:\/\/www.europesays.com\/fr\/639320\/"},"modified":"2026-01-04T00:03:17","modified_gmt":"2026-01-04T00:03:17","slug":"cinema-lagent-secret-un-film-dauteur-dune-originalite-et-dune-maitrise-parfaites","status":"publish","type":"post","link":"https:\/\/www.europesays.com\/fr\/639320\/","title":{"rendered":"Cin\u00e9ma. \u00ab\u00a0L&rsquo;Agent secret\u00a0\u00bb, un film d&rsquo;auteur d&rsquo;une originalit\u00e9 et d&rsquo;une ma\u00eetrise parfaites"},"content":{"rendered":"<p>                    Par<br \/>\n        <strong><br \/>\n            <a href=\"https:\/\/actu.fr\/auteur\/redaction-toulouse\" title=\"Consulter tous les articles de R\u00e9daction de Toulouse\" target=\"_blank\" rel=\"noopener\">R\u00e9daction de Toulouse<\/a><br \/>\n                    <\/strong><\/p>\n<p>        Publi\u00e9 le<\/p>\n<p>            3 janv. 2026 \u00e0 18h24        <\/p>\n<p>L\u2019agent secret nous transporte dans le <strong>Br\u00e9sil<\/strong> sous la dictature militaire d\u2019Ernesto Geisel, dans les ann\u00e9es 70 du si\u00e8cle dernier. Le sc\u00e9nario nous met dans les pas de Marcelo, quadra \u00e9nigmatique fuyant un pass\u00e9 que l\u2019on devine myst\u00e9rieux et se rendant \u00e0 Recife pour retrouver son jeune fils, en pleine p\u00e9riode du carnaval.<\/p>\n<p>Poursuivi par des tueurs \u00e0 gages<\/p>\n<p class=\" wall-content\">D\u00e8s la s\u00e9quence d\u2019ouverture, nous le rencontrons dans une station essence perdue au milieu de nulle part, il fait le plein alors qu\u2019un cadavre recouvert de cartons \u00e0 proximit\u00e9 des pompes est en train de pourrir. Autant dans sa simplicit\u00e9, son \u00e9tranget\u00e9, ses couleurs, son rythme, sa lumi\u00e8re, le ton est donn\u00e9, nous sommes dans<strong> un cin\u00e9ma d\u2019auteur d\u2019une originalit\u00e9 et d\u2019une ma\u00eetrise parfaites<\/strong>.<\/p>\n<p class=\" wall-content\">La suite nous apprend que Marcelo est poursuivi par des tueurs \u00e0 gages. Leur traque est l\u2019occasion pour le r\u00e9alisateur de nous montrer<strong> un Br\u00e9sil d\u2019une dangerosit\u00e9 extr\u00eame<\/strong>, d\u2019autant que les services de l\u2019Etat, police incluse, semblent s\u2019adonner sans scrupule \u00e0 des pratiques corruptives hallucinantes et accept\u00e9es avec le plus grand naturel\u2026<\/p>\n<p>L\u00e9gende du folklore br\u00e9silien\u00a0<\/p>\n<p class=\" wall-content\">Le r\u00e9alisateur met en sc\u00e8ne \u00e9galement une l\u00e9gende du folklore br\u00e9silien, celle de <strong>la jambe poilue<\/strong> dont je vous laisse le plaisir de d\u00e9couvrir les actions punitives et nocturnes dans les parcs de Recife\u2026 <strong>Kleber Mendon\u00e7a Filho<\/strong> passe dans un scanner ravageur les structures de son pays natal : politiques, sociales, culturelles, administratives. Le bilan semble sans appel\u2026 Et pourtant la f\u00eate bat son plein, on danse, on boit, on chante.<\/p>\n<p>Prix d\u2019interpr\u00e9tation masculine \u00e0 Cannes\u00a0<\/p>\n<p class=\" wall-content\">L\u2019\u00e2me ind\u00e9fectible de tout un peuple qui ne l\u00e2che rien. Tourn\u00e9 lors de l\u2019\u00e9t\u00e9 2024 entre Brasilia, Sao Paulo et Recife, ce film se paie le luxe de croiser des espaces-temps (tout une partie du film se passe de nos jours alors qu\u2019une jeune femme \u00e9coute des bandes-son de l\u2019\u00e9poque). Qui \u00e9tait Marcelo : un espion, un manipulateur ? A l\u2019\u00e9cran, Wagner Moura en fait un personnage aussi ambigu que fascinant.<\/p>\n<p>Vid\u00e9os : en ce moment sur Actu<\/p>\n<p class=\" wall-content\">Ce r\u00f4le lui a valu le <strong>Prix d\u2019interpr\u00e9tation masculine Cannes 2025<\/strong> tout comme le Prix de la mise en sc\u00e8ne est revenu \u00e0 Kleber Mendon\u00e7a Filho pour ce film d\u00e9cid\u00e9ment d\u2019une perfection formelle rarissime.<\/p>\n<p class=\" wall-content\"><strong>La bande-annonce :<\/strong><\/p>\n<p class=\" wall-content\">\n<p class=\" wall-content\"><strong>Robert P\u00e9navayre<\/strong><\/p>\n<p class=\" wall-content\">Personnalisez votre actualit\u00e9 en ajoutant vos villes et m\u00e9dias en favori avec <a href=\"https:\/\/moncompte.actu.fr\" title=\"D\u00e9couvez Mon Actu\" rel=\"nofollow noopener\" data-trk=\"{&quot;cta&quot;:{&quot;action&quot;:&quot;https:\\\/\\\/moncompte.actu.fr&quot;,&quot;category&quot;:&quot;mon compte&quot;,&quot;from&quot;:&quot;article footer&quot;,&quot;name&quot;:&quot;Mon actu&quot;,&quot;type&quot;:&quot;cta&quot;}}\" target=\"_blank\">Mon Actu<\/a>.<\/p>\n","protected":false},"excerpt":{"rendered":"Par R\u00e9daction de Toulouse Publi\u00e9 le 3 janv. 2026 \u00e0 18h24 L\u2019agent secret nous transporte dans le Br\u00e9sil&hellip;\n","protected":false},"author":2,"featured_media":639321,"comment_status":"","ping_status":"","sticky":false,"template":"","format":"standard","meta":{"footnotes":""},"categories":[1354],"tags":[650,58,59,1346,1011,27,1652,1360],"class_list":{"0":"post-639320","1":"post","2":"type-post","3":"status-publish","4":"format-standard","5":"has-post-thumbnail","7":"category-films","8":"tag-cinema","9":"tag-divertissement","10":"tag-entertainment","11":"tag-films","12":"tag-fr","13":"tag-france","14":"tag-loisirs-culture","15":"tag-movies"},"share_on_mastodon":{"url":"https:\/\/pubeurope.com\/@fr\/115833903730329393","error":""},"_links":{"self":[{"href":"https:\/\/www.europesays.com\/fr\/wp-json\/wp\/v2\/posts\/639320","targetHints":{"allow":["GET"]}}],"collection":[{"href":"https:\/\/www.europesays.com\/fr\/wp-json\/wp\/v2\/posts"}],"about":[{"href":"https:\/\/www.europesays.com\/fr\/wp-json\/wp\/v2\/types\/post"}],"author":[{"embeddable":true,"href":"https:\/\/www.europesays.com\/fr\/wp-json\/wp\/v2\/users\/2"}],"replies":[{"embeddable":true,"href":"https:\/\/www.europesays.com\/fr\/wp-json\/wp\/v2\/comments?post=639320"}],"version-history":[{"count":0,"href":"https:\/\/www.europesays.com\/fr\/wp-json\/wp\/v2\/posts\/639320\/revisions"}],"wp:featuredmedia":[{"embeddable":true,"href":"https:\/\/www.europesays.com\/fr\/wp-json\/wp\/v2\/media\/639321"}],"wp:attachment":[{"href":"https:\/\/www.europesays.com\/fr\/wp-json\/wp\/v2\/media?parent=639320"}],"wp:term":[{"taxonomy":"category","embeddable":true,"href":"https:\/\/www.europesays.com\/fr\/wp-json\/wp\/v2\/categories?post=639320"},{"taxonomy":"post_tag","embeddable":true,"href":"https:\/\/www.europesays.com\/fr\/wp-json\/wp\/v2\/tags?post=639320"}],"curies":[{"name":"wp","href":"https:\/\/api.w.org\/{rel}","templated":true}]}}