{"id":639322,"date":"2026-01-04T00:04:09","date_gmt":"2026-01-04T00:04:09","guid":{"rendered":"https:\/\/www.europesays.com\/fr\/639322\/"},"modified":"2026-01-04T00:04:09","modified_gmt":"2026-01-04T00:04:09","slug":"conseils-pratiques-et-pieges-a-eviter","status":"publish","type":"post","link":"https:\/\/www.europesays.com\/fr\/639322\/","title":{"rendered":"conseils pratiques et pi\u00e8ges \u00e0 \u00e9viter"},"content":{"rendered":"<p class=\"chapo\">\u00c0 l\u2019approche de l\u2019hiver, renforcer ses apports en vitamines devient essentiel pour pr\u00e9server son \u00e9nergie et sa sant\u00e9. D\u00e9couvrez les comportements \u00e0 privil\u00e9gier et les faux pas courants qui peuvent compromettre vos r\u00e9serves vitaminiques durant la saison froide.<\/p>\n<p>Tl;dr<\/p>\n<ul>\n<li>Misez sur les aliments de saison pour l\u2019hiver.<\/li>\n<li>Pr\u00e9servez les vitamines en cuisinant avec soin.<\/li>\n<li>Variez les repas pour soutenir l\u2019immunit\u00e9.<\/li>\n<\/ul>\n<p>Le froid, la fatigue\u2026 et l\u2019assiette\u00a0: la cl\u00e9 pour renforcer l\u2019immunit\u00e9<\/p>\n<p>Au fil des premiers frimas, chacun ressort ses pulls et commence \u00e0 ressentir un petit coup de mou. Mais avant de se pr\u00e9cipiter sur les <strong>compl\u00e9ments alimentaires<\/strong>, un d\u00e9tour par notre alimentation s\u2019impose.<\/p>\n<p>La bonne nouvelle ? Il est souvent bien plus simple qu\u2019on ne le croit de faire le plein de <strong>vitamines<\/strong>, \u00e0 condition d\u2019adopter quelques r\u00e9flexes adapt\u00e9s \u00e0 la saison.<\/p>\n<p>Des produits hivernaux au menu\u00a0: la saison avant tout<\/p>\n<p>L\u2019un des \u00e9cueils fr\u00e9quents consiste \u00e0 privil\u00e9gier, par facilit\u00e9 ou habitude, des aliments insipides ou hors-saison. Or, c\u2019est justement en hiver que le corps r\u00e9clame des apports sp\u00e9cifiques pour faire face au froid.. Il vaut mieux se tourner vers :<\/p>\n<ul>\n<li><strong>L\u00e9gumes racines, choux et cucurbitac\u00e9es<\/strong>\u00a0: betteraves, carottes, potimarron ou brocoli regorgent de nutriments essentiels.<\/li>\n<li><strong>Agrumes, kiwis, fruits exotiques et fruits secs<\/strong>\u00a0: v\u00e9ritables alli\u00e9s pour faire le plein de fibres et d\u2019antioxydants.<\/li>\n<\/ul>\n<p>Cette diversit\u00e9 permet non seulement d\u2019apporter vitalit\u00e9 et r\u00e9confort mais aussi d\u2019\u00e9viter la monotonie dans l\u2019assiette.<\/p>\n<p>Savoir cuisiner pour pr\u00e9server les vitamines<\/p>\n<p>C\u00f4t\u00e9 pr\u00e9paration, il existe quelques subtilit\u00e9s qui font la diff\u00e9rence. On oublie parfois que certaines vitamines, <a href=\"https:\/\/www.24matins.fr\/kiwi-vert-ou-jaune-decouvrez-lequel-regorge-le-plus-de-vitamines-1394260\" target=\"_blank\" rel=\"noopener\">comme la pr\u00e9cieuse <strong>vitamine C<\/strong><\/a>, sont particuli\u00e8rement fragiles.<\/p>\n<p>Ainsi, un jus d\u2019orange press\u00e9 perd rapidement ses b\u00e9n\u00e9fices : Le jus d\u2019oranges press\u00e9es doit \u00eatre bu dans les 30 minutes qui suivent la pr\u00e9paration, sous peine de ne plus contenir de vitamine C. Par ailleurs, inutile de viser une perfection inaccessible : l\u00e9gumes surgel\u00e9s ou en conserve repr\u00e9sentent une alternative valable quand le temps manque \u2013 l\u2019essentiel \u00e9tant la r\u00e9gularit\u00e9 et la vari\u00e9t\u00e9 aux repas.<\/p>\n<p>L\u2019immunit\u00e9 se construit aussi ailleurs\u2026 et toute l\u2019ann\u00e9e<\/p>\n<p>Enfin, croire que seules les vitamines comptent serait r\u00e9ducteur. Un syst\u00e8me immunitaire solide puise dans d\u2019autres ressources : fer, magn\u00e9sium, zinc mais aussi om\u00e9ga-3 ou vitamine D (pr\u00e9sents notamment dans poissons, \u0153ufs ou produits laitiers). Impossible \u00e9galement d\u2019oublier le r\u00f4le central du microbiote intestinal avec\u00a0une bonne alimentation avec des yaourts, des fruits et des l\u00e9gumes pour maintenir une flore intestinale harmonieuse\u2026\u00a0 Pratiquer une activit\u00e9 physique r\u00e9guli\u00e8re reste enfin essentiel \u2013 m\u00eame mod\u00e9r\u00e9e \u2013, car elle stimule directement nos d\u00e9fenses naturelles.<\/p>\n<p>En somme, pas besoin d\u2019artifices compliqu\u00e9s\u00a0: une alimentation vari\u00e9e et adapt\u00e9e \u00e0 l\u2019hiver demeure votre meilleur alli\u00e9 pour traverser sereinement la saison froide.<\/p>\n","protected":false},"excerpt":{"rendered":"\u00c0 l\u2019approche de l\u2019hiver, renforcer ses apports en vitamines devient essentiel pour pr\u00e9server son \u00e9nergie et sa sant\u00e9.&hellip;\n","protected":false},"author":2,"featured_media":639323,"comment_status":"","ping_status":"","sticky":false,"template":"","format":"standard","meta":{"footnotes":""},"categories":[10],"tags":[1011,27,72,71],"class_list":{"0":"post-639322","1":"post","2":"type-post","3":"status-publish","4":"format-standard","5":"has-post-thumbnail","7":"category-sante","8":"tag-fr","9":"tag-france","10":"tag-health","11":"tag-sante"},"share_on_mastodon":{"url":"https:\/\/pubeurope.com\/@fr\/115833907688789777","error":""},"_links":{"self":[{"href":"https:\/\/www.europesays.com\/fr\/wp-json\/wp\/v2\/posts\/639322","targetHints":{"allow":["GET"]}}],"collection":[{"href":"https:\/\/www.europesays.com\/fr\/wp-json\/wp\/v2\/posts"}],"about":[{"href":"https:\/\/www.europesays.com\/fr\/wp-json\/wp\/v2\/types\/post"}],"author":[{"embeddable":true,"href":"https:\/\/www.europesays.com\/fr\/wp-json\/wp\/v2\/users\/2"}],"replies":[{"embeddable":true,"href":"https:\/\/www.europesays.com\/fr\/wp-json\/wp\/v2\/comments?post=639322"}],"version-history":[{"count":0,"href":"https:\/\/www.europesays.com\/fr\/wp-json\/wp\/v2\/posts\/639322\/revisions"}],"wp:featuredmedia":[{"embeddable":true,"href":"https:\/\/www.europesays.com\/fr\/wp-json\/wp\/v2\/media\/639323"}],"wp:attachment":[{"href":"https:\/\/www.europesays.com\/fr\/wp-json\/wp\/v2\/media?parent=639322"}],"wp:term":[{"taxonomy":"category","embeddable":true,"href":"https:\/\/www.europesays.com\/fr\/wp-json\/wp\/v2\/categories?post=639322"},{"taxonomy":"post_tag","embeddable":true,"href":"https:\/\/www.europesays.com\/fr\/wp-json\/wp\/v2\/tags?post=639322"}],"curies":[{"name":"wp","href":"https:\/\/api.w.org\/{rel}","templated":true}]}}