{"id":639332,"date":"2026-01-04T00:09:14","date_gmt":"2026-01-04T00:09:14","guid":{"rendered":"https:\/\/www.europesays.com\/fr\/639332\/"},"modified":"2026-01-04T00:09:14","modified_gmt":"2026-01-04T00:09:14","slug":"kyrylo-boudanov-un-maitre-espion-pour-epauler-le-president-zelensky","status":"publish","type":"post","link":"https:\/\/www.europesays.com\/fr\/639332\/","title":{"rendered":"Kyrylo Boudanov, un ma\u00eetre espion pour \u00e9pauler le pr\u00e9sident Zelensky"},"content":{"rendered":"<p>                     <img loading=\"lazy\" decoding=\"async\" src=\"https:\/\/www.europesays.com\/fr\/wp-content\/uploads\/2026\/01\/f207785_upload-1-rkymiewnvq5z-raf-ukr-gov-003.JPG\" alt=\"Le g\u00e9n\u00e9ral Kyrylo Boudanov, alors chef du renseignement militaire ukrainien, \u00e0 Kiev, le 23 f\u00e9vrier 2025.\"   width=\"664\" height=\"443\"\/>    Le g\u00e9n\u00e9ral Kyrylo Boudanov, alors chef du renseignement militaire ukrainien, \u00e0 Kiev, le 23 f\u00e9vrier 2025.  RAFAEL YAGHOBZADEH POUR \u00ab\u00a0LE MONDE\u00a0\u00bb                 <\/p>\n<p class=\"article__paragraph  \">Dans la p\u00e9nombre dans laquelle Kyrylo\u00a0Boudanov aime travailler, entour\u00e9 d\u2019embl\u00e8mes militaires et de troph\u00e9es pris \u00e0 l\u2019ennemi par des unit\u00e9s des forces sp\u00e9ciales, un \u00e9cran de t\u00e9l\u00e9vision fix\u00e9 au mur, face \u00e0 son bureau, est une des rares sources de lumi\u00e8re. En f\u00e9vrier\u00a02023, recevant Le Monde, le chef du renseignement militaire ukrainien (HUR) regardait, narquois, une carte de la capitale russe. \u00ab\u00a0Leur cible \u00e9tait Kiev. Pourquoi ne regarderais-je pas la carte de Moscou\u00a0?\u00a0\u00bb, faisait-il mine de s\u2019interroger en souriant, quittant un instant le masque imp\u00e9n\u00e9trable qu\u2019il affectionne. Le ma\u00eetre espion ukrainien ne d\u00e9daigne ni la communication ni la provocation calcul\u00e9e, m\u00eame s\u2019il reste un guerrier dans l\u2019\u00e2me.<\/p>\n<p>   Lire plus tard  <\/p>\n<p class=\"article__paragraph  \">Soldat depuis 2007, sa carri\u00e8re dans les forces sp\u00e9ciales et les services de renseignement lui ont valu, depuis l\u2019\u00e9clatement du conflit dans le Donbass en\u00a02014, autant de blessures au combat que de m\u00e9dailles. Chef du HUR depuis 2020, confront\u00e9 \u00e0 l\u2019invasion russe \u00e0 grande \u00e9chelle depuis f\u00e9vrier\u00a02022, il s\u2019est notamment illustr\u00e9 en ordonnant des op\u00e9rations audacieuses en Russie, devenant l\u2019un des hommes les plus populaires du pays. Et le fait que ses hommes confient parfois qu\u2019il arrive au g\u00e9n\u00e9ral de participer lui-m\u00eame clandestinement \u00e0 des op\u00e9rations derri\u00e8re les lignes ennemies n\u2019a fait qu\u2019accro\u00eetre son aura.<\/p>\n<p class=\"reading-mode-only \"><strong>Il vous reste 82.87% de cet article \u00e0 lire. La suite est r\u00e9serv\u00e9e aux abonn\u00e9s.<\/strong><\/p>\n","protected":false},"excerpt":{"rendered":"Le g\u00e9n\u00e9ral Kyrylo Boudanov, alors chef du renseignement militaire ukrainien, \u00e0 Kiev, le 23 f\u00e9vrier 2025. RAFAEL YAGHOBZADEH&hellip;\n","protected":false},"author":2,"featured_media":639333,"comment_status":"","ping_status":"","sticky":false,"template":"","format":"standard","meta":{"footnotes":""},"categories":[5],"tags":[11,1011,27,14,12,28],"class_list":{"0":"post-639332","1":"post","2":"type-post","3":"status-publish","4":"format-standard","5":"has-post-thumbnail","7":"category-international","8":"tag-actualites","9":"tag-fr","10":"tag-france","11":"tag-international","12":"tag-news","13":"tag-world"},"share_on_mastodon":{"url":"https:\/\/pubeurope.com\/@fr\/115833927400884255","error":""},"_links":{"self":[{"href":"https:\/\/www.europesays.com\/fr\/wp-json\/wp\/v2\/posts\/639332","targetHints":{"allow":["GET"]}}],"collection":[{"href":"https:\/\/www.europesays.com\/fr\/wp-json\/wp\/v2\/posts"}],"about":[{"href":"https:\/\/www.europesays.com\/fr\/wp-json\/wp\/v2\/types\/post"}],"author":[{"embeddable":true,"href":"https:\/\/www.europesays.com\/fr\/wp-json\/wp\/v2\/users\/2"}],"replies":[{"embeddable":true,"href":"https:\/\/www.europesays.com\/fr\/wp-json\/wp\/v2\/comments?post=639332"}],"version-history":[{"count":0,"href":"https:\/\/www.europesays.com\/fr\/wp-json\/wp\/v2\/posts\/639332\/revisions"}],"wp:featuredmedia":[{"embeddable":true,"href":"https:\/\/www.europesays.com\/fr\/wp-json\/wp\/v2\/media\/639333"}],"wp:attachment":[{"href":"https:\/\/www.europesays.com\/fr\/wp-json\/wp\/v2\/media?parent=639332"}],"wp:term":[{"taxonomy":"category","embeddable":true,"href":"https:\/\/www.europesays.com\/fr\/wp-json\/wp\/v2\/categories?post=639332"},{"taxonomy":"post_tag","embeddable":true,"href":"https:\/\/www.europesays.com\/fr\/wp-json\/wp\/v2\/tags?post=639332"}],"curies":[{"name":"wp","href":"https:\/\/api.w.org\/{rel}","templated":true}]}}