{"id":639340,"date":"2026-01-04T00:13:14","date_gmt":"2026-01-04T00:13:14","guid":{"rendered":"https:\/\/www.europesays.com\/fr\/639340\/"},"modified":"2026-01-04T00:13:14","modified_gmt":"2026-01-04T00:13:14","slug":"les-reactions-de-videira-et-horneland","status":"publish","type":"post","link":"https:\/\/www.europesays.com\/fr\/639340\/","title":{"rendered":"Les r\u00e9actions de Videira et Horneland !"},"content":{"rendered":"<p><strong>\u00c0 l\u2019issue d\u2019une rencontre disput\u00e9e entre le Mans et l\u2019AS Saint-\u00c9tienne, les entra\u00eeneurs Eirik Horneland et Patrick Videira se sont exprim\u00e9s devant les cam\u00e9ras de <a href=\"https:\/\/www.beinsports.com\/fr-fr\" target=\"_blank\" rel=\"noopener\">beIN Sports<\/a>. Le Norv\u00e9gien a livr\u00e9 son analyse <a href=\"https:\/\/peuple-vert.fr\/asse-actualite\/%f0%9f%9a%a8-lasse-cale-pour-commencer-2026\/\" target=\"_blank\" rel=\"noopener\">suite au match nul des Verts (0-0)<\/a>. En face, le technicien manceau a \u00e9galement comment\u00e9 la prestation de ses hommes. Retour sur les principales d\u00e9clarations des deux entra\u00eeneurs apr\u00e8s cette journ\u00e9e de Ligue 2.<\/strong><\/p>\n<p data-start=\"521\" data-end=\"545\"><strong>Patrick Videira (Le Mans) : <\/strong>\u00ab\u00a0Je suis fier du comportement que nous avons montr\u00e9 aujourd\u2019hui, des valeurs que l\u2019\u00e9quipe a su afficher. En revanche, je pense que nous sommes capables de faire beaucoup mieux, notamment en premi\u00e8re p\u00e9riode. Nous n\u2019\u00e9tions pas assez disponibles, nous avons manqu\u00e9 de temps de possession et de tranchant. Il nous a manqu\u00e9 trop de choses dans ce premier acte.<\/p>\n<p data-start=\"531\" data-end=\"727\">En seconde p\u00e9riode, m\u00eame si notre entame a \u00e9t\u00e9 un peu poussive, je pense que nous avons r\u00e9\u00e9quilibr\u00e9 les d\u00e9bats. Nous avons eu des situations et, \u00e0 ce moment-l\u00e0 du match, nous aurions pu marquer.<\/p>\n<p data-start=\"729\" data-end=\"1212\">Saint-\u00c9tienne est une \u00e9quipe qui a \u00e9norm\u00e9ment de qualit\u00e9s. C\u2019est celle qui a le plus de possession en Ligue 2. Elle affiche beaucoup de ma\u00eetrise et dispose de joueurs dot\u00e9s d\u2019une vraie qualit\u00e9 technique. Nous le savions, il fallait compenser cela par beaucoup de courses. Nous \u00e9tions pr\u00e9venus. Malgr\u00e9 tout, j\u2019estime que nous aurions pu avoir davantage le ballon. En deuxi\u00e8me mi-temps, notamment, nous avons eu des situations o\u00f9 nous aurions pu \u00eatre plus tranchants dans la surface.\u00a0\u00bb<\/p>\n<p>Patrick Videira (Le Mans) : \u00ab\u00a0Nous n\u2019avons pas envie de nous cacher\u00a0\u00bb<\/p>\n<p data-start=\"1214\" data-end=\"1526\">\u00ab\u00a0Cela reste malgr\u00e9 tout un bon match nul, qui nous permet de continuer \u00e0 avancer. Nous n\u2019avons pas envie de nous cacher. Ce n\u2019est pas une question de frilosit\u00e9, mais d\u2019humilit\u00e9. C\u2019est un groupe jeune, qui d\u00e9couvre encore le niveau. Notre marge de man\u0153uvre est r\u00e9duite, et nous devons fournir beaucoup d\u2019efforts.<\/p>\n<p data-start=\"1528\" data-end=\"1910\">Nous sommes des comp\u00e9titeurs. Nous avons envie de gagner tous les matchs, et je ne m\u2019en cache pas. Aujourd\u2019hui, nous affrontions un tr\u00e8s grand club, un club mythique, et nous avions l\u2019ambition de le battre. Cela n\u2019a pas \u00e9t\u00e9 le cas. Je leur avais dit que si nous devions perdre, il fallait que ce soit face \u00e0 une \u00e9quipe clairement meilleure que nous. C\u2019est la r\u00e9alit\u00e9.<\/p>\n<p data-start=\"1912\" data-end=\"2126\">Une nouvelle comp\u00e9tition arrive d\u00e8s la semaine prochaine. Nous avons envie de continuer \u00e0 vivre de fortes \u00e9motions, avec un stade magnifique quand il est plein. Nous voulons le remplir encore de nombreuses fois.\u00a0\u00bb<\/p>\n<p>Horneland (ASSE) : \u00ab\u00a0Il nous manque encore un peu de lucidit\u00e9 dans le dernier geste\u00a0\u00bb<\/p>\n<p data-start=\"589\" data-end=\"627\"><strong>Eirik Horneland (ASSE) : <\/strong>\u00ab\u00a0Oui, il y a forc\u00e9ment un peu de d\u00e9ception. Mais il faut aussi donner beaucoup de cr\u00e9dit au Mans, qui a r\u00e9alis\u00e9 un tr\u00e8s bon match. Il faut \u00e9galement tenir compte de l\u2019\u00e9tat du terrain, qui a rendu le jeu difficile aujourd\u2019hui, notamment dans le jeu \u00e0 une touche. Cela ne nous a pas aid\u00e9s. Malgr\u00e9 tout, on prend ce point. Je pense que les joueurs ont eu la bonne approche et qu\u2019ils se sont battus pour Saint-\u00c9tienne.<\/p>\n<p data-start=\"581\" data-end=\"865\">C\u2019est vrai qu\u2019il nous manque encore un peu de lucidit\u00e9 dans le dernier geste. La bonne nouvelle, c\u2019est que notre attaquant se cr\u00e9e des occasions, que ce soit contre Nice ou contre Le Mans. C\u2019est positif. Il est tr\u00e8s engag\u00e9 \u00e0 l\u2019entra\u00eenement, donc je suis convaincu que cela va venir.<\/p>\n<p data-start=\"867\" data-end=\"1200\">On l\u2019a notamment vu contre Nice, lors du match de Coupe avant la pause hivernale. Cette intensit\u00e9, cet engagement, le fait d\u2019\u00eatre les premiers sur le ballon, de mieux prot\u00e9ger notre but et de progresser dans les phases d\u00e9fensives, ce sont des axes importants pour nous. Je suis persuad\u00e9 que nous allons marquer des buts rapidement.<\/p>\n<p data-start=\"1202\" data-end=\"1641\">La Ligue 2 est un championnat difficile. Il y a Reims, Le Mans, Pau et d\u2019autres \u00e9quipes tr\u00e8s proches. On se situe dans une zone o\u00f9 tout peut aller tr\u00e8s vite. Nous avons su garder notre sang-froid et avancer match apr\u00e8s match. Si nous parvenons \u00e0 encha\u00eener les victoires, la situation sera bien meilleure. En revanche, il faudra gagner plus r\u00e9guli\u00e8rement \u00e0 domicile, \u00e0 Geoffroy-Guichard. Ce point est positif, mais il faudra le bonifier.\u00a0\u00bb<\/p>\n","protected":false},"excerpt":{"rendered":"\u00c0 l\u2019issue d\u2019une rencontre disput\u00e9e entre le Mans et l\u2019AS Saint-\u00c9tienne, les entra\u00eeneurs Eirik Horneland et Patrick Videira&hellip;\n","protected":false},"author":2,"featured_media":639341,"comment_status":"","ping_status":"","sticky":false,"template":"","format":"standard","meta":{"footnotes":""},"categories":[9653],"tags":[1111,11,2430,1777,674,1011,27,12,25,4001],"class_list":{"0":"post-639340","1":"post","2":"type-post","3":"status-publish","4":"format-standard","5":"has-post-thumbnail","7":"category-saint-etienne","8":"tag-actu","9":"tag-actualites","10":"tag-auvergne-rhone-alpes","11":"tag-eu","12":"tag-europe","13":"tag-fr","14":"tag-france","15":"tag-news","16":"tag-republique-francaise","17":"tag-saint-etienne"},"share_on_mastodon":{"url":"https:\/\/pubeurope.com\/@fr\/115833943003895247","error":""},"_links":{"self":[{"href":"https:\/\/www.europesays.com\/fr\/wp-json\/wp\/v2\/posts\/639340","targetHints":{"allow":["GET"]}}],"collection":[{"href":"https:\/\/www.europesays.com\/fr\/wp-json\/wp\/v2\/posts"}],"about":[{"href":"https:\/\/www.europesays.com\/fr\/wp-json\/wp\/v2\/types\/post"}],"author":[{"embeddable":true,"href":"https:\/\/www.europesays.com\/fr\/wp-json\/wp\/v2\/users\/2"}],"replies":[{"embeddable":true,"href":"https:\/\/www.europesays.com\/fr\/wp-json\/wp\/v2\/comments?post=639340"}],"version-history":[{"count":0,"href":"https:\/\/www.europesays.com\/fr\/wp-json\/wp\/v2\/posts\/639340\/revisions"}],"wp:featuredmedia":[{"embeddable":true,"href":"https:\/\/www.europesays.com\/fr\/wp-json\/wp\/v2\/media\/639341"}],"wp:attachment":[{"href":"https:\/\/www.europesays.com\/fr\/wp-json\/wp\/v2\/media?parent=639340"}],"wp:term":[{"taxonomy":"category","embeddable":true,"href":"https:\/\/www.europesays.com\/fr\/wp-json\/wp\/v2\/categories?post=639340"},{"taxonomy":"post_tag","embeddable":true,"href":"https:\/\/www.europesays.com\/fr\/wp-json\/wp\/v2\/tags?post=639340"}],"curies":[{"name":"wp","href":"https:\/\/api.w.org\/{rel}","templated":true}]}}