{"id":639344,"date":"2026-01-04T00:16:13","date_gmt":"2026-01-04T00:16:13","guid":{"rendered":"https:\/\/www.europesays.com\/fr\/639344\/"},"modified":"2026-01-04T00:16:13","modified_gmt":"2026-01-04T00:16:13","slug":"ligue-2-pour-las-nancy-lorraine-les-bonnes-resolutions-de-2026-commencent-des-ce-samedi-a-amiens","status":"publish","type":"post","link":"https:\/\/www.europesays.com\/fr\/639344\/","title":{"rendered":"Ligue 2. Pour l\u2019AS Nancy Lorraine, les bonnes r\u00e9solutions de 2026 commencent d\u00e8s ce samedi \u00e0 Amiens"},"content":{"rendered":"<p>Amiens &#8211; Nancy<\/p>\n<p>Ce samedi, 20h<\/p>\n<p>En pleine pr\u00e9paration de ce premier match de l\u2019ann\u00e9e 2026, ce samedi \u00e0 Amiens, les footballeurs nanc\u00e9iens ont r\u00e9veillonn\u00e9 sagement, mercredi soir, avant de se retrouver le jeudi apr\u00e8s-midi, 1er\u00a0janvier, pour l\u2019entra\u00eenement. Une s\u00e9ance \u00e9tait \u00e9galement au programme, ce vendredi matin, avant le d\u00e9part en bus vers la Picardie&#8230;.<\/p>\n","protected":false},"excerpt":{"rendered":"Amiens &#8211; Nancy Ce samedi, 20h En pleine pr\u00e9paration de ce premier match de l\u2019ann\u00e9e 2026, ce samedi&hellip;\n","protected":false},"author":2,"featured_media":639345,"comment_status":"","ping_status":"","sticky":false,"template":"","format":"standard","meta":{"footnotes":""},"categories":[9635],"tags":[1111,11,3703,1707,1704,1706,1705,1777,674,1701,63,1011,27,775,1702,1703,12,25,517,1700],"class_list":{"0":"post-639344","1":"post","2":"type-post","3":"status-publish","4":"format-standard","5":"has-post-thumbnail","7":"category-nancy","8":"tag-actu","9":"tag-actualites","10":"tag-asnl","11":"tag-edition-luneville","12":"tag-edition-nancy-et-agglomeration","13":"tag-edition-pont-a-mousson","14":"tag-edition-toul","15":"tag-eu","16":"tag-europe","17":"tag-fil-info-sport","18":"tag-football","19":"tag-fr","20":"tag-france","21":"tag-grand-est","22":"tag-nancy","23":"tag-nancy-ville-54b","24":"tag-news","25":"tag-republique-francaise","26":"tag-sport","27":"tag-sport-lorrain"},"share_on_mastodon":{"url":"https:\/\/pubeurope.com\/@fr\/115833954837554204","error":""},"_links":{"self":[{"href":"https:\/\/www.europesays.com\/fr\/wp-json\/wp\/v2\/posts\/639344","targetHints":{"allow":["GET"]}}],"collection":[{"href":"https:\/\/www.europesays.com\/fr\/wp-json\/wp\/v2\/posts"}],"about":[{"href":"https:\/\/www.europesays.com\/fr\/wp-json\/wp\/v2\/types\/post"}],"author":[{"embeddable":true,"href":"https:\/\/www.europesays.com\/fr\/wp-json\/wp\/v2\/users\/2"}],"replies":[{"embeddable":true,"href":"https:\/\/www.europesays.com\/fr\/wp-json\/wp\/v2\/comments?post=639344"}],"version-history":[{"count":0,"href":"https:\/\/www.europesays.com\/fr\/wp-json\/wp\/v2\/posts\/639344\/revisions"}],"wp:featuredmedia":[{"embeddable":true,"href":"https:\/\/www.europesays.com\/fr\/wp-json\/wp\/v2\/media\/639345"}],"wp:attachment":[{"href":"https:\/\/www.europesays.com\/fr\/wp-json\/wp\/v2\/media?parent=639344"}],"wp:term":[{"taxonomy":"category","embeddable":true,"href":"https:\/\/www.europesays.com\/fr\/wp-json\/wp\/v2\/categories?post=639344"},{"taxonomy":"post_tag","embeddable":true,"href":"https:\/\/www.europesays.com\/fr\/wp-json\/wp\/v2\/tags?post=639344"}],"curies":[{"name":"wp","href":"https:\/\/api.w.org\/{rel}","templated":true}]}}