{"id":639346,"date":"2026-01-04T00:18:18","date_gmt":"2026-01-04T00:18:18","guid":{"rendered":"https:\/\/www.europesays.com\/fr\/639346\/"},"modified":"2026-01-04T00:18:18","modified_gmt":"2026-01-04T00:18:18","slug":"10-joueurs-du-centre-de-formation-dans-la-composition-de-toulon-pour-defier-alldritt-et-le-stade-rochelais","status":"publish","type":"post","link":"https:\/\/www.europesays.com\/fr\/639346\/","title":{"rendered":"10 joueurs du centre de formation dans la composition de Toulon pour d\u00e9fier Alldritt et le Stade Rochelais"},"content":{"rendered":"<p>Ce dimanche soir (21h05), le <a href=\"https:\/\/www.lerugbynistere.fr\/clubs\/atlantique-stade-rochelais.php\" ui-sref=\"app.team({teamId: 30})\" alt=\"Stade Rochelais\" data-route=\"app.team\" data-param=\"teamId\" data-id=\"30\" target=\"_blank\" rel=\"noopener\">Stade Rochelais<\/a> re\u00e7oit <a href=\"https:\/\/www.lerugbynistere.fr\/clubs\/rugby-club-toulonnais.php\" ui-sref=\"app.team({teamId: 28})\" alt=\"Toulon\" data-route=\"app.team\" data-param=\"teamId\" data-id=\"28\" target=\"_blank\" rel=\"noopener\">Toulon<\/a> au stade Marcel-Deflandre pour cl\u00f4turer la 14e journ\u00e9e de <a href=\"https:\/\/www.lerugbynistere.fr\/championnats\/top-14\" ui-sref=\"app.competition({competitionId: 1})\" alt=\"Top 14\" data-route=\"app.competition\" data-param=\"competitionId\" data-id=\"1\" target=\"_blank\" rel=\"noopener\">Top 14<\/a>. Une affiche de gala\u2026 mais disput\u00e9e dans un contexte tr\u00e8s particulier.<\/p>\n<p>Les deux staffs doivent composer avec des infirmeries d\u00e9bordantes.\u00a0 C\u00f4t\u00e9 rochelais, pas moins de 14 joueurs sont indisponibles, dont plusieurs cadres du paquet d\u2019avants et des lignes arri\u00e8res.<\/p>\n<p>\u00c0 Toulon, Pierre Mignoni a \u00e9galement dress\u00e9 une liste impressionnante d\u2019absents avant le d\u00e9placement en Charente-Maritime. Malgr\u00e9 tout, les deux clubs ont d\u00e9voil\u00e9 des compositions comp\u00e9titives, quitte \u00e0 faire des choix contraints et parfois audacieux.<\/p>\n<p>La Rochelle priv\u00e9e de ses piliers habituels<\/p>\n<p>Pour Ronan O\u2019Gara, la gestion de l\u2019effectif rel\u00e8ve presque de la haute voltige. L\u2019absence de cadres comme Bourgarit ou Boudehent p\u00e8se lourd, notamment dans le combat et la conqu\u00eate. Les multiples commotions (Haddad, Kante Samba, Lavault) et blessures musculaires forcent le staff \u00e0 revoir sa hi\u00e9rarchie. \u00c0 Deflandre, l\u2019intensit\u00e9 ne baisse jamais, mais l\u2019\u00e9quilibre habituel des Jaune et Noir est modifi\u00e9.<\/p>\n<p><img decoding=\"async\" src=\"https:\/\/www.europesays.com\/fr\/wp-content\/uploads\/2026\/01\/1767458432-1368516889.jpg\" alt=\"\" caption=\"false\" class=\"img-responsive\"\/><\/p>\n<p>Toulon aussi touch\u00e9, Mignoni oblig\u00e9 d\u2019adapter<\/p>\n<p>Le RCT n\u2019est pas mieux loti. <a href=\"https:\/\/www.lerugbynistere.fr\/fiches-joueurs\/melvyn-jaminet.php\" ui-sref=\"app.player({playerId: 7926})\" alt=\"Melvyn Jaminet\" data-route=\"app.player\" data-param=\"playerId\" data-id=\"7926\" target=\"_blank\" rel=\"noopener\">Melvyn Jaminet<\/a>, op\u00e9r\u00e9 de la main droite, est forfait pour encore six semaines. Devant, la saison est d\u00e9j\u00e0 termin\u00e9e pour <a href=\"https:\/\/www.lerugbynistere.fr\/fiches-joueurs\/patrick-tuifua.php\" ui-sref=\"app.player({playerId: 15324})\" alt=\"Patrick Tuifua\" data-route=\"app.player\" data-param=\"playerId\" data-id=\"15324\" target=\"_blank\" rel=\"noopener\">Patrick Tuifua<\/a> et <a href=\"https:\/\/www.lerugbynistere.fr\/fiches-joueurs\/swan-rebbadj.php\" ui-sref=\"app.player({playerId: 4715})\" alt=\"Swan Rebbadj\" data-route=\"app.player\" data-param=\"playerId\" data-id=\"4715\" target=\"_blank\" rel=\"noopener\">Swan Rebbadj<\/a>, tous deux absents pour de longs mois. Lucchesi, Gros, Gigashvili ou Garcia manquent \u00e9galement \u00e0 l\u2019appel, tout comme Frisch ou Villi\u00e8re, touch\u00e9s mais annonc\u00e9s proches du retour.\u00a0<\/p>\n<p><img decoding=\"async\" src=\"https:\/\/www.europesays.com\/fr\/wp-content\/uploads\/2026\/01\/G9u83c0WsAE4uug.jpeg\" alt=\"\" caption=\"false\" class=\"img-responsive\"\/><\/p>\n<p>Les deux XV align\u00e9s racontent beaucoup de choses. La Rochelle mise sur un pack volontaire, avec une troisi\u00e8me ligne mobile et une charni\u00e8re charg\u00e9e de mettre du rythme pour \u00e9viter un affrontement trop frontal. Toulon, de son c\u00f4t\u00e9, aligne une \u00e9quipe tr\u00e8s\u00a0jeune devant, avec l&rsquo;espoir de rivaliser physiquement malgr\u00e9 les absences.\u00a0<\/p>\n<p>Un test de caract\u00e8re plus que de noms<\/p>\n<p>Ce rendez-vous compte double. Pour La Rochelle, il s\u2019agit de revenir dans le wagon de t\u00eate malgr\u00e9 une p\u00e9riode compliqu\u00e9e physiquement. Pour Toulon, l\u2019enjeu est de montrer que le groupe peut tenir malgr\u00e9 l\u2019h\u00e9catombe. \u00c0 l\u2019\u00e9chelle du championnat, ce match rappelle \u00e0 quel point la profondeur d\u2019effectif est devenue essentielle sur une saison longue et usante.<\/p>\n<p>Dimanche soir, ce sera un match de caract\u00e8re, d\u2019adaptation et de courage collectif. Et souvent, ce sont ces soir\u00e9es-l\u00e0 qui r\u00e9v\u00e8lent les vraies forces d\u2019un groupe.<\/p>\n","protected":false},"excerpt":{"rendered":"Ce dimanche soir (21h05), le Stade Rochelais re\u00e7oit Toulon au stade Marcel-Deflandre pour cl\u00f4turer la 14e journ\u00e9e de&hellip;\n","protected":false},"author":2,"featured_media":639347,"comment_status":"","ping_status":"","sticky":false,"template":"","format":"standard","meta":{"footnotes":""},"categories":[9619],"tags":[1111,11,1777,674,1011,27,12,882,25,2310],"class_list":{"0":"post-639346","1":"post","2":"type-post","3":"status-publish","4":"format-standard","5":"has-post-thumbnail","7":"category-toulon","8":"tag-actu","9":"tag-actualites","10":"tag-eu","11":"tag-europe","12":"tag-fr","13":"tag-france","14":"tag-news","15":"tag-provence-alpes-cote-dazur","16":"tag-republique-francaise","17":"tag-toulon"},"share_on_mastodon":{"url":"https:\/\/pubeurope.com\/@fr\/115833962759158378","error":""},"_links":{"self":[{"href":"https:\/\/www.europesays.com\/fr\/wp-json\/wp\/v2\/posts\/639346","targetHints":{"allow":["GET"]}}],"collection":[{"href":"https:\/\/www.europesays.com\/fr\/wp-json\/wp\/v2\/posts"}],"about":[{"href":"https:\/\/www.europesays.com\/fr\/wp-json\/wp\/v2\/types\/post"}],"author":[{"embeddable":true,"href":"https:\/\/www.europesays.com\/fr\/wp-json\/wp\/v2\/users\/2"}],"replies":[{"embeddable":true,"href":"https:\/\/www.europesays.com\/fr\/wp-json\/wp\/v2\/comments?post=639346"}],"version-history":[{"count":0,"href":"https:\/\/www.europesays.com\/fr\/wp-json\/wp\/v2\/posts\/639346\/revisions"}],"wp:featuredmedia":[{"embeddable":true,"href":"https:\/\/www.europesays.com\/fr\/wp-json\/wp\/v2\/media\/639347"}],"wp:attachment":[{"href":"https:\/\/www.europesays.com\/fr\/wp-json\/wp\/v2\/media?parent=639346"}],"wp:term":[{"taxonomy":"category","embeddable":true,"href":"https:\/\/www.europesays.com\/fr\/wp-json\/wp\/v2\/categories?post=639346"},{"taxonomy":"post_tag","embeddable":true,"href":"https:\/\/www.europesays.com\/fr\/wp-json\/wp\/v2\/tags?post=639346"}],"curies":[{"name":"wp","href":"https:\/\/api.w.org\/{rel}","templated":true}]}}