{"id":639352,"date":"2026-01-04T00:24:15","date_gmt":"2026-01-04T00:24:15","guid":{"rendered":"https:\/\/www.europesays.com\/fr\/639352\/"},"modified":"2026-01-04T00:24:15","modified_gmt":"2026-01-04T00:24:15","slug":"un-rassemblement-a-grenoble-contre-loperation-americaine-au-venezuela","status":"publish","type":"post","link":"https:\/\/www.europesays.com\/fr\/639352\/","title":{"rendered":"Un rassemblement \u00e0 Grenoble contre l&rsquo;op\u00e9ration am\u00e9ricaine au Venezuela"},"content":{"rendered":"<p> <img decoding=\"async\" src=\"https:\/\/www.europesays.com\/fr\/wp-content\/uploads\/2026\/01\/1767486255_662_1200x680.jpeg\" alt=\"illustration agrandir l'image\" style=\"--_image-preview:url('data:image\/jpeg;base64,\/9j\/2wBDACgcHiMeGSgjISMtKygwPGRBPDc3PHtYXUlkkYCZlo+AjIqgtObDoKrarYqMyP\/L2u71\/\/\/\/m8H\/\/\/\/6\/+b9\/\/j\/2wBDASstLTw1PHZBQXb4pYyl+Pj4+Pj4+Pj4+Pj4+Pj4+Pj4+Pj4+Pj4+Pj4+Pj4+Pj4+Pj4+Pj4+Pj4+Pj4+Pj4+Pj\/wAARCAAXACoDASIAAhEBAxEB\/8QAFwABAQEBAAAAAAAAAAAAAAAAAAIBBP\/EABYQAQEBAAAAAAAAAAAAAAAAAAABEf\/EABUBAQEAAAAAAAAAAAAAAAAAAAAB\/8QAFBEBAAAAAAAAAAAAAAAAAAAAAP\/aAAwDAQACEQMRAD8A5MZiqxFTYixdZgIxuKwwFWs0AAAaAD\/\/2Q==');\" loading=\"eager\" fetchpriority=\"high\" class=\"svelte-1cksh76 rounded\" onload=\"this.__e=event\" onerror=\"this.__e=event\"\/> Rassemblement place F\u00e9lix Poulat pour dire \u00ab\u00a0non\u00a0\u00bb \u00e0 l&rsquo;interventionnisme am\u00e9ricain \u00a9 Radio France &#8211; Laurent Gallien     <\/p>\n<p class=\"g-ici-body-regular-3 info svelte-r4l8dg\">Publi\u00e9 le dimanche 4 janvier 2026 \u00e0 0:10 <\/p>\n<ul class=\"SocialNetworks svelte-oam7rq\">\n<li class=\"svelte-oam7rq\"><\/li>\n<li class=\"svelte-oam7rq\"><\/li>\n<li class=\"svelte-oam7rq\"><\/li>\n<li class=\"svelte-oam7rq\"><\/li>\n<li class=\"svelte-oam7rq\"><\/li>\n<\/ul>\n<p class=\"standfirst g-ici-body-bold-1 svelte-huxgbw\">Apr\u00e8s l&rsquo;op\u00e9ration am\u00e9ricaine \u00e0 Caracas et l&rsquo;enl\u00e8vement du couple pr\u00e9sidentiel Maduro, des rassemblements de protestation ont eu lieu un peu partout en France ce samedi 3 janvier au soir, dont un \u00e0 Grenoble, place F\u00e9lix Poulat.<\/p>\n<p>Entre 80 et 100 personnes \u00e9taient rassembl\u00e9es samedi 3 janvier 2026 vers 18h30 \u00e0 Grenoble, place F\u00e9lix Poulat, pour marquer leur opposition \u00e0 l&rsquo;op\u00e9ration am\u00e9ricaine au Venezuela. Il s&rsquo;agissait de militants de gauche, r\u00e9unis sous les drapeaux du PCF, des Jeunes communiste, de la France Insoumise, des \u00e9tudiants de l&rsquo;UNEF et de la Coordination-UEG, ainsi que des militants Young Struggle Grenoble. Les manifestants ont notamment repris le chant sud-am\u00e9ricain, popularis\u00e9 lors de la r\u00e9volution chilienne \u00ab\u00a0El pueblo unido, jam\u00e1s ser\u00e1 vencido\u00a0\u00bb (le peuple uni, jamais ne sera vaincu).<\/p>\n<ul class=\"SocialNetworks svelte-oam7rq\">\n<li class=\"svelte-oam7rq\"><\/li>\n<li class=\"svelte-oam7rq\"><\/li>\n<li class=\"svelte-oam7rq\"><\/li>\n<li class=\"svelte-oam7rq\"><\/li>\n<li class=\"svelte-oam7rq\"><\/li>\n<\/ul>\n","protected":false},"excerpt":{"rendered":"Rassemblement place F\u00e9lix Poulat pour dire \u00ab\u00a0non\u00a0\u00bb \u00e0 l&rsquo;interventionnisme am\u00e9ricain \u00a9 Radio France &#8211; Laurent Gallien Publi\u00e9 le&hellip;\n","protected":false},"author":2,"featured_media":639353,"comment_status":"","ping_status":"","sticky":false,"template":"","format":"standard","meta":{"footnotes":""},"categories":[9566],"tags":[1111,11,2430,1777,674,1011,27,2731,12,25],"class_list":{"0":"post-639352","1":"post","2":"type-post","3":"status-publish","4":"format-standard","5":"has-post-thumbnail","7":"category-grenoble","8":"tag-actu","9":"tag-actualites","10":"tag-auvergne-rhone-alpes","11":"tag-eu","12":"tag-europe","13":"tag-fr","14":"tag-france","15":"tag-grenoble","16":"tag-news","17":"tag-republique-francaise"},"share_on_mastodon":{"url":"https:\/\/pubeurope.com\/@fr\/115833986321400753","error":""},"_links":{"self":[{"href":"https:\/\/www.europesays.com\/fr\/wp-json\/wp\/v2\/posts\/639352","targetHints":{"allow":["GET"]}}],"collection":[{"href":"https:\/\/www.europesays.com\/fr\/wp-json\/wp\/v2\/posts"}],"about":[{"href":"https:\/\/www.europesays.com\/fr\/wp-json\/wp\/v2\/types\/post"}],"author":[{"embeddable":true,"href":"https:\/\/www.europesays.com\/fr\/wp-json\/wp\/v2\/users\/2"}],"replies":[{"embeddable":true,"href":"https:\/\/www.europesays.com\/fr\/wp-json\/wp\/v2\/comments?post=639352"}],"version-history":[{"count":0,"href":"https:\/\/www.europesays.com\/fr\/wp-json\/wp\/v2\/posts\/639352\/revisions"}],"wp:featuredmedia":[{"embeddable":true,"href":"https:\/\/www.europesays.com\/fr\/wp-json\/wp\/v2\/media\/639353"}],"wp:attachment":[{"href":"https:\/\/www.europesays.com\/fr\/wp-json\/wp\/v2\/media?parent=639352"}],"wp:term":[{"taxonomy":"category","embeddable":true,"href":"https:\/\/www.europesays.com\/fr\/wp-json\/wp\/v2\/categories?post=639352"},{"taxonomy":"post_tag","embeddable":true,"href":"https:\/\/www.europesays.com\/fr\/wp-json\/wp\/v2\/tags?post=639352"}],"curies":[{"name":"wp","href":"https:\/\/api.w.org\/{rel}","templated":true}]}}