{"id":639354,"date":"2026-01-04T00:26:10","date_gmt":"2026-01-04T00:26:10","guid":{"rendered":"https:\/\/www.europesays.com\/fr\/639354\/"},"modified":"2026-01-04T00:26:10","modified_gmt":"2026-01-04T00:26:10","slug":"les-justifications-deric-wattelier-apres-la-colere-froide-du-losc-contre-larbitrage","status":"publish","type":"post","link":"https:\/\/www.europesays.com\/fr\/639354\/","title":{"rendered":"Les justifications d\u2019Eric Wattelier apr\u00e8s la col\u00e8re froide du LOSC contre l\u2019arbitrage"},"content":{"rendered":"<p>Un choc sous haute tension. A <a href=\"https:\/\/www.footmercato.net\/club\/losc\/\" target=\"_blank\" rel=\"noopener\">Lille<\/a> ce samedi soir, le LOSC et <a href=\"https:\/\/www.footmercato.net\/club\/stade-rennais-fc\/\" target=\"_blank\" rel=\"noopener\">Rennes<\/a> se d\u00e9fiaient pour une rencontre importante dans la course au podium. Un choc entre courtisans \u00e0 la Ligue des Champions qui a tenu toutes ses promesses. Malgr\u00e9 un bel \u00e9tat d\u2019esprit, les Dogues ont \u00e9t\u00e9 battus par des Rennais plus cliniques offensivement. En grande forme en <a href=\"https:\/\/www.footmercato.net\/france\/ligue-1\/\" target=\"_blank\" rel=\"noopener\">Ligue 1<\/a>, les hommes d\u2019Habib Beye ont \u00e9t\u00e9 bien aid\u00e9s par <a href=\"https:\/\/www.footmercato.net\/a8912780762548702101-losc-le-carton-rouge-severe-contre-alexsandro-face-a-rennes\" target=\"_blank\" rel=\"noopener\">l\u2019expulsion d\u2019Alexsandro d\u00e8s la 13e minute de jeu<\/a>. Auteur d\u2019un mauvais contr\u00f4le, le d\u00e9fenseur br\u00e9silien a retenu Breel Embolo en tant que dernier d\u00e9fenseur. Un rouge que l\u2019on peut interpr\u00e9ter comme logique mais qui a eu le don de provoquer l\u2019ire des supporters et du staff lillois. <\/p>\n<p>            La suite apr\u00e8s cette publicit\u00e9<\/p>\n<p>En effet, sous l\u2019eau en quelques minutes en seconde p\u00e9riode et en conc\u00e9dant deux buts coup sur coup, <a href=\"https:\/\/www.footmercato.net\/a9037955088639143885-ligue-1-rennes-simpose-a-lille-et-se-rapproche-du-podium\" target=\"_blank\" rel=\"noopener\">Lille a conc\u00e9d\u00e9 la d\u00e9faite dans cette rencontre cruciale pour le podium (0-2)<\/a>. Un sc\u00e9nario qui a fait grincer des dents au stade Pierre-Mauroy. Apr\u00e8s la rencontre, Thomas Meunier a eu des propos contre l\u2019arbitrage fran\u00e7ais apr\u00e8s la rencontre au micro de Ligue 1+ : \u00abc\u2019est difficile de faire abstraction. Ce genre de d\u00e9cisions ont des cons\u00e9quences. Ca fait quatre matches sur cinq o\u00f9 on prend un rouge en premi\u00e8re p\u00e9riode, c\u2019est pas vivable. Ca peut \u00eatre justifi\u00e9 des fois, mais ce soir, j\u2019ai vraiment du mal \u00e0 accepter cette d\u00e9cision. Il nous a pourri le match. A partir du moment o\u00f9 tu prends un rouge contre une \u00e9quipe comme Rennes, dans une tr\u00e8s bonne dynamique, on ne peut pas suivre. La faute est l\u00e0 mais il est compl\u00e9tement excentr\u00e9 et il y a encore deux d\u00e9fenseurs qui peuvent r\u00e9gler la situation, il n\u2019est pas seul face au but. C\u2019est mon avis. Il y a encore une action \u00e0 faire\u2026Le carton rouge n\u2019est vraiment pas justifi\u00e9.\u00bb <\/p>\n<p>            La suite apr\u00e8s cette publicit\u00e9<\/p>\n<p>        Eric Wattelier a tenu \u00e0 s\u2019exprimer apr\u00e8s la rencontre apr\u00e8s la rencontre<\/p>\n<p>Un avis tranch\u00e9 qui n\u2019est pas celui de l\u2019arbitre de la rencontre. D\u00e9sireux de s\u2019exprimer apr\u00e8s la rencontre sur sa d\u00e9cision forte, Eric Wattelier a expliqu\u00e9 avec teneur les raisons qui l\u2019ont pouss\u00e9 \u00e0 sanctionner Alexsandro d\u2019un carton rouge : \u00abnous sommes dans une situation d\u2019an\u00e9antissement d\u2019une action de but manifeste. C\u2019est une action qui demande l\u2019expulsion du d\u00e9fenseur car M.Embolo filait vers le but. L\u2019attaquant avait le contr\u00f4le du ballon. Tous les \u00e9l\u00e9ments \u00e9taient r\u00e9unis pour donner un rouge au d\u00e9fenseur. C\u2019est une d\u00e9cision incontournable qui doit \u00eatre prise qu\u2019on soit \u00e0 la premi\u00e8re ou la derni\u00e8re minute. Je ne fais pas cas de ce qui se passe par le pass\u00e9. J\u2019ai pris des d\u00e9cisions en fonction des lois du jeu. Ce soir, tout \u00e9tait r\u00e9uni pour mettre carton rouge. Les lois du jeu ne parlent pas de dernier d\u00e9fenseur. M.Embolo. Le d\u00e9fenseur dans l\u2019axe ne pouvait pas revenir vu la proximit\u00e9 d\u2019Embolo avec le but. Au regard des lois du jeu, le rouge \u00e9tait \u00e9vident.\u00bb <\/p>\n<p>Alors que les supporters nordistes ont pris en grippe l\u2019arbitre de la rencontre, Eric Wattelier, <a href=\"https:\/\/www.footmercato.net\/a3138617502180061298-losc-olivier-letang-sest-emporte-contre-les-arbitres-dans-les-couloirs\" target=\"_blank\" rel=\"noopener\">les dirigeants lillois se sont emport\u00e9s contre l\u2019arbitre \u00e0 la mi-temps<\/a>. Une situation lunaire qui n\u2019a pas forc\u00e9ment d\u00e9rang\u00e9 l\u2019officiel du soir \u00e0 en croire ses mots : \u00abon est habitu\u00e9s \u00e0 g\u00e9rer la pression. Les agissements \u00e0 la mi-temps des dirigeants lillois ? On ne peut pas accepter l\u2019intimidation quand on arbitre un match. On travaille tous pour la Ligue 1. On est form\u00e9s pour \u00e7a. J\u2019ai un peu d\u2019exp\u00e9rience, j\u2019arrive \u00e0 faire abstraction de ce genre de moments. Il y a des preuves d\u2019ouverture avec la direction de l\u2019arbitrage. Ces deux derni\u00e8res saisons, nous n\u2019avons jamais autant expliqu\u00e9 nos d\u00e9cisions. La communication est tr\u00e8s importante, c\u2019est pourquoi je suis l\u00e0. C\u2019est plus clair pour tout le monde.\u00bb Des justifications pos\u00e9es qui ne devraient pourtant pas calmer le LOSC ce samedi soir. <\/p>\n<p>\n    Pub. le 04\/01\/2026 00:00<br \/>\n            &#8211; MAJ le 04\/01\/2026 01:09\n    <\/p>\n","protected":false},"excerpt":{"rendered":"Un choc sous haute tension. A Lille ce samedi soir, le LOSC et Rennes se d\u00e9fiaient pour une&hellip;\n","protected":false},"author":2,"featured_media":639355,"comment_status":"","ping_status":"","sticky":false,"template":"","format":"standard","meta":{"footnotes":""},"categories":[2821],"tags":[1111,11,829,1777,674,1011,27,12,584,25],"class_list":{"0":"post-639354","1":"post","2":"type-post","3":"status-publish","4":"format-standard","5":"has-post-thumbnail","7":"category-rennes","8":"tag-actu","9":"tag-actualites","10":"tag-bretagne","11":"tag-eu","12":"tag-europe","13":"tag-fr","14":"tag-france","15":"tag-news","16":"tag-rennes","17":"tag-republique-francaise"},"share_on_mastodon":{"url":"https:\/\/pubeurope.com\/@fr\/115833994094589905","error":""},"_links":{"self":[{"href":"https:\/\/www.europesays.com\/fr\/wp-json\/wp\/v2\/posts\/639354","targetHints":{"allow":["GET"]}}],"collection":[{"href":"https:\/\/www.europesays.com\/fr\/wp-json\/wp\/v2\/posts"}],"about":[{"href":"https:\/\/www.europesays.com\/fr\/wp-json\/wp\/v2\/types\/post"}],"author":[{"embeddable":true,"href":"https:\/\/www.europesays.com\/fr\/wp-json\/wp\/v2\/users\/2"}],"replies":[{"embeddable":true,"href":"https:\/\/www.europesays.com\/fr\/wp-json\/wp\/v2\/comments?post=639354"}],"version-history":[{"count":0,"href":"https:\/\/www.europesays.com\/fr\/wp-json\/wp\/v2\/posts\/639354\/revisions"}],"wp:featuredmedia":[{"embeddable":true,"href":"https:\/\/www.europesays.com\/fr\/wp-json\/wp\/v2\/media\/639355"}],"wp:attachment":[{"href":"https:\/\/www.europesays.com\/fr\/wp-json\/wp\/v2\/media?parent=639354"}],"wp:term":[{"taxonomy":"category","embeddable":true,"href":"https:\/\/www.europesays.com\/fr\/wp-json\/wp\/v2\/categories?post=639354"},{"taxonomy":"post_tag","embeddable":true,"href":"https:\/\/www.europesays.com\/fr\/wp-json\/wp\/v2\/tags?post=639354"}],"curies":[{"name":"wp","href":"https:\/\/api.w.org\/{rel}","templated":true}]}}