{"id":639358,"date":"2026-01-04T00:30:18","date_gmt":"2026-01-04T00:30:18","guid":{"rendered":"https:\/\/www.europesays.com\/fr\/639358\/"},"modified":"2026-01-04T00:30:18","modified_gmt":"2026-01-04T00:30:18","slug":"ligue-1-pas-de-promenade-a-nice-pour-le-racing-club-de-strasbourg-tenu-en-echec-par-les-azureens-1-1","status":"publish","type":"post","link":"https:\/\/www.europesays.com\/fr\/639358\/","title":{"rendered":"Ligue 1. Pas de promenade \u00e0 Nice pour le Racing Club de Strasbourg, tenu en \u00e9chec par les Azur\u00e9ens (1-1)"},"content":{"rendered":"<p>Ce premier rendez-vous de l\u2019ann\u00e9e 2026 avait tout du pi\u00e8ge pour le Racing. Chez des Aiglons ni\u00e7ois en chute libre apr\u00e8s six d\u00e9faites de rang en championnat mais dont on attendait une r\u00e9action pour la premi\u00e8re de <a href=\"https:\/\/www.dna.fr\/p\/claude-puel\" target=\"_blank\" rel=\"noopener\">Claude Puel<\/a>, successeur inattendu dimanche de Franck Haise, les Strasbourgeois pouvaient se prendre les pieds dans le tapis.<\/p>\n<p>S\u2019ils restaient sur trois victoires et un nul lors de leurs quatre derniers matches de l\u2019ann\u00e9e 2025, les Racingmen n\u2019avaient plus gagn\u00e9 en championnat depuis le 9\u00a0novembre (2-0 contre Lille).<\/p>\n<p>Surtout, on voulait voir comment ils allaient r\u00e9pondre sur le terrain alors que leur coach, <a href=\"https:\/\/www.dna.fr\/sport\/2026\/01\/03\/sur-le-banc-a-nice-et-sur-le-depart-pour-chelsea-liam-rosenior-au-coeur-d-un-drole-de-jeu\" target=\"_blank\" rel=\"noopener\">Liam Rosenior, est annonc\u00e9 avec insistance sur le d\u00e9part pour Chelsea depuis jeudi<\/a>.<\/p>\n<p>L\u2019int\u00e9ress\u00e9 a assur\u00e9 vendredi qu\u2019il est concentr\u00e9 \u00e0 100% sur son job \u00e0 Strasbourg, dans \u00ab\u200aun club qu\u2019il adore\u200a\u00bb et o\u00f9 il veut performer jusqu\u2019au dernier jour o\u00f9 il y \u0153uvrera.<\/p>\n<p>Ce samedi au stade Riviera, c\u2019\u00e9tait peut-\u00eatre celui-l\u00e0. Le Londonien n\u2019en a rien laiss\u00e9 para\u00eetre en avant-match, venant&#8230;<\/p>\n","protected":false},"excerpt":{"rendered":"Ce premier rendez-vous de l\u2019ann\u00e9e 2026 avait tout du pi\u00e8ge pour le Racing. Chez des Aiglons ni\u00e7ois en&hellip;\n","protected":false},"author":2,"featured_media":639359,"comment_status":"","ping_status":"","sticky":false,"template":"","format":"standard","meta":{"footnotes":""},"categories":[2819],"tags":[1111,11,2389,2649,2880,1777,674,107,63,1011,27,12,2401,882,41281,25,517,640],"class_list":{"0":"post-639358","1":"post","2":"type-post","3":"status-publish","4":"format-standard","5":"has-post-thumbnail","7":"category-nice","8":"tag-actu","9":"tag-actualites","10":"tag-alsace","11":"tag-bas-rhin","12":"tag-edition-strasbourg","13":"tag-eu","14":"tag-europe","15":"tag-fil-info","16":"tag-football","17":"tag-fr","18":"tag-france","19":"tag-news","20":"tag-nice","21":"tag-provence-alpes-cote-dazur","22":"tag-racing-club-strasbourg-masculin","23":"tag-republique-francaise","24":"tag-sport","25":"tag-strasbourg"},"share_on_mastodon":{"url":"https:\/\/pubeurope.com\/@fr\/115834009849670857","error":""},"_links":{"self":[{"href":"https:\/\/www.europesays.com\/fr\/wp-json\/wp\/v2\/posts\/639358","targetHints":{"allow":["GET"]}}],"collection":[{"href":"https:\/\/www.europesays.com\/fr\/wp-json\/wp\/v2\/posts"}],"about":[{"href":"https:\/\/www.europesays.com\/fr\/wp-json\/wp\/v2\/types\/post"}],"author":[{"embeddable":true,"href":"https:\/\/www.europesays.com\/fr\/wp-json\/wp\/v2\/users\/2"}],"replies":[{"embeddable":true,"href":"https:\/\/www.europesays.com\/fr\/wp-json\/wp\/v2\/comments?post=639358"}],"version-history":[{"count":0,"href":"https:\/\/www.europesays.com\/fr\/wp-json\/wp\/v2\/posts\/639358\/revisions"}],"wp:featuredmedia":[{"embeddable":true,"href":"https:\/\/www.europesays.com\/fr\/wp-json\/wp\/v2\/media\/639359"}],"wp:attachment":[{"href":"https:\/\/www.europesays.com\/fr\/wp-json\/wp\/v2\/media?parent=639358"}],"wp:term":[{"taxonomy":"category","embeddable":true,"href":"https:\/\/www.europesays.com\/fr\/wp-json\/wp\/v2\/categories?post=639358"},{"taxonomy":"post_tag","embeddable":true,"href":"https:\/\/www.europesays.com\/fr\/wp-json\/wp\/v2\/tags?post=639358"}],"curies":[{"name":"wp","href":"https:\/\/api.w.org\/{rel}","templated":true}]}}