{"id":639360,"date":"2026-01-04T00:33:15","date_gmt":"2026-01-04T00:33:15","guid":{"rendered":"https:\/\/www.europesays.com\/fr\/639360\/"},"modified":"2026-01-04T00:33:15","modified_gmt":"2026-01-04T00:33:15","slug":"tres-mauvaise-nouvelle-pour-balerdi-avant-nantes","status":"publish","type":"post","link":"https:\/\/www.europesays.com\/fr\/639360\/","title":{"rendered":"tr\u00e8s mauvaise nouvelle pour Balerdi avant Nantes"},"content":{"rendered":"<p>L\u2019<a href=\"https:\/\/www.onzemondial.com\/france\/om.html\" target=\"_blank\" rel=\"noopener\">OM<\/a> pourrait devoir affronter Nantes ce dimanche (15h) sans son capitaine Leonardo Balerdi, touch\u00e9 par un virus selon l&rsquo;Equipe. Le d\u00e9fenseur argentin, pivot de la charni\u00e8re olympienne, est tr\u00e8s incertain pour ce match crucial de reprise de Ligue 1. Roberto De Zerbi, contraint de modifier ses plans pour le dernier entra\u00eenement samedi, esp\u00e8re tout de m\u00eame le voir au moins dans le groupe, mais rien n\u2019est garanti.<\/p>\n<p>Cette absence \u00e9ventuelle constitue un vrai coup dur pour l\u2019OM, d\u00e9j\u00e0 priv\u00e9 de stabilit\u00e9 d\u00e9fensive ces derniers jours, m\u00eame si Benjamin Pavard, lui aussi diminu\u00e9 r\u00e9cemment, devrait pouvoir tenir sa place aux c\u00f4t\u00e9s de Facundo Medina. La charni\u00e8re centrale pourrait donc \u00eatre fortement remani\u00e9e, ce qui repr\u00e9sente un risque non n\u00e9gligeable face \u00e0 Nantes.<\/p>\n<p>A lire aussi :Egan-Riley rappel\u00e9 en renfort ?<\/p>\n<p>Pour compenser, CJ Egan-Riley, initialement pr\u00e9vu avec la r\u00e9serve pour un match amical, pourrait \u00eatre int\u00e9gr\u00e9 au groupe professionnel, une opportunit\u00e9 inattendue pour le jeune d\u00e9fenseur. En revanche, Pol Lirola, Ulisses Garcia et Neal Maupay resteront avec la Pro 2.<\/p>\n<p>Cette incertitude autour de Balerdi s\u2019ajoute \u00e0 la pression d\u2019un d\u00e9but d\u2019ann\u00e9e d\u00e9j\u00e0 charg\u00e9 pour l\u2019OM, qui cherche \u00e0 consolider sa solidit\u00e9 d\u00e9fensive et \u00e0 lancer la saison 2026 sur de bonnes bases. L\u2019\u00e9quipe devra donc s\u2019adapter rapidement si le pilier argentin venait \u00e0 manquer ce rendez-vous. Les supporters esp\u00e8rent que Balerdi pourra r\u00e9int\u00e9grer le groupe, mais pour l\u2019instant, c\u2019est une mauvaise nouvelle qui plane sur Marseille avant Nantes.<\/p>\n<p>   Partagez cette info avec vos amis et vos proches en cliquant ici<br \/> Pour r\u00e9sumer<\/p>\n<p>L\u2019OM pourrait affronter Nantes ce dimanche sans son capitaine Leonardo Balerdi, malade et tr\u00e8s incertain. Roberto De Zerbi devra r\u00e9organiser la d\u00e9fense, avec Pavard et Medina probablement titulaires. CJ Egan-Riley pourrait int\u00e9grer le groupe pro, tandis que Lirola, Garcia et Maupay resteront avec la r\u00e9serve. C\u2019est un vrai coup dur pour Marseille.<\/p>\n<p>R\u00e9dacteur<\/p>\n<p><img decoding=\"async\" width=\"76\" height=\"76\" loading=\"lazy\" src=\"https:\/\/www.europesays.com\/fr\/wp-content\/uploads\/2025\/04\/logo-julien-pedebos.jpg\" alt=\"Julien P\u00e9debos\"\/><\/p>\n","protected":false},"excerpt":{"rendered":"L\u2019OM pourrait devoir affronter Nantes ce dimanche (15h) sans son capitaine Leonardo Balerdi, touch\u00e9 par un virus selon&hellip;\n","protected":false},"author":2,"featured_media":639361,"comment_status":"","ping_status":"","sticky":false,"template":"","format":"standard","meta":{"footnotes":""},"categories":[2818],"tags":[1111,11,1777,674,1011,27,66,766,12,149,2636,25],"class_list":{"0":"post-639360","1":"post","2":"type-post","3":"status-publish","4":"format-standard","5":"has-post-thumbnail","7":"category-nantes","8":"tag-actu","9":"tag-actualites","10":"tag-eu","11":"tag-europe","12":"tag-fr","13":"tag-france","14":"tag-ligue-1","15":"tag-nantes","16":"tag-news","17":"tag-om","18":"tag-pays-de-la-loire","19":"tag-republique-francaise"},"share_on_mastodon":{"url":"https:\/\/pubeurope.com\/@fr\/115834021709876955","error":""},"_links":{"self":[{"href":"https:\/\/www.europesays.com\/fr\/wp-json\/wp\/v2\/posts\/639360","targetHints":{"allow":["GET"]}}],"collection":[{"href":"https:\/\/www.europesays.com\/fr\/wp-json\/wp\/v2\/posts"}],"about":[{"href":"https:\/\/www.europesays.com\/fr\/wp-json\/wp\/v2\/types\/post"}],"author":[{"embeddable":true,"href":"https:\/\/www.europesays.com\/fr\/wp-json\/wp\/v2\/users\/2"}],"replies":[{"embeddable":true,"href":"https:\/\/www.europesays.com\/fr\/wp-json\/wp\/v2\/comments?post=639360"}],"version-history":[{"count":0,"href":"https:\/\/www.europesays.com\/fr\/wp-json\/wp\/v2\/posts\/639360\/revisions"}],"wp:featuredmedia":[{"embeddable":true,"href":"https:\/\/www.europesays.com\/fr\/wp-json\/wp\/v2\/media\/639361"}],"wp:attachment":[{"href":"https:\/\/www.europesays.com\/fr\/wp-json\/wp\/v2\/media?parent=639360"}],"wp:term":[{"taxonomy":"category","embeddable":true,"href":"https:\/\/www.europesays.com\/fr\/wp-json\/wp\/v2\/categories?post=639360"},{"taxonomy":"post_tag","embeddable":true,"href":"https:\/\/www.europesays.com\/fr\/wp-json\/wp\/v2\/tags?post=639360"}],"curies":[{"name":"wp","href":"https:\/\/api.w.org\/{rel}","templated":true}]}}