{"id":639368,"date":"2026-01-04T00:39:38","date_gmt":"2026-01-04T00:39:38","guid":{"rendered":"https:\/\/www.europesays.com\/fr\/639368\/"},"modified":"2026-01-04T00:39:38","modified_gmt":"2026-01-04T00:39:38","slug":"eric-wattellier-repond-a-la-polemique-sur-ligue1","status":"publish","type":"post","link":"https:\/\/www.europesays.com\/fr\/639368\/","title":{"rendered":"Eric Wattellier r\u00e9pond \u00e0 la pol\u00e9mique sur Ligue1+"},"content":{"rendered":"<p><b>Chahut\u00e9 par Olivier L\u00e9tang et Bruno Genesio \u00e0 la mi-temps de Lille-Rennes apr\u00e8s l\u2019exclusion d\u2019Alexsandro, Eric Wattellier a r\u00e9pondu \u00e0 la pol\u00e9mique au micro de Ligue1+ tard ce samedi.<\/b><\/p>\n<p>Tr\u00e8s critiqu\u00e9 par les dirigeants de Lille apr\u00e8s la d\u00e9faite des Dogues contre Rennes samedi soir en raison du carton rouge distribu\u00e9 \u00e0 Alexsandro en d\u00e9but de match, l\u2019arbitre Eric Wattellier a r\u00e9pondu \u00e0 la pol\u00e9mique au micro de Ligue1+. \u00ab\u00a0Nous sommes dans une situation d\u2019an\u00e9antissement d\u2019une occasion manifeste. L\u2019attaquant avait la ma\u00eetrise du ballon, il se dirigeait vers le but. Tous les \u00e9l\u00e9ments \u00e9taient r\u00e9unis pour exclure le d\u00e9fenseur fautif. C\u2019est une d\u00e9cision qui doit \u00eatre prise que ce soit \u00e0 la 1\u00e8re minute ou \u00e0 la 90e minute car elle r\u00e9pond aux crit\u00e8res de loi du jeu\u00a0\u00bb a d\u2019abord lanc\u00e9 l\u2019arbitre de ce Lille-Rennes avant de poursuivre et de conclure.\u00a0<\/p>\n<p>\u00ab\u00a0C\u2019est un carton rouge qui devait \u00eatre distribu\u00e9. J\u2019arbitre un match, je prends les d\u00e9cisions qui me semblent les plus justes. Les lois du jeu ne parlent pas de dernier d\u00e9fenseur mais d\u2019an\u00e9antissement d\u2019une occasion de but. L\u2019exclusion \u00e9tait attendue. On est habitu\u00e9s \u00e0 g\u00e9rer la pression. Par contre, on ne peut pas accepter toute forme d\u2019intimidation lorsque l\u2019on arbitre un match. L\u2019image du football est \u00e0 respecter. Nous sommes habitu\u00e9s \u00e0 g\u00e9rer ce genre de probl\u00e9matique\u00a0\u00bb a conclu Eric Wattellier, dans le viseur de l\u2019\u00e9tat-major du LOSC ce samedi.\u00a0<\/p>\n","protected":false},"excerpt":{"rendered":"Chahut\u00e9 par Olivier L\u00e9tang et Bruno Genesio \u00e0 la mi-temps de Lille-Rennes apr\u00e8s l\u2019exclusion d\u2019Alexsandro, Eric Wattellier a&hellip;\n","protected":false},"author":2,"featured_media":639369,"comment_status":"","ping_status":"","sticky":false,"template":"","format":"standard","meta":{"footnotes":""},"categories":[2815],"tags":[1111,11,1777,674,1011,27,811,66,1307,2267,12,584,25],"class_list":{"0":"post-639368","1":"post","2":"type-post","3":"status-publish","4":"format-standard","5":"has-post-thumbnail","7":"category-lille","8":"tag-actu","9":"tag-actualites","10":"tag-eu","11":"tag-europe","12":"tag-fr","13":"tag-france","14":"tag-hauts-de-france","15":"tag-ligue-1","16":"tag-lille","17":"tag-losc","18":"tag-news","19":"tag-rennes","20":"tag-republique-francaise"},"share_on_mastodon":{"url":"https:\/\/pubeurope.com\/@fr\/115834045374685398","error":""},"_links":{"self":[{"href":"https:\/\/www.europesays.com\/fr\/wp-json\/wp\/v2\/posts\/639368","targetHints":{"allow":["GET"]}}],"collection":[{"href":"https:\/\/www.europesays.com\/fr\/wp-json\/wp\/v2\/posts"}],"about":[{"href":"https:\/\/www.europesays.com\/fr\/wp-json\/wp\/v2\/types\/post"}],"author":[{"embeddable":true,"href":"https:\/\/www.europesays.com\/fr\/wp-json\/wp\/v2\/users\/2"}],"replies":[{"embeddable":true,"href":"https:\/\/www.europesays.com\/fr\/wp-json\/wp\/v2\/comments?post=639368"}],"version-history":[{"count":0,"href":"https:\/\/www.europesays.com\/fr\/wp-json\/wp\/v2\/posts\/639368\/revisions"}],"wp:featuredmedia":[{"embeddable":true,"href":"https:\/\/www.europesays.com\/fr\/wp-json\/wp\/v2\/media\/639369"}],"wp:attachment":[{"href":"https:\/\/www.europesays.com\/fr\/wp-json\/wp\/v2\/media?parent=639368"}],"wp:term":[{"taxonomy":"category","embeddable":true,"href":"https:\/\/www.europesays.com\/fr\/wp-json\/wp\/v2\/categories?post=639368"},{"taxonomy":"post_tag","embeddable":true,"href":"https:\/\/www.europesays.com\/fr\/wp-json\/wp\/v2\/tags?post=639368"}],"curies":[{"name":"wp","href":"https:\/\/api.w.org\/{rel}","templated":true}]}}