{"id":639370,"date":"2026-01-04T00:40:14","date_gmt":"2026-01-04T00:40:14","guid":{"rendered":"https:\/\/www.europesays.com\/fr\/639370\/"},"modified":"2026-01-04T00:40:14","modified_gmt":"2026-01-04T00:40:14","slug":"coucagne-pains-nature-et-rois-gourmands","status":"publish","type":"post","link":"https:\/\/www.europesays.com\/fr\/639370\/","title":{"rendered":"Coucagne, pains nature et Rois gourmands"},"content":{"rendered":"<p><img loading=\"lazy\" decoding=\"async\" width=\"1000\" height=\"1245\" src=\"https:\/\/www.europesays.com\/fr\/wp-content\/uploads\/2026\/01\/coucagne-facade.png\" alt=\"Coucagne a \u00e9clos sur les hauteurs de Vauban en octobre 2023. Depuis lors, cette petite &quot;boulangerie tranquille&quot; r\u00e9jouit le quartier\" class=\"wp-image-48076\"  \/><\/p>\n<p style=\"text-align: left;\"><strong>Rues onduleuses et Bonne M\u00e8re majestueuse\u2026 Nous voici dans les hauteurs de Vauban. C\u2019est ici que s\u2019est nich\u00e9e Coucagne en octobre 2023. Depuis lors, cette petite boulangerie r\u00e9jouit le quartier. Sa devanture saisit d\u2019embl\u00e9e : slogan rassurant \u2013 \u00ab boulangerie tranquille \u00bb \u2013 couleurs ocr\u00e9es et douces odeurs. Celles du bon pain, du vrai.<\/strong><\/p>\n<p><img decoding=\"async\" loading=\"lazy\" width=\"1000\" height=\"1000\" src=\"https:\/\/www.europesays.com\/fr\/wp-content\/uploads\/2026\/01\/coucagne-vitrine.png\" alt=\"Coucagne a \u00e9clos sur les hauteurs de Vauban en octobre 2023. Depuis lors, cette petite &quot;boulangerie tranquille&quot; r\u00e9jouit le quartier\" class=\"wp-image-48077\"  \/><\/p>\n<p>Cette boulangerie raisonn\u00e9e, Vauban l\u2019attendait. Aux manettes ? Pierre Pomaret, form\u00e9 au m\u00e9tier de boulanger suite \u00e0 un d\u00e9clic de vie. Dans son parcours marseillais (Pain Pan, Farinette, Bonnes Graines\u2026), il a su p\u00e9trir et saisir la mati\u00e8re. Ce que propose ce dernier ? Des pains de campagne au levain de bl\u00e9 (souvent orn\u00e9s de graines torr\u00e9fi\u00e9es), au bl\u00e9 Khorasan ou au petit \u00e9peautre, des miches de farine int\u00e9grale et, demande oblige, des baguettes bien faites. Chaque jeudi, c\u2019est pain de mie ! Et plus pr\u00e9cis\u00e9ment sa vari\u00e9t\u00e9 japonaise \u2013 le shopukan \u2013 d\u2019un moelleux renversant. Quid des becs sucr\u00e9s ? Les brioches chocolat\u00e9es et les babkas sont addictives \u00e0 souhait.<\/p>\n<p>Chez Coucagne on ne se disperse pas<\/p>\n<p>La structure \u00ab toute en transparence \u00bb du lieu permet notamment d\u2019appr\u00e9cier l\u2019utilisation d\u2019un p\u00e9trin bras plongeant : une version m\u00e9canis\u00e9e des bras de boulanger, \u00ab qui ne brusque pas la p\u00e2te, l\u2019\u00e9tire sans trop la faire chauffer \u00bb. Si Pierre \u00e9voque ses trois piliers, \u00ab bio, local et antigaspi \u00bb, il reconna\u00eet avoir une proposition \u00ab non \u00e9parpill\u00e9e \u00bb. Coucagne ? C\u2019est un hommage \u00e0 l\u2019expression cocagne (mais \u00e9tant enfant, Pierre l\u2019entendait autrement) qu\u2019utilisaient ses grands-parents. Une exclamation signifiant que tout va bien, qu\u2019il ne faut point se faire de souci. Le succ\u00e8s de sa boulangerie en est la preuve pardi ! <br \/>Coucagne, 20, rue de la Guadeloupe, Marseille 6e arr. ; infos au 04 91 63 38 09<br \/><a href=\"https:\/\/www.instagram.com\/coucagne_boulangerie\/\" target=\"_blank\" rel=\"noopener\">Egalement sur Insta<\/a><\/p>\n<p><img decoding=\"async\" loading=\"lazy\" width=\"640\" height=\"800\" src=\"https:\/\/www.europesays.com\/fr\/wp-content\/uploads\/2026\/01\/gateau-coucagne.jpeg\" alt=\"La brioche des rois de Coucagne\" class=\"wp-image-48085\"  \/><\/p>\n<p>Sa Majest\u00e9, le roi brioch\u00e9<\/p>\n<p style=\"padding-left: 120px;\">Cette ann\u00e9e encore pour l\u2019Epiphanie, c\u2019est le brioch\u00e9 qui tr\u00f4nera dans les vitrines de Coucagne, \u00ab\u00a0parce que je n\u2019ai pas de laminoir pour faire de la p\u00e2te feuillet\u00e9e et parce que la brioche, c\u2019est beaucoup plus proven\u00e7al et j\u2019adore \u00e7a\u00a0\u00bb, affirme l\u2019artisan aux mains farin\u00e9es. Avec un d\u00e9cor de cl\u00e9mentines et lamelles d\u2019oranges confites sign\u00e9es Corsiglia, la brioche ventrue se pare de cubes d\u2019orange et citron confits. \u00ab\u00a0Je travaille la p\u00e2te avec un peu de levain pour la tenue et la dur\u00e9e de vie et avec un levain majoritaire qui donne d\u2019excellents r\u00e9sultats\u00a0\u00bb. Meilleurs d\u2019ann\u00e9e en ann\u00e9e, les rois de Coucagne tutoient les sommets. \u00ab\u00a0Pour la f\u00e8ve, mon \u00e9pouse Marie-Pierre a travaill\u00e9 avec un c\u00e9ramiste marseillais, Dominique Pagliai, qui a r\u00e9alis\u00e9 une collections de six f\u00e8ves en six couleurs pictogrammes de Notre-Dame de la Garde\u00a0\u00bb. Pour ajouter la surprise au r\u00e9gal\u2026<\/p>\n<p>Photos <a href=\"https:\/\/www.instagram.com\/studiophilippeconti\/\" target=\"_blank\" rel=\"noopener\">@studiophilippeconti<\/a><\/p>\n<p>\t\t\t\t<script async src=\"\/\/www.instagram.com\/embed.js\"><\/script><\/p>\n","protected":false},"excerpt":{"rendered":"Rues onduleuses et Bonne M\u00e8re majestueuse\u2026 Nous voici dans les hauteurs de Vauban. C\u2019est ici que s\u2019est nich\u00e9e&hellip;\n","protected":false},"author":2,"featured_media":639371,"comment_status":"","ping_status":"","sticky":false,"template":"","format":"standard","meta":{"footnotes":""},"categories":[2814],"tags":[1111,11,1777,674,1011,27,884,12,882,25],"class_list":{"0":"post-639370","1":"post","2":"type-post","3":"status-publish","4":"format-standard","5":"has-post-thumbnail","7":"category-marseille","8":"tag-actu","9":"tag-actualites","10":"tag-eu","11":"tag-europe","12":"tag-fr","13":"tag-france","14":"tag-marseille","15":"tag-news","16":"tag-provence-alpes-cote-dazur","17":"tag-republique-francaise"},"share_on_mastodon":{"url":"https:\/\/pubeurope.com\/@fr\/115834049403366973","error":""},"_links":{"self":[{"href":"https:\/\/www.europesays.com\/fr\/wp-json\/wp\/v2\/posts\/639370","targetHints":{"allow":["GET"]}}],"collection":[{"href":"https:\/\/www.europesays.com\/fr\/wp-json\/wp\/v2\/posts"}],"about":[{"href":"https:\/\/www.europesays.com\/fr\/wp-json\/wp\/v2\/types\/post"}],"author":[{"embeddable":true,"href":"https:\/\/www.europesays.com\/fr\/wp-json\/wp\/v2\/users\/2"}],"replies":[{"embeddable":true,"href":"https:\/\/www.europesays.com\/fr\/wp-json\/wp\/v2\/comments?post=639370"}],"version-history":[{"count":0,"href":"https:\/\/www.europesays.com\/fr\/wp-json\/wp\/v2\/posts\/639370\/revisions"}],"wp:featuredmedia":[{"embeddable":true,"href":"https:\/\/www.europesays.com\/fr\/wp-json\/wp\/v2\/media\/639371"}],"wp:attachment":[{"href":"https:\/\/www.europesays.com\/fr\/wp-json\/wp\/v2\/media?parent=639370"}],"wp:term":[{"taxonomy":"category","embeddable":true,"href":"https:\/\/www.europesays.com\/fr\/wp-json\/wp\/v2\/categories?post=639370"},{"taxonomy":"post_tag","embeddable":true,"href":"https:\/\/www.europesays.com\/fr\/wp-json\/wp\/v2\/tags?post=639370"}],"curies":[{"name":"wp","href":"https:\/\/api.w.org\/{rel}","templated":true}]}}