{"id":639372,"date":"2026-01-04T00:41:58","date_gmt":"2026-01-04T00:41:58","guid":{"rendered":"https:\/\/www.europesays.com\/fr\/639372\/"},"modified":"2026-01-04T00:41:58","modified_gmt":"2026-01-04T00:41:58","slug":"travaux-de-nuit-fermetures-dautoroutes-du-5-au-9-janvier-en-provence","status":"publish","type":"post","link":"https:\/\/www.europesays.com\/fr\/639372\/","title":{"rendered":"Travaux de nuit\u00a0: fermetures d&rsquo;autoroutes du 5 au 9 janvier en Provence"},"content":{"rendered":"<p>ICI Provence est la seule radio \u00e0 vous proposer la liste compl\u00e8te des chantiers de nuit sur nos autoroutes. En plus des points chaque quart d&rsquo;heure de 16h \u00e0 19h, consultez le planning pr\u00e9visionnel des travaux \u00e0 Marseille, \u00e0 Toulon et en Provence, pour la semaine du 5 janvier.<\/p>\n<p>NUIT DU LUNDI 5 AU MARDI 6 JANVIER 2026<\/p>\n<p><strong>\u2022 Fermeture de l&rsquo;A8 dans les 2 sens entre l&rsquo;A7 et l&rsquo;A51<\/strong>, soit <strong>entre Coudoux et Aix-en-Provence<\/strong>, de 21h \u00e0 6h, incluant la fermeture de l&rsquo;\u00e9changeur Aix-Ouest et de la jonction A51\/A8 sens Gap\/Lyon. D\u00e9viation depuis Lyon vers Nice\u00a0: soit rester sur l&rsquo;A7 (Lan\u00e7on, Rognac, Vitrolles), puis emprunter l&rsquo;A51 au convergent de Sept\u00e8mes en direction d&rsquo;Aix pour r\u00e9cup\u00e9rer l&rsquo;A8, soit passer par S\u00e9nas et la DN7 jusqu&rsquo;\u00e0 Aix. D\u00e9viation depuis Nice vers Lyon\u00a0: \u00e0 Aix sur l&rsquo;A8, emprunter la N296 et la DN7\u00a0 (mont\u00e9e de C\u00e9lony) en direction d&rsquo;Avignon et r\u00e9cup\u00e9rez l&rsquo;A7 \u00e0 S\u00e9nas.<\/p>\n<p><strong>\u2022 A Marseille en direction de Fos<\/strong>\u00a0: fermeture du <strong>tunnel Vieux-Port et Major<\/strong>, de 22h \u00e0 5h30.<\/p>\n<p><strong>\u2022 A Marseille en direction de Toulon<\/strong>\u00a0: fermeture de l&rsquo;<strong>A50<\/strong> entre le d\u00e9but de l&rsquo;autoroute (Menpenti) et Aubagne, de 21h \u00e0 6h.<\/p>\n<p><strong>\u2022 A Marseille en direction de Fos<\/strong>\u00a0: fermeture de l&rsquo;<strong>A55<\/strong> entre la Major et le convergent des Pennes-Mirabeau (jonction avec l&rsquo;A7), de 21h \u00e0 6h.<\/p>\n<p><strong>\u2022 Au convergent de Sept\u00e8mes<\/strong>\u00a0: fermeture de la <strong>liaison A51\/A7<\/strong> sens Aix\/Lyon, de 21h \u00e0 6h.<\/p>\n<p><strong>\u2022 A Bouc-Bel-Air<\/strong>\u00a0: fermeture des deux derniers kilom\u00e8tres de la voie rapide <strong>D6<\/strong> en provenance de Gardanne et en direction de Marseille \u00e0 hauteur de D\u00e9cathlon, de 21h \u00e0 6h.<\/p>\n<p><strong>\u2022 En direction de Marseille<\/strong>\u00a0: fermeture de l&rsquo;<strong>A50<\/strong> entre La Ciotat et Roquefort-La B\u00e9doule, de 21h \u00e0 5h.<\/p>\n<p><strong>\u2022 A La Ciotat<\/strong>\u00a0: fermeture de la bretelle d&rsquo;entr\u00e9e sur l&rsquo;<strong>A50<\/strong> en direction de Toulon (en plus de Marseille \u00e9voqu\u00e9e ci-dessus), de 21h \u00e0 5h.<\/p>\n<p><strong>\u2022 Sur l&rsquo;A52<\/strong>\u00a0: fermeture de l&rsquo;\u00e9changeur\u00a0<strong>Belcod\u00e8ne<\/strong>, de 21h \u00e0 5h.<\/p>\n<p>\u00c0 lire aussi   <img decoding=\"async\" src=\"https:\/\/www.europesays.com\/fr\/wp-content\/uploads\/2026\/01\/1767487318_693_400x400.jpeg\" alt=\"\" style=\"--_image-preview:url('data:image\/jpeg;base64,\/9j\/2wBDACgcHiMeGSgjISMtKygwPGRBPDc3PHtYXUlkkYCZlo+AjIqgtObDoKrarYqMyP\/L2u71\/\/\/\/m8H\/\/\/\/6\/+b9\/\/j\/2wBDASstLTw1PHZBQXb4pYyl+Pj4+Pj4+Pj4+Pj4+Pj4+Pj4+Pj4+Pj4+Pj4+Pj4+Pj4+Pj4+Pj4+Pj4+Pj4+Pj4+Pj\/wAARCAAXACoDASIAAhEBAxEB\/8QAFwABAQEBAAAAAAAAAAAAAAAAAAEDAv\/EABYQAQEBAAAAAAAAAAAAAAAAAAAREv\/EABYBAQEBAAAAAAAAAAAAAAAAAAABAv\/EABURAQEAAAAAAAAAAAAAAAAAAAAR\/9oADAMBAAIRAxEAPwDTS6ZlZo00mnFSrRro0yq0o6iQGVcwBQWAD\/\/Z');\" loading=\"lazy\" fetchpriority=\"low\" aria-hidden=\"true\" class=\"svelte-1cksh76 rounded\" onload=\"this.__e=event\" onerror=\"this.__e=event\"\/><\/p>\n<p>\u200e<\/p>\n<p>NUIT DU MARDI 6 AU MERCREDI 7 JANVIER 2026<\/p>\n<p><strong>\u2022 A Marseille en direction de Fos<\/strong>\u00a0: fermeture du\u00a0<strong>tunnel Vieux-Port et Major<\/strong>, de 22h \u00e0 5h30.<\/p>\n<p><strong>\u2022 A Marseille en direction de Fos<\/strong>\u00a0: fermeture de l&rsquo;<strong>A55<\/strong>\u00a0entre la Major et le convergent des Pennes-Mirabeau (jonction avec l&rsquo;A7), de 21h \u00e0 6h.<\/p>\n<p><strong>\u2022 A Marseille en direction de Toulon<\/strong>\u00a0: fermeture de l&rsquo;<strong>A50<\/strong>\u00a0entre le d\u00e9but de l&rsquo;autoroute (Menpenti) et Aubagne, de 21h \u00e0 6h.<\/p>\n<p><strong>\u2022 Au convergent de Sept\u00e8mes<\/strong>\u00a0: fermeture de la\u00a0<strong>liaison A51\/A7<\/strong>\u00a0sens Aix\/Lyon, de 21h \u00e0 6h.<\/p>\n<p><strong>\u2022 A Aix-en-Provence au Jas-de-Bouffan<\/strong>\u00a0: fermeture de la bretelle d&rsquo;acc\u00e8s sur l&rsquo;<strong>A51<\/strong> en direction de Marseille, de 21h \u00e0 6h.<\/p>\n<p><strong>\u2022 A Aix-en-Provence<\/strong>\u00a0: fermeture de l&rsquo;<strong>A51<\/strong> en provenance de Marseille entre la sortie Aix-Centre et la jonction avec l&rsquo;A8, de 21h \u00e0 6h.<\/p>\n<p><strong>\u2022 A Aix-en-Provence<\/strong>\u00a0: fermeture de la <strong>jonction A8\/A51<\/strong> dans tous les sens (Gap\/Lyon, Gap\/Nice, Nice\/Marseille, Marseille\/Nice) SAUF Nice\/Gap qui sera la seule bretelle d&rsquo;ouverte, de 21h \u00e0 6h.<\/p>\n<p><strong>\u2022 A Bouc-Bel-Air<\/strong>\u00a0: fermeture des deux derniers kilom\u00e8tres de la voie rapide\u00a0<strong>D6<\/strong>\u00a0en provenance de Gardanne et en direction de Marseille \u00e0 hauteur de D\u00e9cathlon, de 21h \u00e0 6h.<\/p>\n<p><strong>\u2022 En direction de Marseille<\/strong>\u00a0: fermeture de l&rsquo;<strong>A50<\/strong>\u00a0entre La Ciotat et Roquefort-La B\u00e9doule, de 21h \u00e0 5h.<\/p>\n<p><strong>\u2022 A La Ciotat<\/strong>\u00a0: fermeture de la bretelle d&rsquo;entr\u00e9e sur l&rsquo;<strong>A50<\/strong>\u00a0en direction de Toulon (en plus de Marseille \u00e9voqu\u00e9e ci-dessus), de 21h \u00e0 5h.<\/p>\n<p><strong>\u2022 Sur l&rsquo;A52<\/strong>\u00a0: fermeture de l&rsquo;\u00e9changeur\u00a0<strong>Belcod\u00e8ne<\/strong>, de 21h \u00e0 5h.<\/p>\n<p>\u200e<\/p>\n<p>NUIT DU MERCREDI 7 AU JEUDI 8 JANVIER 2026<\/p>\n<p><strong>\u2022 A Marseille en direction de Fos<\/strong>\u00a0: fermeture du\u00a0<strong>tunnel Vieux-Port et Major<\/strong>, de 22h \u00e0 5h30.<\/p>\n<p><strong>\u2022 A Marseille en direction de Fos<\/strong>\u00a0: fermeture de l&rsquo;<strong>A55<\/strong>\u00a0entre la Major et le convergent des Pennes-Mirabeau (jonction avec l&rsquo;A7), de 21h \u00e0 6h.<\/p>\n<p><strong>\u2022 A Marseille en direction de Toulon<\/strong>\u00a0: fermeture de l&rsquo;<strong>A50<\/strong>\u00a0entre le d\u00e9but de l&rsquo;autoroute (Menpenti) et Aubagne, de 21h \u00e0 6h.<\/p>\n<p><strong>\u2022 Au convergent de Sept\u00e8mes<\/strong>\u00a0: fermeture de la\u00a0<strong>liaison A51\/A7<\/strong>\u00a0sens Aix\/Lyon, de 21h \u00e0 6h.<\/p>\n<p><strong>\u2022 A Aix-en-Provence au Jas-de-Bouffan<\/strong>\u00a0: fermeture de la bretelle d&rsquo;acc\u00e8s sur l&rsquo;<strong>A51<\/strong>\u00a0en direction de Marseille, de 21h \u00e0 6h.<\/p>\n<p><strong>\u2022 A Aix-en-Provence<\/strong>\u00a0: fermeture de l&rsquo;<strong>A51<\/strong>\u00a0en provenance de Marseille entre la sortie Aix-Centre et la jonction avec l&rsquo;A8, de 21h \u00e0 6h.<\/p>\n<p><strong>\u2022 A Aix-en-Provence<\/strong>\u00a0: fermeture de la\u00a0<strong>jonction A8\/A51<\/strong>\u00a0dans tous les sens (Gap\/Lyon, Gap\/Nice, Nice\/Marseille, Marseille\/Nice) SAUF Nice\/Gap qui sera la seule bretelle d&rsquo;ouverte, de 21h \u00e0 6h.<\/p>\n<p><strong>\u2022 A Bouc-Bel-Air<\/strong>\u00a0: fermeture des deux premiers kilom\u00e8tres de la voie rapide\u00a0<strong>D6<\/strong>\u00a0en provenance de Marseille et en direction de Gardanne \u00e0 hauteur de D\u00e9cathlon, de 21h \u00e0 6h.<\/p>\n<p><strong>\u2022 En direction de Marseille<\/strong>\u00a0: fermeture de l&rsquo;<strong>A50<\/strong>\u00a0entre La Ciotat et Roquefort-La B\u00e9doule, de 21h \u00e0 5h.<\/p>\n<p><strong>\u2022 A La Ciotat<\/strong>\u00a0: fermeture de la bretelle d&rsquo;entr\u00e9e sur l&rsquo;<strong>A50<\/strong>\u00a0en direction de Toulon (en plus de Marseille \u00e9voqu\u00e9e ci-dessus), de 21h \u00e0 5h.<\/p>\n<p><strong>\u2022 Sur l&rsquo;A52<\/strong>\u00a0: fermeture de l&rsquo;\u00e9changeur <strong>Belcod\u00e8ne<\/strong>, de 21h \u00e0 5h.<\/p>\n<p>\u200e<\/p>\n<p>NUIT DU JEUDI 8 AU VENDREDI 9 JANVIER 2026<\/p>\n<p><strong>\u2022 A Marseille<\/strong>\u00a0: fermeture du\u00a0<strong>tunnel Saint-Loup<\/strong>, de 21h \u00e0 5h30.<\/p>\n<p><strong>\u2022 A Marseille en direction de Toulon<\/strong>\u00a0: fermeture de l&rsquo;<strong>A50<\/strong>\u00a0entre le d\u00e9but de l&rsquo;autoroute (Menpenti) et Aubagne, de 21h \u00e0 6h.<\/p>\n<p><strong>\u2022 Au convergent de Sept\u00e8mes<\/strong>\u00a0: fermeture de la\u00a0<strong>liaison A51\/A7<\/strong>\u00a0sens Aix\/Lyon, de 21h \u00e0 6h.<\/p>\n<p><strong>\u2022 A Bouc-Bel-Air<\/strong>\u00a0: fermeture des deux premiers kilom\u00e8tres de la voie rapide\u00a0<strong>D6<\/strong>\u00a0en provenance de Marseille et en direction de Gardanne \u00e0 hauteur de D\u00e9cathlon, de 21h \u00e0 6h.<\/p>\n<p><strong>\u2022 A Aix-en-Provence au Jas-de-Bouffan<\/strong>\u00a0: fermeture de la bretelle d&rsquo;acc\u00e8s sur l&rsquo;<strong>A51<\/strong>\u00a0en direction de Marseille, de 21h \u00e0 6h.<\/p>\n<p><strong>\u2022 A Aix-en-Provence<\/strong>\u00a0: fermeture de l&rsquo;<strong>A51<\/strong>\u00a0en provenance de Marseille entre la sortie Aix-Centre et la jonction avec l&rsquo;A8, de 21h \u00e0 6h.<\/p>\n<p><strong>\u2022 A Aix-en-Provence<\/strong>\u00a0: fermeture de la\u00a0<strong>jonction A8\/A51<\/strong>\u00a0dans tous les sens (Gap\/Lyon, Gap\/Nice, Nice\/Marseille, Marseille\/Nice) SAUF Nice\/Gap qui sera la seule bretelle d&rsquo;ouverte, de 21h \u00e0 6h.<\/p>\n<p><strong>\u2022 En direction de Marseille<\/strong>\u00a0: fermeture de l&rsquo;<strong>A50<\/strong>\u00a0entre La Ciotat et Roquefort-La B\u00e9doule, de 21h \u00e0 5h.<\/p>\n<p><strong>\u2022 A La Ciotat<\/strong>\u00a0: fermeture de la bretelle d&rsquo;entr\u00e9e sur l&rsquo;<strong>A50<\/strong>\u00a0en direction de Toulon (en plus de Marseille \u00e9voqu\u00e9e ci-dessus), de 21h \u00e0 5h.<\/p>\n<p><strong>\u2022 Sur l&rsquo;A52<\/strong>\u00a0: fermeture de l&rsquo;\u00e9changeur\u00a0<strong>Belcod\u00e8ne<\/strong>, de 21h \u00e0 5h.<\/p>\n","protected":false},"excerpt":{"rendered":"ICI Provence est la seule radio \u00e0 vous proposer la liste compl\u00e8te des chantiers de nuit sur nos&hellip;\n","protected":false},"author":2,"featured_media":639373,"comment_status":"","ping_status":"","sticky":false,"template":"","format":"standard","meta":{"footnotes":""},"categories":[2814],"tags":[1111,11,1777,674,1011,27,884,12,882,25],"class_list":{"0":"post-639372","1":"post","2":"type-post","3":"status-publish","4":"format-standard","5":"has-post-thumbnail","7":"category-marseille","8":"tag-actu","9":"tag-actualites","10":"tag-eu","11":"tag-europe","12":"tag-fr","13":"tag-france","14":"tag-marseille","15":"tag-news","16":"tag-provence-alpes-cote-dazur","17":"tag-republique-francaise"},"share_on_mastodon":{"url":"https:\/\/pubeurope.com\/@fr\/115834057111464651","error":""},"_links":{"self":[{"href":"https:\/\/www.europesays.com\/fr\/wp-json\/wp\/v2\/posts\/639372","targetHints":{"allow":["GET"]}}],"collection":[{"href":"https:\/\/www.europesays.com\/fr\/wp-json\/wp\/v2\/posts"}],"about":[{"href":"https:\/\/www.europesays.com\/fr\/wp-json\/wp\/v2\/types\/post"}],"author":[{"embeddable":true,"href":"https:\/\/www.europesays.com\/fr\/wp-json\/wp\/v2\/users\/2"}],"replies":[{"embeddable":true,"href":"https:\/\/www.europesays.com\/fr\/wp-json\/wp\/v2\/comments?post=639372"}],"version-history":[{"count":0,"href":"https:\/\/www.europesays.com\/fr\/wp-json\/wp\/v2\/posts\/639372\/revisions"}],"wp:featuredmedia":[{"embeddable":true,"href":"https:\/\/www.europesays.com\/fr\/wp-json\/wp\/v2\/media\/639373"}],"wp:attachment":[{"href":"https:\/\/www.europesays.com\/fr\/wp-json\/wp\/v2\/media?parent=639372"}],"wp:term":[{"taxonomy":"category","embeddable":true,"href":"https:\/\/www.europesays.com\/fr\/wp-json\/wp\/v2\/categories?post=639372"},{"taxonomy":"post_tag","embeddable":true,"href":"https:\/\/www.europesays.com\/fr\/wp-json\/wp\/v2\/tags?post=639372"}],"curies":[{"name":"wp","href":"https:\/\/api.w.org\/{rel}","templated":true}]}}