{"id":639374,"date":"2026-01-04T00:43:16","date_gmt":"2026-01-04T00:43:16","guid":{"rendered":"https:\/\/www.europesays.com\/fr\/639374\/"},"modified":"2026-01-04T00:43:16","modified_gmt":"2026-01-04T00:43:16","slug":"il-na-pas-trouve-la-piste-de-la-sarra-mais-sa-video-a-fait-le-buzz","status":"publish","type":"post","link":"https:\/\/www.europesays.com\/fr\/639374\/","title":{"rendered":"il n\u2019a pas trouv\u00e9 la piste de la Sarra mais sa vid\u00e9o a fait le buzz"},"content":{"rendered":"<p>Il rentre tout juste de la montagne, la vraie, o\u00f9 il a trouv\u00e9 la neige, la vraie. A 26 ans, Damien Soulier, est le cr\u00e9ateur de contenu lyonnais qui, avec son associ\u00e9, a cr\u00e9\u00e9 le buzz sur les r\u00e9seaux sociaux avec sa vid\u00e9o de ski place Bellecour, atteignant les 675\u00a0000 vues sur Instagram. C\u2019est gentiment burlesque.<\/p>\n<p>Ce contenu est bloqu\u00e9 car vous n&rsquo;avez pas accept\u00e9 les cookies et autres traceurs.<\/p>\n<p>En cliquant sur \u00ab J\u2019accepte \u00bb, les cookies et autres traceurs seront d\u00e9pos\u00e9s et vous pourrez visualiser les contenus  (<a href=\"\" class=\"consentModule_policy\" target=\"_blank\" title=\"Consulter la politique de protection des donn\u00e9es du fournisseur\">plus d&rsquo;informations<\/a>).<\/p>\n<p>En cliquant sur \u00ab J\u2019accepte tous les cookies \u00bb, vous autorisez des d\u00e9p\u00f4ts de cookies et autres traceurs pour le stockage de vos donn\u00e9es sur nos sites et applications \u00e0 des fins de personnalisation et de ciblage publicitaire.<\/p>\n<p class=\"consentModule_secondaryText\">Vous gardez la possibilit\u00e9 de retirer votre consentement \u00e0 tout moment en consultant notre <a href=\"https:\/\/www.leprogres.fr\/protection-des-donnees\" target=\"_blank\" title=\"Consulter notre politique de protection des donn\u00e9es\" rel=\"noopener\">politique de protection des donn\u00e9es<\/a>. <br \/>&#13;<br \/>\n            <a href=\"https:\/\/www.leprogres.fr\/societe\/2026\/01\/03\/javascript:Didomi.notice.show()\" class=\"consentModule_cmp\" target=\"_blank\" rel=\"noopener\">G\u00e9rer mes choix<\/a>&#13;\n        <\/p>\n<p>&#13;<br \/>\n                        J&rsquo;accepte&#13;<br \/>\n            J&rsquo;accepte tous les cookies&#13;\n        <\/p>\n<p>  Un mythe lyonnais<\/p>\n<p>Son personnage, Vladimir, porte une magnifique combinaison des ann\u00e9es 1980 rouge -style Bronz\u00e9s- et, mont\u00e9 sur des skis, se fait tracter par son acolyte, en scooter, depuis la place Bellecour. Direction, la piste de la Sarra, dans la face Nord de la colline de Fourvi\u00e8re. Plant\u00e9e \u00e0 280 m\u00e8tres d\u2019altitude et desservie par un vrai t\u00e9l\u00e9si\u00e8ge, cette piste artificielle imagin\u00e9e par Tony Bertrand, adjoint aux Sports du maire Louis Pradel, a fait le bonheur, des Lyonnais entre\u00a01964 et\u00a01975, avant d\u2019\u00eatre totalement abandonn\u00e9e. Depuis, c\u2019est un souvenir grav\u00e9 dans la m\u00e9moire des anciens. Un mythe lyonnais. Presque une l\u00e9gende urbaine.<\/p>\n<p>Damien Soulier n\u2019aura pas eu le temps de la d\u00e9couvrir. D\u2019ailleurs, s\u2019il avait pu, il se serait sans doute retrouv\u00e9 fort d\u00e9pourvu <a href=\"https:\/\/www.leprogres.fr\/economie\/2024\/03\/15\/fermee-pur-cause-de-danger-la-piste-de-la-sara-rouvre-exceptionnellement-pour-le-lyon-urban-trail-dimanche-24-mars\" target=\"_blank\" rel=\"noopener\">devant le portail ferm\u00e9 qui, depuis quelques ann\u00e9es, interdit d\u2019acc\u00e8s cette partie du parc des hauteurs, pour des raisons de s\u00e9curit\u00e9<\/a>.<\/p>\n<p>Bref. Sa vir\u00e9e a \u00e9t\u00e9 stopp\u00e9e nette devant le palais de justice de Saint-Jean. A l\u2019entendre, il n\u2019\u00e9tait pas pr\u00e9vu de rencontrer les policiers sur les quais de Sa\u00f4ne, pas pr\u00e9vu non plus de se faire interpeller, pas pr\u00e9vu enfin de se faire verbaliser. \u00ab\u00a0Ils ont \u00e9t\u00e9 malgr\u00e9 tout sympa avec nous\u00a0\u00bb, raconte-t-il, un peu honteux.<\/p>\n<p>  Business<\/p>\n<p>On l\u2019avait d\u00e9j\u00e0 vu, dans des vid\u00e9os pr\u00e9c\u00e9dentes, tenter de skier la mont\u00e9e de la grande c\u00f4te, dans le sens de la descente, ou le jardin des plantes, dans les pentes de la Croix-Rousse. \u00ab\u00a0L\u2019id\u00e9e nous est venue dans le cadre de notre activit\u00e9\u00a0\u00bb, explique le cr\u00e9ateur de contenu, qui a lanc\u00e9, avec son associ\u00e9, Le Microsaucisse, sous la forme d\u2019une micro-entreprise. Un concept d\u2019un genre nouveau en France qui consiste \u00e0 produire du contenu humoristique (souvent d\u00e9jant\u00e9, tonalit\u00e9\u00a0Micha\u00ebl Youn)\u00a0pour des marques en r\u00e9alisant des micros-trottoirs \u00e0 vis\u00e9es publicitaires pour des clients. Bref, une agence de pub 2.0 et un business qui fait doucement (mais s\u00fbrement) son chemin. L\u2019une de leurs derni\u00e8res prestations consistait \u00e0 faire de la pub pour une station de ski. D\u2019o\u00f9 la combinaison rouge. D\u2019o\u00f9 la piste de la Sarra. \u00ab\u00a0On a commenc\u00e9 par recycler des morceaux de rushs de ce tournage pour faire vivre nos r\u00e9seaux. Et puis on a eu l\u2019id\u00e9e de la place Bellecour et du scooter\u00a0\u00bb, se souvient-il. On conna\u00eet la fin du sc\u00e9nario.<\/p>\n<p>Pas question de retenter cette aventure qui flirte avec l\u2019ill\u00e9galit\u00e9. Mais pas question non plus de ranger totalement les skis. Apr\u00e8s tout, la saison vient \u00e0 peine de d\u00e9buter. Et des chemins (m\u00eame de bitume) \u00e0 d\u00e9valer \u00e0 Lyon, il y en quelques-uns entre les deux collines. \u00ab\u00a0Il para\u00eet que \u00e7a, on a le droit.\u00a0\u00bb<\/p>\n","protected":false},"excerpt":{"rendered":"Il rentre tout juste de la montagne, la vraie, o\u00f9 il a trouv\u00e9 la neige, la vraie. A&hellip;\n","protected":false},"author":2,"featured_media":639375,"comment_status":"","ping_status":"","sticky":false,"template":"","format":"standard","meta":{"footnotes":""},"categories":[1889],"tags":[1111,11,2430,2757,1777,674,107,1011,27,1757,2428,2756,12,25,2429,3151,104],"class_list":{"0":"post-639374","1":"post","2":"type-post","3":"status-publish","4":"format-standard","5":"has-post-thumbnail","7":"category-lyon","8":"tag-actu","9":"tag-actualites","10":"tag-auvergne-rhone-alpes","11":"tag-edition-lyon-villeurbanne","12":"tag-eu","13":"tag-europe","14":"tag-fil-info","15":"tag-fr","16":"tag-france","17":"tag-insolite","18":"tag-lyon","19":"tag-lyon-bassin","20":"tag-news","21":"tag-republique-francaise","22":"tag-rhone","23":"tag-selection-de-la-redaction-69","24":"tag-societe"},"share_on_mastodon":{"url":"https:\/\/pubeurope.com\/@fr\/115834061005616759","error":""},"_links":{"self":[{"href":"https:\/\/www.europesays.com\/fr\/wp-json\/wp\/v2\/posts\/639374","targetHints":{"allow":["GET"]}}],"collection":[{"href":"https:\/\/www.europesays.com\/fr\/wp-json\/wp\/v2\/posts"}],"about":[{"href":"https:\/\/www.europesays.com\/fr\/wp-json\/wp\/v2\/types\/post"}],"author":[{"embeddable":true,"href":"https:\/\/www.europesays.com\/fr\/wp-json\/wp\/v2\/users\/2"}],"replies":[{"embeddable":true,"href":"https:\/\/www.europesays.com\/fr\/wp-json\/wp\/v2\/comments?post=639374"}],"version-history":[{"count":0,"href":"https:\/\/www.europesays.com\/fr\/wp-json\/wp\/v2\/posts\/639374\/revisions"}],"wp:featuredmedia":[{"embeddable":true,"href":"https:\/\/www.europesays.com\/fr\/wp-json\/wp\/v2\/media\/639375"}],"wp:attachment":[{"href":"https:\/\/www.europesays.com\/fr\/wp-json\/wp\/v2\/media?parent=639374"}],"wp:term":[{"taxonomy":"category","embeddable":true,"href":"https:\/\/www.europesays.com\/fr\/wp-json\/wp\/v2\/categories?post=639374"},{"taxonomy":"post_tag","embeddable":true,"href":"https:\/\/www.europesays.com\/fr\/wp-json\/wp\/v2\/tags?post=639374"}],"curies":[{"name":"wp","href":"https:\/\/api.w.org\/{rel}","templated":true}]}}