{"id":639376,"date":"2026-01-04T00:44:14","date_gmt":"2026-01-04T00:44:14","guid":{"rendered":"https:\/\/www.europesays.com\/fr\/639376\/"},"modified":"2026-01-04T00:44:14","modified_gmt":"2026-01-04T00:44:14","slug":"l1-lyon-coule-monaco-rennes-soffre-le-losc-nice-se-stabilise","status":"publish","type":"post","link":"https:\/\/www.europesays.com\/fr\/639376\/","title":{"rendered":"L1: Lyon coule Monaco, Rennes s&rsquo;offre le Losc, Nice se stabilise"},"content":{"rendered":"<p class=\"mb-4 text-lg md:leading-8 break-words\">Monaco a \u00e9t\u00e9 battu \u00e0 domicile par Lyon (3-1), comme le Losc par Rennes (2-0), samedi pour la 17e journ\u00e9e de Ligue 1, qui a vu le Nice de Claude Puel prendre un point encourageant face \u00e0 Strasbourg.<\/p>\n<p class=\"mb-4 text-lg md:leading-8 break-words\">C&rsquo;est Elye Wahi, tout juste recrut\u00e9 par les Aiglons, qui leur a permis d&rsquo;\u00e9galiser contre Strasbourg et d&rsquo;ouvrir sans faux pas l&rsquo;\u00e8re Puel apr\u00e8s l&rsquo;\u00e9chec de Franck Haise (13e place). Joaquin Panichelli avait ouvert le score dans cette partie anim\u00e9e.<\/p>\n<p class=\"mb-4 text-lg md:leading-8 break-words\">De son c\u00f4t\u00e9 l&rsquo;Anglais Liam Rosenior a peut-\u00eatre connu son dernier match sur le banc alsacien, avant un d\u00e9part vers Chelsea, de la m\u00eame galaxie Blue Co. Il quitterait le club sur une note am\u00e8re apr\u00e8s un tr\u00e8s bon d\u00e9but de saison, puisque Strasbourg (7e, 24 points) est d\u00e9sormais distanc\u00e9 par le train de t\u00eate.<\/p>\n<p class=\"mb-4 text-lg md:leading-8 break-words\">Car aux cinqui\u00e8me et sixi\u00e8me places, Lyon et Rennes (30 points) ont tous deux gagn\u00e9 samedi, profitant d&rsquo;exclusions c\u00f4t\u00e9 mon\u00e9gasque et lillois. Un doubl\u00e9 de Sulc, notamment, a scell\u00e9 la rencontre \u00e0 Louis-II, ainsi que le carton rouge de Coulibaly.<\/p>\n<p class=\"mb-4 text-lg md:leading-8 break-words\">Pour leur part les hommes de Habib Beye, sereins malgr\u00e9 la d\u00e9termination des Lillois \u00e0 ne pas craquer, ont fait la diff\u00e9rence par Frankowski et Merlin apr\u00e8s l&rsquo;exclusion d&rsquo;Alexsandro.<\/p>\n<p class=\"mb-4 text-lg md:leading-8 break-words\">Lille reste quatri\u00e8me avec 32 points. Quant \u00e0 Monaco, le d\u00e9but de mandat de S\u00e9bastien Pocognoli est d\u00e9cid\u00e9ment compliqu\u00e9, avec une troisi\u00e8me d\u00e9faite d&rsquo;affil\u00e9e et une 9e place loin des standards du club, deuxi\u00e8me puis troisi\u00e8me lors des deux derni\u00e8res saisons.<\/p>\n<p class=\"mb-4 text-lg md:leading-8 break-words\">bap\/ah<\/p>\n","protected":false},"excerpt":{"rendered":"Monaco a \u00e9t\u00e9 battu \u00e0 domicile par Lyon (3-1), comme le Losc par Rennes (2-0), samedi pour la&hellip;\n","protected":false},"author":2,"featured_media":639377,"comment_status":"","ping_status":"","sticky":false,"template":"","format":"standard","meta":{"footnotes":""},"categories":[1889],"tags":[1111,11,2430,73688,74626,1777,674,1011,27,3308,42743,40773,15900,66,1307,2267,2428,3127,12,584,25,640,74625],"class_list":{"0":"post-639376","1":"post","2":"type-post","3":"status-publish","4":"format-standard","5":"has-post-thumbnail","7":"category-lyon","8":"tag-actu","9":"tag-actualites","10":"tag-auvergne-rhone-alpes","11":"tag-claude-puel","12":"tag-elye-wahi","13":"tag-eu","14":"tag-europe","15":"tag-fr","16":"tag-france","17":"tag-franck-haise","18":"tag-frankowski","19":"tag-joaquin-panichelli","20":"tag-liam-rosenior","21":"tag-ligue-1","22":"tag-lille","23":"tag-losc","24":"tag-lyon","25":"tag-monaco","26":"tag-news","27":"tag-rennes","28":"tag-republique-francaise","29":"tag-strasbourg","30":"tag-valery-hache"},"share_on_mastodon":{"url":"https:\/\/pubeurope.com\/@fr\/115834064883882366","error":""},"_links":{"self":[{"href":"https:\/\/www.europesays.com\/fr\/wp-json\/wp\/v2\/posts\/639376","targetHints":{"allow":["GET"]}}],"collection":[{"href":"https:\/\/www.europesays.com\/fr\/wp-json\/wp\/v2\/posts"}],"about":[{"href":"https:\/\/www.europesays.com\/fr\/wp-json\/wp\/v2\/types\/post"}],"author":[{"embeddable":true,"href":"https:\/\/www.europesays.com\/fr\/wp-json\/wp\/v2\/users\/2"}],"replies":[{"embeddable":true,"href":"https:\/\/www.europesays.com\/fr\/wp-json\/wp\/v2\/comments?post=639376"}],"version-history":[{"count":0,"href":"https:\/\/www.europesays.com\/fr\/wp-json\/wp\/v2\/posts\/639376\/revisions"}],"wp:featuredmedia":[{"embeddable":true,"href":"https:\/\/www.europesays.com\/fr\/wp-json\/wp\/v2\/media\/639377"}],"wp:attachment":[{"href":"https:\/\/www.europesays.com\/fr\/wp-json\/wp\/v2\/media?parent=639376"}],"wp:term":[{"taxonomy":"category","embeddable":true,"href":"https:\/\/www.europesays.com\/fr\/wp-json\/wp\/v2\/categories?post=639376"},{"taxonomy":"post_tag","embeddable":true,"href":"https:\/\/www.europesays.com\/fr\/wp-json\/wp\/v2\/tags?post=639376"}],"curies":[{"name":"wp","href":"https:\/\/api.w.org\/{rel}","templated":true}]}}