{"id":639380,"date":"2026-01-04T00:47:10","date_gmt":"2026-01-04T00:47:10","guid":{"rendered":"https:\/\/www.europesays.com\/fr\/639380\/"},"modified":"2026-01-04T00:47:10","modified_gmt":"2026-01-04T00:47:10","slug":"incendie-meurtrier-a-crans-montana-la-suisse-decrete-une-journee-de-deuil-national-le-9-janvier","status":"publish","type":"post","link":"https:\/\/www.europesays.com\/fr\/639380\/","title":{"rendered":"Incendie meurtrier \u00e0 Crans-Montana\u00a0: la Suisse d\u00e9cr\u00e8te une journ\u00e9e de deuil national le 9\u00a0janvier"},"content":{"rendered":"<p class=\"paragraph text_align_left lp-f-body-02\">Un traumatisme immense. La Suisse a d\u00e9cr\u00e9t\u00e9 une journ\u00e9e de deuil national vendredi 9 janvier, apr\u00e8s l\u2019incendie la nuit du nouvel an <a href=\"https:\/\/www.leparisien.fr\/faits-divers\/incendie-mortel-d-un-bar-a-crans-montana\/\" target=\"_self\" rel=\"noopener\">dans un bar de la station alpine de Crans-Montana<\/a>, qui a fait 40 morts et 119 bless\u00e9s, a annonc\u00e9 le pr\u00e9sident helv\u00e9tique.<\/p>\n<p class=\"\">\u00ab Le 9 janvier, la Conf\u00e9d\u00e9ration pr\u00e9voit, en collaboration avec les \u00c9glises suisses, une journ\u00e9e de deuil national \u00bb, a d\u00e9clar\u00e9 Guy Parmelin dans un entretien au journal dominical SonntagsBlick. En signe suppl\u00e9mentaire de solidarit\u00e9 nationale, toutes les cloches des \u00e9glises de Suisse sonneront \u00e0 14h00 (13H00 GMT) lorsque d\u00e9butera une c\u00e9r\u00e9monie d\u2019hommage \u00e0 Crans-Montana.<\/p>\n<p class=\"\">\u00ab Une minute de silence est \u00e9galement pr\u00e9vue. Dans ce moment de recueillement, toutes les personnes en Suisse pourront rendre hommage, \u00e0 titre personnel, aux victimes de la catastrophe \u00bb, a indiqu\u00e9 M. Parmelin.<\/p>\n<p>L\u2019enqu\u00eate se poursuit<\/p>\n<p class=\"\">D\u2019apr\u00e8s les premiers \u00e9l\u00e9ments de l\u2019enqu\u00eate, le feu serait parti de bougies incandescentes qui ont \u00e9t\u00e9 mises sur des bouteilles de champagne, incendiant le plafond du sous-sol de l\u2019\u00e9tablissement, fr\u00e9quent\u00e9 par de nombreux jeunes.<\/p>\n<p class=\"lp-card-podcast-highlighting__title  lp-f-subtitle-05\">Affaire Saizelet\u00a0: un meurtre inspir\u00e9 par la s\u00e9rie \u00ab\u00a0Columbo\u00a0\u00bb<\/p>\n<p><a class=\"lp-card-podcast-highlighting__call-to-action\" data-page-type=\"HP\" data-block-name=\"podcast-highlight\">\u00c9couter<\/a><\/p>\n<p class=\"\">Outre l\u2019usage de ces bougies, les enqu\u00eateurs se penchent sur les acc\u00e8s au sous-sol et la mousse &#8211; un isolant acoustique &#8211; recouvrant le plafond du sous-sol du bar, qui semble s\u2019\u00eatre rapidement embras\u00e9e selon des vid\u00e9os circulant sur les r\u00e9seaux sociaux.<\/p>\n<p class=\"title-embed-dailymotion lp-color-text lp-f-subtitle-04\">Vid\u00e9o\u00ab Mon fils a \u00e9t\u00e9 sauv\u00e9 par son manque de batterie\u00bb : Crans-Montana pleure ses enfants<\/p>\n<p class=\"\">Les autorit\u00e9s suisses ont annonc\u00e9 samedi <a href=\"https:\/\/www.leparisien.fr\/faits-divers\/incendie-en-suisse-ouverture-dune-instruction-penale-contre-les-gerants-francais-du-bar-03-01-2026-Z6LGMAVNNFAFHIE3VY3CQ27DV4.php\" target=\"_self\" rel=\"noopener\">l\u2019ouverture d\u2019une enqu\u00eate p\u00e9nale contre les deux g\u00e9rants fran\u00e7ais du bar<\/a>, qui sont \u00ab pr\u00e9venus d\u2019homicide par n\u00e9gligence, de l\u00e9sions corporelles par n\u00e9gligence et d\u2019incendie par n\u00e9gligence \u00bb.<\/p>\n","protected":false},"excerpt":{"rendered":"Un traumatisme immense. La Suisse a d\u00e9cr\u00e9t\u00e9 une journ\u00e9e de deuil national vendredi 9 janvier, apr\u00e8s l\u2019incendie la&hellip;\n","protected":false},"author":2,"featured_media":639381,"comment_status":"","ping_status":"","sticky":false,"template":"","format":"standard","meta":{"footnotes":""},"categories":[1888],"tags":[1111,1928,11,1927,1777,674,118,1011,27,12,1926,626,1925,25],"class_list":{"0":"post-639380","1":"post","2":"type-post","3":"status-publish","4":"format-standard","5":"has-post-thumbnail","7":"category-paris","8":"tag-actu","9":"tag-actu-paris","10":"tag-actualites","11":"tag-actualites-paris","12":"tag-eu","13":"tag-europe","14":"tag-faits-divers","15":"tag-fr","16":"tag-france","17":"tag-news","18":"tag-news-paris","19":"tag-paris","20":"tag-paris-news","21":"tag-republique-francaise"},"share_on_mastodon":{"url":"https:\/\/pubeurope.com\/@fr\/115834077055156955","error":""},"_links":{"self":[{"href":"https:\/\/www.europesays.com\/fr\/wp-json\/wp\/v2\/posts\/639380","targetHints":{"allow":["GET"]}}],"collection":[{"href":"https:\/\/www.europesays.com\/fr\/wp-json\/wp\/v2\/posts"}],"about":[{"href":"https:\/\/www.europesays.com\/fr\/wp-json\/wp\/v2\/types\/post"}],"author":[{"embeddable":true,"href":"https:\/\/www.europesays.com\/fr\/wp-json\/wp\/v2\/users\/2"}],"replies":[{"embeddable":true,"href":"https:\/\/www.europesays.com\/fr\/wp-json\/wp\/v2\/comments?post=639380"}],"version-history":[{"count":0,"href":"https:\/\/www.europesays.com\/fr\/wp-json\/wp\/v2\/posts\/639380\/revisions"}],"wp:featuredmedia":[{"embeddable":true,"href":"https:\/\/www.europesays.com\/fr\/wp-json\/wp\/v2\/media\/639381"}],"wp:attachment":[{"href":"https:\/\/www.europesays.com\/fr\/wp-json\/wp\/v2\/media?parent=639380"}],"wp:term":[{"taxonomy":"category","embeddable":true,"href":"https:\/\/www.europesays.com\/fr\/wp-json\/wp\/v2\/categories?post=639380"},{"taxonomy":"post_tag","embeddable":true,"href":"https:\/\/www.europesays.com\/fr\/wp-json\/wp\/v2\/tags?post=639380"}],"curies":[{"name":"wp","href":"https:\/\/api.w.org\/{rel}","templated":true}]}}