{"id":639382,"date":"2026-01-04T00:48:27","date_gmt":"2026-01-04T00:48:27","guid":{"rendered":"https:\/\/www.europesays.com\/fr\/639382\/"},"modified":"2026-01-04T00:48:27","modified_gmt":"2026-01-04T00:48:27","slug":"une-rue-et-44-metres-decart-psg-paris-fc-le-derby-le-plus-proche-des-grandes-villes-europeennes","status":"publish","type":"post","link":"https:\/\/www.europesays.com\/fr\/639382\/","title":{"rendered":"Une rue et 44 m\u00e8tres d\u2019\u00e9cart\u00a0: PSG-Paris FC, le derby le plus proche des grandes villes europ\u00e9ennes"},"content":{"rendered":"<p class=\"paragraph text_align_left lp-f-body-02\">Une simple rue d\u2019\u00e9cart et 44 petits m\u00e8tres ! En \u00ab d\u00e9placement \u00bb sur la pelouse du Parc des Princes pour affronter le Paris Saint-Germain ce dimanche 4 janvier (20h45), <a href=\"https:\/\/www.leparisien.fr\/sports\/football\/paris-fc\/\" target=\"_blank\" rel=\"noreferrer noopener\">le Paris FC<\/a> ne va s\u2019\u00e9loigner que de quelques pas de l\u2019antre qu\u2019il occupe depuis la fin de l\u2019\u00e9t\u00e9 : le stade Jean-Bouin.<\/p>\n<p class=\"\">En acc\u00e9dant \u00e0 la <a href=\"https:\/\/www.leparisien.fr\/sports\/football\/ligue-1\/\" target=\"_blank\" rel=\"noreferrer noopener\">Ligue 1<\/a> et en quittant le Stade Charl\u00e9ty dans le XIIIe arrondissement, le second club de la capitale s\u2019est g\u00e9ographiquement rapproch\u00e9 de tr\u00e8s pr\u00e8s du champion de France en titre. Depuis le d\u00e9but de la saison, les deux clubs jouent chacun leur tour dans le XVIe arrondissement, l\u2019un \u00e9voluant \u00e0 domicile quand l\u2019autre se d\u00e9place chez un adversaire plus lointain. Ils ne se croisent donc jamais. Mais ils vont se retrouver ce dimanche soir sur la m\u00eame pelouse, une premi\u00e8re entre deux \u00e9quipes parisiennes depuis f\u00e9vrier 1990 et une rencontre entre le Racing Paris et le PSG.<\/p>\n<p class=\"\">48 000 spectateurs dont <a href=\"https:\/\/www.leparisien.fr\/paris-75\/pas-dultras-visiteurs-dispositif-de-securite-habituel-pourquoi-le-derby-psg-paris-fc-au-parc-nest-pas-classe-a-risques-01-01-2026-ZMOVLAZKTNC7HJZWBD7QFPOFAM.php\" target=\"_blank\" rel=\"noreferrer noopener\">une large majorit\u00e9 de supporters des Rouge et Bleu,<\/a> vont participer \u00e0 la f\u00eate et assister au d\u00e9sormais plus proche derby d\u2019Europe. Car si quelques \u00e9quipes se partagent le m\u00eame stade et la m\u00eame pelouse &#8211; <a href=\"https:\/\/www.leparisien.fr\/sports\/football\/italie-feu-vert-pour-la-vente-de-san-siro-a-lac-milan-et-linter-etape-cruciale-avant-la-destruction-du-stade-30-09-2025-PGNVOOMFERE2LMKQNPSP4OR33Q.php\" target=\"_blank\" rel=\"noreferrer noopener\">l\u2019Inter Milan et l\u2019AC Milan \u00e0 San Siro<\/a>, la Lazio et la Roma dans la capitale italienne ou encore les deux \u00e9quipes de Bruges dans le championnat belge &#8211; les deux enceintes parisiennes sont bien les plus rapproch\u00e9es, ce qui en fait un \u00ab derby tr\u00e8s particulier \u00bb a d\u2019ailleurs relev\u00e9 Luis Enrique en conf\u00e9rence de presse. \u00ab Je suis content de jouer un derby \u00e0 Paris, s\u2019est-il r\u00e9joui. C\u2019est beau pour la ville. \u00bb<\/p>\n<p><img decoding=\"async\" class=\"image \" loading=\"lazy\" src=\"https:\/\/www.europesays.com\/fr\/wp-content\/uploads\/2026\/01\/RXKN3PXEPVCMFB46K6A2JHMZYE.jpg\" alt=\"\" align=\"\" data-rubrique-principale=\"\" data-article-type=\"\" fetchpriority=\"auto\"\/>\u00c0 Manchester, 6 kilom\u00e8tres entre Old Trafford et l\u2019Etihad<\/p>\n<p class=\"\">Ailleurs en Europe, de nombreuses m\u00e9tropoles comptent deux clubs au tr\u00e8s haut niveau qui pour habitude de s\u2019affronter. Leurs stades sont parfois \u00e9loign\u00e9s de quelques centaines de m\u00e8tres \u00e0 vol d\u2019oiseau seulement mais aucun ne fait \u00ab mieux \u00bb que les clubs parisiens. Ainsi, le Benfica et le Sporting \u00e0 Lisbonne ne sont s\u00e9par\u00e9s que par 2,21 km, Liverpool et son mythique Anfield est presque aussi proche du nouveau stade qu\u2019occupe d\u00e9sormais Everton (2,8 km), l\u2019Emirates des joueurs d\u2019Arsenal et le terrain de Tottenham sont distants de 6,29 km au Nord de Londres quand le chemin entre Old Trafford et l\u2019Etihad Stadium, respectivement terrain de jeu de Manchester United et de Manchester City, est long de 6,43 km.<\/p>\n<p class=\"\">L\u2019Espagne tient aussi ses deux derbys, avec un peu plus de 5 km d\u2019\u00e9cart entre le Camp Nou et le RCDE Stadium, les deux stades des clubs de Barcelone et 7,73 km entre Santagio Bernabeu, enceinte o\u00f9 \u00e9voluent <a href=\"https:\/\/www.leparisien.fr\/sports\/football\/kylian-mbappe\/\" target=\"_blank\" rel=\"noreferrer noopener\">Kylian Mbapp\u00e9<\/a> et ses co\u00e9quipiers du Real Madrid et le Riyadh Air Metropolitano de l\u2019Atl\u00e9tico de Madrid.<\/p>\n<p class=\"\">D\u2019ici quelques mois, \u00e0 l\u2019occasion de la 34e journ\u00e9e de championnat, sonnera l\u2019heure pour les Champions d\u2019Europe d\u2019aller visiter leurs voisins. Pour le dernier match de sa premi\u00e8re saison dans l\u2019\u00e9lite, le promu parisien recevra \u00e0 son tour le Paris Saint-Germain. Une premi\u00e8re, cette fois, \u00e0 Jean-Bouin !<\/p>\n","protected":false},"excerpt":{"rendered":"Une simple rue d\u2019\u00e9cart et 44 petits m\u00e8tres ! En \u00ab d\u00e9placement \u00bb sur la pelouse du Parc&hellip;\n","protected":false},"author":2,"featured_media":635269,"comment_status":"","ping_status":"","sticky":false,"template":"","format":"standard","meta":{"footnotes":""},"categories":[1888],"tags":[1111,1928,11,1927,1777,674,63,1011,27,12,1926,626,1925,93,25,60],"class_list":{"0":"post-639382","1":"post","2":"type-post","3":"status-publish","4":"format-standard","5":"has-post-thumbnail","7":"category-paris","8":"tag-actu","9":"tag-actu-paris","10":"tag-actualites","11":"tag-actualites-paris","12":"tag-eu","13":"tag-europe","14":"tag-football","15":"tag-fr","16":"tag-france","17":"tag-news","18":"tag-news-paris","19":"tag-paris","20":"tag-paris-news","21":"tag-psg","22":"tag-republique-francaise","23":"tag-sports"},"share_on_mastodon":{"url":"https:\/\/pubeurope.com\/@fr\/115834080944148406","error":""},"_links":{"self":[{"href":"https:\/\/www.europesays.com\/fr\/wp-json\/wp\/v2\/posts\/639382","targetHints":{"allow":["GET"]}}],"collection":[{"href":"https:\/\/www.europesays.com\/fr\/wp-json\/wp\/v2\/posts"}],"about":[{"href":"https:\/\/www.europesays.com\/fr\/wp-json\/wp\/v2\/types\/post"}],"author":[{"embeddable":true,"href":"https:\/\/www.europesays.com\/fr\/wp-json\/wp\/v2\/users\/2"}],"replies":[{"embeddable":true,"href":"https:\/\/www.europesays.com\/fr\/wp-json\/wp\/v2\/comments?post=639382"}],"version-history":[{"count":0,"href":"https:\/\/www.europesays.com\/fr\/wp-json\/wp\/v2\/posts\/639382\/revisions"}],"wp:featuredmedia":[{"embeddable":true,"href":"https:\/\/www.europesays.com\/fr\/wp-json\/wp\/v2\/media\/635269"}],"wp:attachment":[{"href":"https:\/\/www.europesays.com\/fr\/wp-json\/wp\/v2\/media?parent=639382"}],"wp:term":[{"taxonomy":"category","embeddable":true,"href":"https:\/\/www.europesays.com\/fr\/wp-json\/wp\/v2\/categories?post=639382"},{"taxonomy":"post_tag","embeddable":true,"href":"https:\/\/www.europesays.com\/fr\/wp-json\/wp\/v2\/tags?post=639382"}],"curies":[{"name":"wp","href":"https:\/\/api.w.org\/{rel}","templated":true}]}}