{"id":639383,"date":"2026-01-04T00:49:15","date_gmt":"2026-01-04T00:49:15","guid":{"rendered":"https:\/\/www.europesays.com\/fr\/639383\/"},"modified":"2026-01-04T00:49:15","modified_gmt":"2026-01-04T00:49:15","slug":"neige-et-verglas-des-flocons-a-paris-les-sols-recouverts-en-normandie","status":"publish","type":"post","link":"https:\/\/www.europesays.com\/fr\/639383\/","title":{"rendered":"Neige et verglas\u00a0: des flocons \u00e0 Paris, les sols recouverts en Normandie"},"content":{"rendered":"<p class=\"\">Une surprise d\u00e8s le r\u00e9veil. <a href=\"https:\/\/www.leparisien.fr\/oise-60\/les-premiers-flocons-de-2026-sont-tombes-en-ile-de-france-et-dans-loise-places-en-vigilance-jaune-neige-verglas-02-01-2026-XHMU4QE7VZGKJCLAGCO7QT7374.php\" target=\"_blank\" rel=\"noreferrer noopener\">Des flocons de neige<\/a> ont recouvert les sols des rues de <a href=\"https:\/\/www.leparisien.fr\/paris-75\/tout-le-monde-jette-tout-tout-le-temps-paris-est-elle-vraiment-la-capitale-des-villes-sales-20-12-2025-VVT25H2Q4ZAGTJSJTXTRZONLMA.php\" target=\"_blank\" rel=\"noreferrer noopener\">Paris<\/a> ce samedi matin. Tous les d\u00e9partements d\u2019<a href=\"https:\/\/www.leparisien.fr\/info-paris-ile-de-france-oise\/transports\/pour-son-budget-2026-la-region-ile-de-france-compte-chaque-centime-a-cause-dune-saignee-de-letat-03-12-2025-QMIS3NXNINDJRD7SUWB6R34EGU.php\" target=\"_blank\" rel=\"noreferrer noopener\">\u00cele-de-France<\/a> sont plac\u00e9s en vigilance jaune neige verglas ce samedi.<\/p>\n<p><img decoding=\"async\" class=\"image \" loading=\"lazy\" src=\"https:\/\/www.europesays.com\/fr\/wp-content\/uploads\/2026\/01\/AGTRDYEFU5HAVHF7QO7AYJYFUE.jpg\" alt=\"\ufffdPHOTOPQR\/LE PARISIEN\/Delphine Goldsztejn ; Paris ; 03\/01\/2026 ; Neige \ufffd Paris&#13;&#10;12\ufffdme&#13;&#10;Le 03\/01\/2026&#13;&#10;Photo : Delphine Goldsztejn\" align=\"\" data-rubrique-principale=\"\" data-article-type=\"\" fetchpriority=\"auto\"\/>\ufffdPHOTOPQR\/LE PARISIEN\/Delphine Goldsztejn ; Paris ; 03\/01\/2026 ; Neige \ufffd Paris&#13;<br \/>\n12\ufffdme&#13;<br \/>\nLe 03\/01\/2026&#13;<br \/>\nPhoto : Delphine Goldsztejn\u00ab La neige \u00e0 Paris \u00bb<\/p>\n<p class=\"\">Des images de ces averses de neige ont \u00e9t\u00e9 partag\u00e9es sur X. \u00ab La neige \u00e0 Paris \u00bb, \u00e9crit un utilisateur du r\u00e9seau social, ayant captur\u00e9 les flocons de neige tombant devant le <a href=\"https:\/\/www.leparisien.fr\/politique\/pantheon-decouvrez-les-secrets-de-la-crypte-ou-sont-enterres-les-grands-noms-de-la-republique-08-10-2025-O7R27HYJXJH6RD7JVCYBQ46WU4.php\" target=\"_blank\" rel=\"noreferrer noopener\">Panth\u00e9on<\/a>.<\/p>\n<p class=\"\">Un autre utilisateur de X indique que cette neige \u00ab tient facilement au sol, y compris dans Paris \u00bb et met en garde contre \u00ab les chauss\u00e9es localement glissantes \u00bb. Il accompagne ses propos d\u2019une vid\u00e9o tourn\u00e9e \u00e0 <a href=\"https:\/\/www.leparisien.fr\/hauts-de-seine-92\/boulogne-billancourt-92100\/\" target=\"_blank\" rel=\"noreferrer noopener\">Boulogne-Billancourt<\/a> (Hauts-de-Seine).<\/p>\n<blockquote class=\"twitter-tweet\">\n<p lang=\"fr\" dir=\"ltr\">[DIRECT] \u2744\ufe0f Le petit front qui circule ce matin entre la Normandie, les Hauts-de-France, la r\u00e9gion parisienne et le Grand Est apporte de la <a href=\"https:\/\/twitter.com\/hashtag\/neige?src=hash&amp;ref_src=twsrc%5Etfw\" target=\"_blank\" rel=\"noopener\">#neige<\/a> qui tient facilement au sol, y compris dans <a href=\"https:\/\/twitter.com\/hashtag\/Paris?src=hash&amp;ref_src=twsrc%5Etfw\" target=\"_blank\" rel=\"noopener\">#Paris<\/a>. Gare aux chauss\u00e9es localement glissantes ! (Vid\u00e9o tourn\u00e9e \u00e0 Boulogne-Billancourt) <a href=\"https:\/\/t.co\/bCQjimDBuW\">pic.twitter.com\/bCQjimDBuW<\/a><\/p>\n<p>\u2014 Guillaume Woznica (@GWoznica) <a href=\"https:\/\/twitter.com\/GWoznica\/status\/2007347372767269357?ref_src=twsrc%5Etfw\" target=\"_blank\" rel=\"noopener\">January 3, 2026<\/a><\/p><\/blockquote>\n<p>De la neige aussi en Normandie<\/p>\n<p class=\"\">Une petite couche de neige est \u00e9galement tomb\u00e9e en Normandie. Un manteau neigeux a recouvert la ville de Caen (Calvados), selon M\u00e9t\u00e9o-villes.<\/p>\n<p class=\"\">D\u2019autres villes, comme celle de Lyons-la-For\u00eat (Eure), se sont \u00e9galement r\u00e9veill\u00e9es sous la neige.<\/p>\n<p>\u00ab Un l\u00e9ger saupoudrage \u00bb attendu<\/p>\n<p class=\"\">D\u2019autres flocons sont attendus surtout le quart nord-est du pays. Sur son <a href=\"https:\/\/meteofrance.com\/\" target=\"_blank\" rel=\"noreferrer noopener\">site<\/a>, M\u00e9t\u00e9o France indique que \u00ab les petites chutes de neige de la fin de nuit sur la Normandie, les Hauts-de-France et l\u2019\u00cele-de-France se d\u00e9calent en matin\u00e9e vers le Centre-Val-de-Loire, la Bourgogne et le Grand-Est et s\u2019\u00e9vacuent vers l\u2019Allemagne et la Suisse en soir\u00e9e \u00bb.<\/p>\n<p class=\"\">\u00ab On attend g\u00e9n\u00e9ralement qu\u2019un l\u00e9ger saupoudrage, jusqu\u2019\u00e0 1 \u00e0 3 cm sur le Grand-Est en plaine \u00bb, compl\u00e8te cette m\u00eame source, indiquant que de \u00ab faibles chutes de neige en montagne \u00bb sont possibles le long des Pyr\u00e9n\u00e9es.<\/p>\n<p><script async src=\"https:\/\/platform.twitter.com\/widgets.js\" charset=\"utf-8\"><\/script><\/p>\n","protected":false},"excerpt":{"rendered":"Une surprise d\u00e8s le r\u00e9veil. Des flocons de neige ont recouvert les sols des rues de Paris ce&hellip;\n","protected":false},"author":2,"featured_media":639384,"comment_status":"","ping_status":"","sticky":false,"template":"","format":"standard","meta":{"footnotes":""},"categories":[1888],"tags":[11,1777,674,1011,27,2487,12,626,25],"class_list":{"0":"post-639383","1":"post","2":"type-post","3":"status-publish","4":"format-standard","5":"has-post-thumbnail","7":"category-paris","8":"tag-actualites","9":"tag-eu","10":"tag-europe","11":"tag-fr","12":"tag-france","13":"tag-meteo","14":"tag-news","15":"tag-paris","16":"tag-republique-francaise"},"share_on_mastodon":{"url":"https:\/\/pubeurope.com\/@fr\/115834084693533971","error":""},"_links":{"self":[{"href":"https:\/\/www.europesays.com\/fr\/wp-json\/wp\/v2\/posts\/639383","targetHints":{"allow":["GET"]}}],"collection":[{"href":"https:\/\/www.europesays.com\/fr\/wp-json\/wp\/v2\/posts"}],"about":[{"href":"https:\/\/www.europesays.com\/fr\/wp-json\/wp\/v2\/types\/post"}],"author":[{"embeddable":true,"href":"https:\/\/www.europesays.com\/fr\/wp-json\/wp\/v2\/users\/2"}],"replies":[{"embeddable":true,"href":"https:\/\/www.europesays.com\/fr\/wp-json\/wp\/v2\/comments?post=639383"}],"version-history":[{"count":0,"href":"https:\/\/www.europesays.com\/fr\/wp-json\/wp\/v2\/posts\/639383\/revisions"}],"wp:featuredmedia":[{"embeddable":true,"href":"https:\/\/www.europesays.com\/fr\/wp-json\/wp\/v2\/media\/639384"}],"wp:attachment":[{"href":"https:\/\/www.europesays.com\/fr\/wp-json\/wp\/v2\/media?parent=639383"}],"wp:term":[{"taxonomy":"category","embeddable":true,"href":"https:\/\/www.europesays.com\/fr\/wp-json\/wp\/v2\/categories?post=639383"},{"taxonomy":"post_tag","embeddable":true,"href":"https:\/\/www.europesays.com\/fr\/wp-json\/wp\/v2\/tags?post=639383"}],"curies":[{"name":"wp","href":"https:\/\/api.w.org\/{rel}","templated":true}]}}