{"id":639388,"date":"2026-01-04T00:52:13","date_gmt":"2026-01-04T00:52:13","guid":{"rendered":"https:\/\/www.europesays.com\/fr\/639388\/"},"modified":"2026-01-04T00:52:13","modified_gmt":"2026-01-04T00:52:13","slug":"volodymyr-zelensky-dit-que-si-moscou-fait-echouer-la-diplomatie-lukraine-devra-continuer-a-se-defendre","status":"publish","type":"post","link":"https:\/\/www.europesays.com\/fr\/639388\/","title":{"rendered":"Volodymyr Zelensky dit que si Moscou fait \u00e9chouer la diplomatie, l&rsquo;Ukraine devra continuer \u00e0 \u00abse d\u00e9fendre\u00bb"},"content":{"rendered":"<p>\n    Le pr\u00e9sident ukrainien voudrait \u00abvoir les \u00c9tats-Unis faire davantage pression\u00bb sur Moscou, alors que la Russie a pr\u00e9venu d\u2019un \u00abdurcissement\u00bb de sa position dans les n\u00e9gociations.<\/p>\n<p class=\"fig-paragraph\">Le pr\u00e9sident ukrainien Volodymyr Zelensky a d\u00e9clar\u00e9 samedi qu&rsquo;en cas d&rsquo;\u00e9chec de la diplomatie pour pousser la Russie \u00e0 mettre fin \u00e0 la\u00a0<a href=\"http:\/\/www.lefigaro.fr\/international\/guerre-en-ukraine-une-frappe-russe-sur-le-centre-ville-de-kharkiv-fait-au-moins-19-blesses-20260102\" target=\"_blank\" data-fig-type=\"NewsFlash\" rel=\"noopener\" data-gtm-custom-categorie=\"navigation\" data-gtm-custom-action=\"crossclick\" data-gtm-custom-label=\"Contextuel\" data-gtm-event=\"customEventSPE\" data-fig-domain=\"LEFIGARO\">guerre en Ukraine<\/a>, son pays devrait continuer \u00e0 \u00abse d\u00e9fendre\u00bb. \u00abSi la Russie bloque tout \u00e7a, si nos partenaires ne contraignent pas la Russie \u00e0 mettre fin \u00e0 la guerre, il y aura une autre voie\u00a0: nous d\u00e9fendre nous-m\u00eames\u00bb, a d\u00e9clar\u00e9 Volodymyr Zelensky, interrog\u00e9 sur les remaniements en cours au sein de son cabinet et de l&rsquo;appareil de la D\u00e9fense.<\/p>\n<p class=\"fig-paragraph\">Volodymyr Zelensky a annonc\u00e9 vendredi la nomination du chef du renseignement militaire,\u00a0<a href=\"http:\/\/www.lefigaro.fr\/flash-actu\/ukraine-le-chef-du-renseignement-militaire-futur-ministre-de-la-defense-20230205\" target=\"_blank\" data-fig-type=\"NewsFlash\" rel=\"noopener\" data-gtm-custom-categorie=\"navigation\" data-gtm-custom-action=\"crossclick\" data-gtm-custom-label=\"Contextuel\" data-gtm-event=\"customEventSPE\" data-fig-domain=\"LEFIGARO\">Kyrylo Boudanov<\/a>, pour diriger son cabinet, l&rsquo;un des postes les plus importants du pays. Il a aussi annonc\u00e9 son intention, sous r\u00e9serve de l&rsquo;approbation du Parlement ukrainien, de remplacer l&rsquo;actuel ministre de la D\u00e9fense Denys Chmygal par le ministre de la Transformation digitale, Mykha\u00eflo Fedorov. Denys Chmygal prendrait la t\u00eate du minist\u00e8re de l&rsquo;\u00c9nergie.<\/p>\n<p>                                            <a class=\"fig-a11y-skip\" href=\"#fig-a11y-skip-main-inarticle\" data-module=\"a11y-skip\" data-context=\"was @visible\"><br \/>\n    Passer la publicit\u00e9<br \/>\n<\/a>            <\/p>\n<p>                                            Les discussions se poursuivent<\/p>\n<p class=\"fig-paragraph\">\u00abQu&rsquo;est-ce qui influence cela\u00a0? Pour notre pays il y a deux voies\u00bb, a-t-il expliqu\u00e9, celle de la diplomatie et celle d&rsquo;une poursuite du conflit, en cas de \u00abr\u00e9ticence de la Russie \u00e0 mettre fin \u00e0 la guerre\u00bb.<\/p>\n<p class=\"fig-paragraph\">Les conseillers en s\u00e9curit\u00e9 de 15 pays alli\u00e9s de l&rsquo;Ukraine ainsi que des repr\u00e9sentants de l&rsquo;UE et de l&rsquo;Otan\u00a0<a href=\"http:\/\/www.lefigaro.fr\/international\/guerre-en-ukraine-zelensky-recoit-ce-samedi-des-responsables-europeens-allies-a-kiev-20260103\" target=\"_blank\" data-fig-type=\"NewsFlash\" rel=\"noopener\" data-gtm-custom-categorie=\"navigation\" data-gtm-custom-action=\"crossclick\" data-gtm-custom-label=\"Contextuel\" data-gtm-event=\"customEventSPE\" data-fig-domain=\"LEFIGARO\">se sont rencontr\u00e9s \u00e0 Kiev samedi<\/a>. Les efforts diplomatiques se sont intensifi\u00e9s depuis novembre sous l&rsquo;impulsion du pr\u00e9sident am\u00e9ricain Donald Trump, dont l&rsquo;envoy\u00e9 sp\u00e9cial\u00a0<a href=\"http:\/\/www.lefigaro.fr\/international\/guerre-en-ukraine-steve-witkoff-le-mediateur-qui-souffle-a-l-oreille-des-russes-20251126\" target=\"_blank\" data-fig-type=\"Article\" rel=\"noopener\" data-gtm-custom-categorie=\"navigation\" data-gtm-custom-action=\"crossclick\" data-gtm-custom-label=\"Contextuel\" data-gtm-event=\"customEventSPE\" data-fig-domain=\"LEFIGARO\">Steve Witkoff<\/a>\u00a0a particip\u00e9 \u00e0 distance \u00e0 la rencontre de Kiev, pour tenter de mettre fin au conflit en Ukraine d\u00e9clench\u00e9 par l&rsquo;invasion russe en f\u00e9vrier 2022.<\/p>\n<p class=\"fig-paragraph\">Mais le pr\u00e9sident ukrainien voudrait \u00abvoir les \u00c9tats-Unis faire davantage pression\u00bb sur Moscou, alors que la Russie a pr\u00e9venu d&rsquo;un \u00abdurcissement\u00bb de sa position dans les n\u00e9gociations apr\u00e8s avoir accus\u00e9 Kiev d&rsquo;avoir\u00a0<a href=\"http:\/\/www.lefigaro.fr\/international\/l-accusation-de-frappe-ukrainienne-sur-la-residence-de-poutine-donne-un-pretexte-aux-russes-pour-durcir-leur-position-20251231\" target=\"_blank\" data-fig-type=\"Article\" rel=\"noopener\" data-gtm-custom-categorie=\"navigation\" data-gtm-custom-action=\"crossclick\" data-gtm-custom-label=\"Contextuel\" data-gtm-event=\"customEventSPE\" data-fig-domain=\"LEFIGARO\">vis\u00e9 avec des drones une r\u00e9sidence<\/a>\u00a0de Vladimir Poutine fin d\u00e9cembre.<\/p>\n","protected":false},"excerpt":{"rendered":"Le pr\u00e9sident ukrainien voudrait \u00abvoir les \u00c9tats-Unis faire davantage pression\u00bb sur Moscou, alors que la Russie a pr\u00e9venu&hellip;\n","protected":false},"author":2,"featured_media":639389,"comment_status":"","ping_status":"","sticky":false,"template":"","format":"standard","meta":{"footnotes":""},"categories":[1590],"tags":[11,1777,674,131,12,220,134],"class_list":{"0":"post-639388","1":"post","2":"type-post","3":"status-publish","4":"format-standard","5":"has-post-thumbnail","7":"category-ukraine","8":"tag-actualites","9":"tag-eu","10":"tag-europe","11":"tag-guerre-en-ukraine","12":"tag-news","13":"tag-ukraine","14":"tag-volodymyr-zelensky"},"share_on_mastodon":{"url":"https:\/\/pubeurope.com\/@fr\/115834096476625392","error":""},"_links":{"self":[{"href":"https:\/\/www.europesays.com\/fr\/wp-json\/wp\/v2\/posts\/639388","targetHints":{"allow":["GET"]}}],"collection":[{"href":"https:\/\/www.europesays.com\/fr\/wp-json\/wp\/v2\/posts"}],"about":[{"href":"https:\/\/www.europesays.com\/fr\/wp-json\/wp\/v2\/types\/post"}],"author":[{"embeddable":true,"href":"https:\/\/www.europesays.com\/fr\/wp-json\/wp\/v2\/users\/2"}],"replies":[{"embeddable":true,"href":"https:\/\/www.europesays.com\/fr\/wp-json\/wp\/v2\/comments?post=639388"}],"version-history":[{"count":0,"href":"https:\/\/www.europesays.com\/fr\/wp-json\/wp\/v2\/posts\/639388\/revisions"}],"wp:featuredmedia":[{"embeddable":true,"href":"https:\/\/www.europesays.com\/fr\/wp-json\/wp\/v2\/media\/639389"}],"wp:attachment":[{"href":"https:\/\/www.europesays.com\/fr\/wp-json\/wp\/v2\/media?parent=639388"}],"wp:term":[{"taxonomy":"category","embeddable":true,"href":"https:\/\/www.europesays.com\/fr\/wp-json\/wp\/v2\/categories?post=639388"},{"taxonomy":"post_tag","embeddable":true,"href":"https:\/\/www.europesays.com\/fr\/wp-json\/wp\/v2\/tags?post=639388"}],"curies":[{"name":"wp","href":"https:\/\/api.w.org\/{rel}","templated":true}]}}