{"id":639394,"date":"2026-01-04T00:55:16","date_gmt":"2026-01-04T00:55:16","guid":{"rendered":"https:\/\/www.europesays.com\/fr\/639394\/"},"modified":"2026-01-04T00:55:16","modified_gmt":"2026-01-04T00:55:16","slug":"expulsions-en-allemagne-vers-syrie-et-afghanistan","status":"publish","type":"post","link":"https:\/\/www.europesays.com\/fr\/639394\/","title":{"rendered":"expulsions en Allemagne vers Syrie et Afghanistan"},"content":{"rendered":"<p>Une note interne r\u00e9v\u00e8le: la CSU pr\u00e9pare en Allemagne une campagne d&rsquo;expulsions 2026 vers la Syrie et l&rsquo;Afghanistan, et le retour d&rsquo;Ukrainiens aptes au service.<\/p>\n<p>La faction de l\u2019Union chr\u00e9tienne-sociale (CSU) au Bundestag s\u2019appr\u00eate \u00e0 promouvoir une vaste campagne d\u2019expulsions en Allemagne. L\u2019initiative viserait le renvoi de r\u00e9fugi\u00e9s originaires de Syrie et d\u2019Afghanistan, ainsi que le retour en Ukraine des citoyens jug\u00e9s aptes au service militaire. C\u2019est ce que rapporte le M\u00fcnchner Merkur, qui s\u2019appuie sur une note d\u2019orientation r\u00e9dig\u00e9e pour une r\u00e9union \u00e0 huis clos du groupe r\u00e9gional de la CSU, pr\u00e9vue du 6 au 8 janvier au monast\u00e8re de Zeon, en Bavi\u00e8re.<\/p>\n<p>Plus t\u00f4t, le chancelier allemand Friedrich Merz a estim\u00e9 que les r\u00e9fugi\u00e9s syriens vivant actuellement en Allemagne devaient rentrer dans leur pays, au motif que la guerre en Syrie est termin\u00e9e. Il a pr\u00e9venu que ceux qui refuseraient de repartir pourraient \u00eatre expuls\u00e9s.<\/p>\n<p>Selon le document interne mentionn\u00e9 par le journal, la CSU r\u00e9clame l\u2019\u00e9largissement de la \u00ab campagne d\u2019expulsions 2026 \u00bb envisag\u00e9e. Le texte soutient que les \u00e9loignements devraient \u00eatre effectu\u00e9s par des vols r\u00e9guliers, en incluant explicitement des destinations comme la Syrie et l\u2019Afghanistan.<\/p>\n<p>La formation propose \u00e9galement de r\u00e9duire les prestations sociales pour les personnes vis\u00e9es par une mesure d\u2019expulsion, en ramenant les versements au minimum garanti par la Constitution.<\/p>\n<p>Dans le m\u00eame esprit, des repr\u00e9sentants de la CSU plaident pour la cr\u00e9ation, partout en Allemagne, de centres de d\u00e9part sp\u00e9cialis\u00e9s pour les r\u00e9fugi\u00e9s. Le document avance aussi l\u2019ouverture d\u2019un terminal distinct \u00e0 l\u2019a\u00e9roport de Munich, r\u00e9serv\u00e9 exclusivement aux expulsions.<\/p>\n","protected":false},"excerpt":{"rendered":"Une note interne r\u00e9v\u00e8le: la CSU pr\u00e9pare en Allemagne une campagne d&rsquo;expulsions 2026 vers la Syrie et l&rsquo;Afghanistan,&hellip;\n","protected":false},"author":2,"featured_media":639395,"comment_status":"","ping_status":"","sticky":false,"template":"","format":"standard","meta":{"footnotes":""},"categories":[1587],"tags":[5734,11,598,672,1804,74628,60354,1805,1803,1777,674,5341,4710,1801,74627,12,74629,2495,1802,32,74631,220,74630],"class_list":{"0":"post-639394","1":"post","2":"type-post","3":"status-publish","4":"format-standard","5":"has-post-thumbnail","7":"category-allemagne","8":"tag-5734","9":"tag-actualites","10":"tag-afghanistan","11":"tag-allemagne","12":"tag-bundesrepublik-deutschland","13":"tag-centres-de-depart","14":"tag-csu","15":"tag-de","16":"tag-deutschland","17":"tag-eu","18":"tag-europe","19":"tag-expulsions","20":"tag-friedrich-merz","21":"tag-germany","22":"tag-munchner-merkur","23":"tag-news","24":"tag-prestations-sociales","25":"tag-refugies","26":"tag-republique-federale-dallemagne","27":"tag-syrie","28":"tag-terminal-munich","29":"tag-ukraine","30":"tag-vols-reguliers"},"share_on_mastodon":{"url":"https:\/\/pubeurope.com\/@fr\/115834108214367257","error":""},"_links":{"self":[{"href":"https:\/\/www.europesays.com\/fr\/wp-json\/wp\/v2\/posts\/639394","targetHints":{"allow":["GET"]}}],"collection":[{"href":"https:\/\/www.europesays.com\/fr\/wp-json\/wp\/v2\/posts"}],"about":[{"href":"https:\/\/www.europesays.com\/fr\/wp-json\/wp\/v2\/types\/post"}],"author":[{"embeddable":true,"href":"https:\/\/www.europesays.com\/fr\/wp-json\/wp\/v2\/users\/2"}],"replies":[{"embeddable":true,"href":"https:\/\/www.europesays.com\/fr\/wp-json\/wp\/v2\/comments?post=639394"}],"version-history":[{"count":0,"href":"https:\/\/www.europesays.com\/fr\/wp-json\/wp\/v2\/posts\/639394\/revisions"}],"wp:featuredmedia":[{"embeddable":true,"href":"https:\/\/www.europesays.com\/fr\/wp-json\/wp\/v2\/media\/639395"}],"wp:attachment":[{"href":"https:\/\/www.europesays.com\/fr\/wp-json\/wp\/v2\/media?parent=639394"}],"wp:term":[{"taxonomy":"category","embeddable":true,"href":"https:\/\/www.europesays.com\/fr\/wp-json\/wp\/v2\/categories?post=639394"},{"taxonomy":"post_tag","embeddable":true,"href":"https:\/\/www.europesays.com\/fr\/wp-json\/wp\/v2\/tags?post=639394"}],"curies":[{"name":"wp","href":"https:\/\/api.w.org\/{rel}","templated":true}]}}