{"id":639405,"date":"2026-01-04T01:03:18","date_gmt":"2026-01-04T01:03:18","guid":{"rendered":"https:\/\/www.europesays.com\/fr\/639405\/"},"modified":"2026-01-04T01:03:18","modified_gmt":"2026-01-04T01:03:18","slug":"a-poitiers-je-me-reconstruis-en-tant-quhomme-que-coach-confie-gregoire-pintiaux-le-manager-du-stade-poitevin-rugby","status":"publish","type":"post","link":"https:\/\/www.europesays.com\/fr\/639405\/","title":{"rendered":"\u00ab\u00a0\u00c0 Poitiers, je me reconstruis en tant qu\u2019homme, que coach\u00a0\u00bb, confie Gr\u00e9goire Pintiaux, le manager du Stade Poitevin Rugby"},"content":{"rendered":"<p>L\u2019existence peut parfois suivre la trajectoire d\u2019un ballon de rugby. Avec des rebonds impr\u00e9visibles. Ne dit-on pas, d\u2019ailleurs, que cette discipline est une \u00e9cole de la vie\u00a0? Avec les \u00e9ternelles valeurs de l\u2019ovalie, expression large, sans doute trop, o\u00f9 l\u2019on met ce que l\u2019on veut. Alors, comme partout, il y a des hauts, des bas, comme les coups qui peuvent l\u2019\u00eatre, aussi. Des rencontres, bonnes ou mauvaises. Tout ce qui fait un itin\u00e9raire.<\/p>\n<p>Celui de Gr\u00e9goire Pintiaux dans ce sport n\u2019est pas forc\u00e9ment celui d\u2019un enfant g\u00e2t\u00e9. N\u00e9 \u00e0 Lille, o\u00f9 l\u2019on pousse plus le ballon rond que les m\u00eal\u00e9es, le nouveau manager du Stade Poitevin Rugby y a fait ses premi\u00e8res armes. \u00ab\u00a0J\u2019ai commenc\u00e9 \u00e0 quatre ans, la balle \u00e9tait plus grande que ma t\u00eate. Mon p\u00e8re m\u2019entra\u00eenait au sein d\u2019un petit club.\u00a0\u00bb Le virus est inocul\u00e9. Il rejoint tr\u00e8s vite le Lille M\u00e9tropole Rugby \u00ab\u00a0des \u00e9quipes jeunes jusqu\u2019en F\u00e9d\u00e9rale 1\u00a0\u00bb, se souvient l\u2019ancien talonneur.<\/p>\n<p>\u00ab\u00a0J\u2019ai l\u2019habitude de bosser fort et dur\u00a0\u00bb<\/p>\n<p>Survient alors le premier rebond, pas vraiment dans le sens de la course. \u00ab\u00a0Je me suis bless\u00e9 aux cervicales. Cela m\u2019a \u00e9loign\u00e9 des terrains quasiment d\u00e9finitivement, en tout cas du projet de Lille. J\u2019ai manqu\u00e9 de soutien \u00e0 ce moment-l\u00e0. On a cess\u00e9 notre relation alors que cela faisait plus de vingt ans que j\u2019\u00e9tais l\u00e0-bas. Cela a \u00e9t\u00e9 une premi\u00e8re \u00e9preuve.\u00a0\u00bb<\/p>\n<p>Pas de quoi, cependant, \u00e9teindre sa passion. \u00ab\u00a0La blessure ne me permettait pas de rejouer avec des m\u00eal\u00e9es \u00e0 gros impacts. Je suis alors parti \u00e0 Saint-S\u00e9bastien-Basse-Goulaine, en F\u00e9d\u00e9rale 3, pour une saison en tant que joueur.\u00a0Cela n\u2019allait pas trop au niveau sant\u00e9, j\u2019ai alors bascul\u00e9 tr\u00e8s vite vers l\u2019entra\u00eenement en prenant la main sur le staff. J\u2019y suis rest\u00e9 deux ans. Mais je n\u2019ai pas \u00e9t\u00e9 au terme de mon engagement.\u00a0\u00bb<\/p>\n<p>Il faut dire qu\u2019une belle opportunit\u00e9 s\u2019offre au jeune technicien au cours de la deuxi\u00e8me saison. \u00ab\u00a0J\u2019ai fonc\u00e9 dans mon parcours de formation. Lorsque je passais mon dipl\u00f4me, j\u2019ai eu l\u2019occasion de faire un stage en janvier \u00e0 Montauban, alors en Pro D2. Cela a tout de suite match\u00e9 avec le manager, Xavier P\u00e9m\u00e9ja. J\u2019ai pass\u00e9 une semaine formidable. Et, d\u00e8s le deuxi\u00e8me jour, on me propose un contrat d\u2019analyste vid\u00e9o.\u00a0\u00bb Difficile de refuser. By-bye la Loire-Atlantique et le dernier niveau f\u00e9d\u00e9ral. Bonjour le Tarn-et-Garonne et l\u2019antichambre du Top\u00a014. \u00ab\u00a0Cela me faisait entrer dans le monde professionnel. J\u2019ai aussi pu diriger les Crabos et le centre de pr\u00e9-entra\u00eenement des jeunes avant d\u2019entrer progressivement dans le staff de l\u2019\u00e9quipe fanion. Je suis rest\u00e9 quatre ans, de 2014 \u00e0 2018&#8230;. <\/p>\n<p>    Cet article a \u00e9t\u00e9 tronqu\u00e9. Abonnez-vous pour lire l&rsquo;article complet sur notre site.<\/p>\n<p>\u00a0\u00bb<\/p>\n<p style=\"margin: 0 !important; padding: 0 !important; font-size: 12px !important;\">Cet article a \u00e9t\u00e9 tronqu\u00e9. Abonnez-vous pour lire l&rsquo;article complet.<\/p>\n<p>    <a href=\"https:\/\/www.lanouvellerepublique.fr\/abonnements\" style=\"display: inline-block; margin-top: 5px !important; padding: 6px 12px !important; background: #cb1c27; color: white; text-decoration: none; border-radius: 4px; font-size: 12px !important;\" target=\"_blank\" rel=\"noopener\"><br \/>\n      S&rsquo;abonner<br \/>\n    <\/a><\/p>\n","protected":false},"excerpt":{"rendered":"L\u2019existence peut parfois suivre la trajectoire d\u2019un ballon de rugby. Avec des rebonds impr\u00e9visibles. Ne dit-on pas, d\u2019ailleurs,&hellip;\n","protected":false},"author":2,"featured_media":639406,"comment_status":"","ping_status":"","sticky":false,"template":"","format":"standard","meta":{"footnotes":""},"categories":[1416],"tags":[1392,1011,27,17286,1653,479,1468,60,1584],"class_list":{"0":"post-639405","1":"post","2":"type-post","3":"status-publish","4":"format-standard","5":"has-post-thumbnail","7":"category-rugby","8":"tag-a-la-une-local","9":"tag-fr","10":"tag-france","11":"tag-nationaux-rugby","12":"tag-poitiers","13":"tag-rugby","14":"tag-rugby-football","15":"tag-sports","16":"tag-vienne"},"share_on_mastodon":{"url":"https:\/\/pubeurope.com\/@fr\/115834139736168642","error":""},"_links":{"self":[{"href":"https:\/\/www.europesays.com\/fr\/wp-json\/wp\/v2\/posts\/639405","targetHints":{"allow":["GET"]}}],"collection":[{"href":"https:\/\/www.europesays.com\/fr\/wp-json\/wp\/v2\/posts"}],"about":[{"href":"https:\/\/www.europesays.com\/fr\/wp-json\/wp\/v2\/types\/post"}],"author":[{"embeddable":true,"href":"https:\/\/www.europesays.com\/fr\/wp-json\/wp\/v2\/users\/2"}],"replies":[{"embeddable":true,"href":"https:\/\/www.europesays.com\/fr\/wp-json\/wp\/v2\/comments?post=639405"}],"version-history":[{"count":0,"href":"https:\/\/www.europesays.com\/fr\/wp-json\/wp\/v2\/posts\/639405\/revisions"}],"wp:featuredmedia":[{"embeddable":true,"href":"https:\/\/www.europesays.com\/fr\/wp-json\/wp\/v2\/media\/639406"}],"wp:attachment":[{"href":"https:\/\/www.europesays.com\/fr\/wp-json\/wp\/v2\/media?parent=639405"}],"wp:term":[{"taxonomy":"category","embeddable":true,"href":"https:\/\/www.europesays.com\/fr\/wp-json\/wp\/v2\/categories?post=639405"},{"taxonomy":"post_tag","embeddable":true,"href":"https:\/\/www.europesays.com\/fr\/wp-json\/wp\/v2\/tags?post=639405"}],"curies":[{"name":"wp","href":"https:\/\/api.w.org\/{rel}","templated":true}]}}