{"id":639417,"date":"2026-01-04T01:13:14","date_gmt":"2026-01-04T01:13:14","guid":{"rendered":"https:\/\/www.europesays.com\/fr\/639417\/"},"modified":"2026-01-04T01:13:14","modified_gmt":"2026-01-04T01:13:14","slug":"jai-ete-tellement-bluffe-michel-polnareff-fait-une-belle-surprise-a-une-eleve-de-la-star-academy","status":"publish","type":"post","link":"https:\/\/www.europesays.com\/fr\/639417\/","title":{"rendered":"\u00ab\u00a0J&rsquo;ai \u00e9t\u00e9 tellement bluff\u00e9\u00a0\u00bb : Michel Polnareff fait une belle surprise \u00e0 une \u00e9l\u00e8ve de la Star Academy"},"content":{"rendered":"<p>Ce samedi 3 janvier, anciens et nouveaux \u00e9l\u00e8ves de la Star Academy se sont retrouv\u00e9s pour la 200e du programme. Mais d&rsquo;autres surprises \u00e9taient r\u00e9serv\u00e9es aux acad\u00e9midiens, comme le message laiss\u00e9 par Michel Polnareff \u00e0 une candidate.<\/p>\n<p>Un prime pas comme les autres ! Cette semaine, les \u00e9l\u00e8ves de la Star Academy ont fait la rencontre de nouveaux professeurs, des personnalit\u00e9s qu&rsquo;ils connaissaient bien car ces derniers ont marqu\u00e9 l&rsquo;histoire du programme de TF1. <a href=\"https:\/\/www.programme-tv.net\/biographie\/140202-gonet-matthieu\/\" data-link-people=\"bcc495ca-04c6-4184-a948-6a091389047f\" target=\"_blank\" rel=\"noopener\">Matthieu Gonet<\/a>, Oscar Sisto ou encore<a href=\"https:\/\/www.programme-tv.net\/news\/tv\/394923-kamel-ouali-tout-puissant-au-prochain-prime-de-la-star-academy-ce-role-crucial-qu-il-va-jouer-pour-le-numero-anniversaire-exceptionnel\/\" data-api-deeplink=\"teleloisirs:\/\/news\/394923\" target=\"_blank\" rel=\"noopener\"> Kamel Ouali, qui a eu un r\u00f4le tr\u00e8s important dans la pr\u00e9paration de l&rsquo;\u00e9mission de ce samedi 3 janvier<\/a>, ont fait leur retour au ch\u00e2teau. Mais ils ne sont pas les seuls visages connus du t\u00e9l\u00e9-crochet embl\u00e9matique de la Une \u00e0 faire leur retour. En effet, pour c\u00e9l\u00e9brer le 200e prime de la Star Academy, la production a invit\u00e9 de nombreux <a href=\"https:\/\/www.programme-tv.net\/news\/tv\/395052-jean-pascal-lacoste-emma-daumas-magalie-vae-qui-sont-les-seize-anciens-eleves-invites-sur-le-prime-de-la-star-academy-du-samedi-3-janvier\/\" data-api-deeplink=\"teleloisirs:\/\/news\/395052\" target=\"_blank\" rel=\"noopener\">anciens \u00e9l\u00e8ves \u00e0 venir participer au prime de ce soir<\/a>. Une belle fa\u00e7on de faire le lien entre ancienne et nouvelle g\u00e9n\u00e9ration.<\/p>\n<p>Les surprises se sont encha\u00een\u00e9es pour les chanteurs. Apr\u00e8s avoir d\u00e9couvert que le promo 2005 a fait un petit passage au ch\u00e2teau, Nikos a d\u00e9voil\u00e9 une belle surprise \u00e0 Ambre. Une grande star de la chanson fran\u00e7aise lui a laiss\u00e9 un message : Michel Polnareff. \u00ab\u00a0Salut Ambre, ici Michel Polnareff. Je voulais te faire ce message vid\u00e9o pour te dire que j&rsquo;ai \u00e9t\u00e9 tellement bluff\u00e9 par ton interpr\u00e9tation de Lettre \u00e0 France. Tu as la voix, la prestance, la pr\u00e9sence d&rsquo;aller le plus loin possible dans cette aventure de la Star Academy. Merci pour ton choix et \u00e0 bient\u00f4t, l&rsquo;amiral Michel Polareff\u00a0\u00bb, a d\u00e9clar\u00e9 le chanteur. Un message qui a surpris la jeune femme.  \u00ab\u00a0Ah oui c&rsquo;est extraordinaire, je ne m&rsquo;y attendais pas du tout !\u00a0\u00bb, a-t-elle lanc\u00e9. Interloqu\u00e9e, Ambre a mis du temps \u00e0 se remettre, mais s&rsquo;est avou\u00e9e tr\u00e8s \u00ab\u00a0touch\u00e9e\u00a0\u00bb.<\/p>\n<p>                        Star Academy : lequel de ces trois \u00e9l\u00e8ves sera \u00e9limin\u00e9 \u00e0 l&rsquo;issue du prime de ce samedi 3 janvier ?<\/p>\n<p>Cette semaine, trois \u00e9valuations \u00e9taient pr\u00e9vues pour d\u00e9partager les candidats. Apr\u00e8s une \u00e9preuve de danse et une de th\u00e9\u00e2tre, Th\u00e9o P, Ambre et Victor \u00e9taient en danger. Mais une derni\u00e8re \u00e9valuation d\u00e9terminante les attendait, celle de chant. Apr\u00e8s cette derni\u00e8re, <a href=\"https:\/\/www.programme-tv.net\/biographie\/113127-goldman-michael\/\" data-link-people=\"5a3a480e-6215-4ac5-9166-24c775b347bc\" target=\"_blank\" rel=\"noopener\">Michael Goldman<\/a>, le directeur, s&rsquo;est rendu au ch\u00e2teau pour annoncer le verdict. Ce sont finalement<a href=\"https:\/\/www.programme-tv.net\/news\/tv\/395095-star-academy-2025-qui-sont-les-nomines-pour-le-prime-du-samedi-3-janvier\/\" data-api-deeplink=\"teleloisirs:\/\/news\/395095\" target=\"_blank\" rel=\"noopener\"> Th\u00e9o P, Victor et Anouk<\/a> qui se sont retrouv\u00e9s en bas du classement et qui vont d\u00e9fendre leur place ce samedi soir devant le public.<\/p>\n","protected":false},"excerpt":{"rendered":"Ce samedi 3 janvier, anciens et nouveaux \u00e9l\u00e8ves de la Star Academy se sont retrouv\u00e9s pour la 200e&hellip;\n","protected":false},"author":2,"featured_media":639418,"comment_status":"","ping_status":"","sticky":false,"template":"","format":"standard","meta":{"footnotes":""},"categories":[1356],"tags":[66799,244,58,59,1011,27,1743,5095,72368,252,199,2175,1364],"class_list":{"0":"post-639417","1":"post","2":"type-post","3":"status-publish","4":"format-standard","5":"has-post-thumbnail","7":"category-television","8":"tag-ambre-star-academy-2025","9":"tag-commentaire","10":"tag-divertissement","11":"tag-entertainment","12":"tag-fr","13":"tag-france","14":"tag-michel-polnareff","15":"tag-star-academy","16":"tag-star-academy-apru00e8s-la-vie-de-chu00e2teau-2102024-0410-pm-tf1","17":"tag-television","18":"tag-tf1","19":"tag-tl-story","20":"tag-tv"},"share_on_mastodon":{"url":"https:\/\/pubeurope.com\/@fr\/115834179133043668","error":""},"_links":{"self":[{"href":"https:\/\/www.europesays.com\/fr\/wp-json\/wp\/v2\/posts\/639417","targetHints":{"allow":["GET"]}}],"collection":[{"href":"https:\/\/www.europesays.com\/fr\/wp-json\/wp\/v2\/posts"}],"about":[{"href":"https:\/\/www.europesays.com\/fr\/wp-json\/wp\/v2\/types\/post"}],"author":[{"embeddable":true,"href":"https:\/\/www.europesays.com\/fr\/wp-json\/wp\/v2\/users\/2"}],"replies":[{"embeddable":true,"href":"https:\/\/www.europesays.com\/fr\/wp-json\/wp\/v2\/comments?post=639417"}],"version-history":[{"count":0,"href":"https:\/\/www.europesays.com\/fr\/wp-json\/wp\/v2\/posts\/639417\/revisions"}],"wp:featuredmedia":[{"embeddable":true,"href":"https:\/\/www.europesays.com\/fr\/wp-json\/wp\/v2\/media\/639418"}],"wp:attachment":[{"href":"https:\/\/www.europesays.com\/fr\/wp-json\/wp\/v2\/media?parent=639417"}],"wp:term":[{"taxonomy":"category","embeddable":true,"href":"https:\/\/www.europesays.com\/fr\/wp-json\/wp\/v2\/categories?post=639417"},{"taxonomy":"post_tag","embeddable":true,"href":"https:\/\/www.europesays.com\/fr\/wp-json\/wp\/v2\/tags?post=639417"}],"curies":[{"name":"wp","href":"https:\/\/api.w.org\/{rel}","templated":true}]}}