{"id":639419,"date":"2026-01-04T01:14:16","date_gmt":"2026-01-04T01:14:16","guid":{"rendered":"https:\/\/www.europesays.com\/fr\/639419\/"},"modified":"2026-01-04T01:14:16","modified_gmt":"2026-01-04T01:14:16","slug":"nikos-aliagas-snobe-par-ce-rappeur-invite-a-la-star-academy-je-ne-suis-plus","status":"publish","type":"post","link":"https:\/\/www.europesays.com\/fr\/639419\/","title":{"rendered":"Nikos Aliagas snob\u00e9 par ce rappeur invit\u00e9 \u00e0 la Star Academy : \u00ab\u00a0Je ne suis plus&#8230;\u00a0\u00bb"},"content":{"rendered":"<p>Par <a class=\"author_recette\" id=\"author_name\" href=\"https:\/\/www.nextplz.fr\/auteur\/mamy\" target=\"_blank\" rel=\"noopener\">Mamy Yves<br \/>\nRatsimbazafy<\/a> &#8211; Publi\u00e9 le 03 Jan 2026 \u00e0 16:28<\/p>\n<p class=\"article-intro excerpt\">Un rappeur fran\u00e7ais de renom,<br \/>\nfid\u00e8le \u00e0 son univers et \u00e0 sa discr\u00e9tion a r\u00e9cemment d\u00e9cid\u00e9 de<br \/>\nrevenir sur les raisons pour lesquelles il refuse les plateaux t\u00e9l\u00e9<br \/>\nclassiques et l\u2019invitation de la \u00ab Star Academy \u00bb face \u00e0 Nikos<br \/>\nAliagas.<\/p>\n<p><img width=\"750\" height=\"410\" src=\"data:image\/svg+xml,%3Csvg%20xmlns=\" http:=\"\" class=\"img-responsive alignnone size-full pinit-here zoom-it\" alt=\"Nikos Aliagas snob\u00e9 par ce rappeur invit\u00e9 \u00e0 la Star Academy : \" je=\"\" ne=\"\" suis=\"\" plus...=\"\" fetchpriority=\"high\" data-lazyloading=\"false\" decoding=\"async\" data-lazy-src=\"https:\/\/www.europesays.com\/fr\/wp-content\/uploads\/2026\/01\/nikos-aliagas-750x410.jpg\"\/><\/p>\n<p>\u00a9 Shutterstock<\/p>\n<p>Depuis ses d\u00e9buts, cet artiste de 43 ans intrigue par sa<br \/>\ndiscr\u00e9tion et son rythme personnel. Peu attir\u00e9 par l\u2019exposition<br \/>\nm\u00e9diatique traditionnelle, <a href=\"https:\/\/www.nextplz.fr\/people\/511031-orelsan-43-ans-et-pere-dun-fils-il-a-garde-le-secret-pendant-2-ans-voici-pourquoi-peu-de-gens-le-savaient\" target=\"_blank\" rel=\"noopener\"><br \/>\nil choisit en effet ses apparitions avec soin<\/a>. Ce qui fait de<br \/>\nchaque intervention un \u00e9v\u00e9nement rare. Interrog\u00e9 sur sa possible<br \/>\nvenue \u00e0 la \u00ab Star Academy \u00bb, il s\u2019est ainsi montr\u00e9 particuli\u00e8rement<br \/>\nfranc : il ne se sent pas \u00e0 sa place sur ce type de plateau<br \/>\nt\u00e9l\u00e9.<\/p>\n<p>Le plateau t\u00e9l\u00e9, un univers<br \/>\n\u00e9tranger<\/p>\n<p>\u00ab Pour l\u2019instant, je fuis malheureusement. J\u2019ai l\u2019impression<br \/>\nque \u00e7a passe un truc o\u00f9 je ne suis plus \u00e0 ma place \u00bb,<br \/>\nconfie-t-il ainsi ce rappeur \u00e0 Fun Radio. Loin de critiquer le<br \/>\nprogramme ou l\u2019animateur Nikos Aliagas, il souligne en effet plut\u00f4t<br \/>\nun d\u00e9calage avec son univers artistique actuel. Malgr\u00e9 son amiti\u00e9<br \/>\navec certains anciens \u00e9l\u00e8ves et une reconnaissance du r\u00f4le de la \u00ab<br \/>\nStar Ac \u00bb dans le lancement de talents, il pr\u00e9f\u00e8re ainsi \u00e9viter ce<br \/>\ntype de m\u00e9caniques m\u00e9diatiques.<\/p>\n<p>Une carri\u00e8re en pleine<br \/>\ndynamique<\/p>\n<p>Le refus des plateaux classiques ne freine en rien sa carri\u00e8re.<br \/>\nSon dernier album, La fuite en avant, rencontre en effet<br \/>\nun succ\u00e8s retentissant et le place au centre de la sc\u00e8ne musicale<br \/>\nfran\u00e7aise, sans avoir besoin de la vitrine t\u00e9l\u00e9visuelle. Une<br \/>\np\u00e9riode exceptionnelle qui contraste avec les ann\u00e9es 2000, \u00e9poque<br \/>\no\u00f9 la \u00ab Star Academy \u00bb attirait de nombreux artistes internationaux<br \/>\net constituait un passage oblig\u00e9 pour tout nouveau projet.<\/p>\n<p>Une<br \/>\nindustrie en mutation<\/p>\n<p>Aujourd\u2019hui, la promotion musicale se joue diff\u00e9remment :<br \/>\nr\u00e9seaux sociaux, plateformes de streaming et performances live<br \/>\ndominent le paysage. L\u2019artiste incarne en effet ce virage<br \/>\ng\u00e9n\u00e9rationnel en pr\u00e9f\u00e9rant rester fid\u00e8le \u00e0 son univers plut\u00f4t que<br \/>\nde se plier \u00e0 des dispositifs o\u00f9 il se sentirait en d\u00e9calage.<br \/>\n<a href=\"https:\/\/fr.wikipedia.org\/wiki\/Art_singulier\" target=\"_blank\" rel=\"noopener\">Une singularit\u00e9 artistique<\/a> qui prime sur les codes<br \/>\nt\u00e9l\u00e9visuels anciens.<\/p>\n<p>Star Academy ce soir sur TF1<\/p>\n<p>S\u2019il ne ferme pas totalement la porte \u00e0 une \u00e9ventuelle<br \/>\nparticipation future, il reste clair sur sa position actuelle : les<br \/>\nplateaux de Nikos Aliagas et la \u00ab Star Academy \u00bb qu\u00a0\u00bbon retrouvera<br \/>\npourtant d\u00e8s ce soir sur TF1 ne sont pas sur sa route, et ce, pour<br \/>\npr\u00e9server sa ligne artistique. Cette d\u00e9cision t\u00e9moigne ainsi d\u2019une<br \/>\nvolont\u00e9 de coh\u00e9rence et d\u2019authenticit\u00e9, plut\u00f4t que d\u2019un simple<br \/>\nrejet du monde m\u00e9diatique de la part d\u2019Orelsan.<\/p>\n","protected":false},"excerpt":{"rendered":"Par Mamy Yves Ratsimbazafy &#8211; Publi\u00e9 le 03 Jan 2026 \u00e0 16:28 Un rappeur fran\u00e7ais de renom, fid\u00e8le&hellip;\n","protected":false},"author":2,"featured_media":639420,"comment_status":"","ping_status":"","sticky":false,"template":"","format":"standard","meta":{"footnotes":""},"categories":[1355],"tags":[58,59,1011,27,1361,873,65861],"class_list":{"0":"post-639419","1":"post","2":"type-post","3":"status-publish","4":"format-standard","5":"has-post-thumbnail","7":"category-musique","8":"tag-divertissement","9":"tag-entertainment","10":"tag-fr","11":"tag-france","12":"tag-music","13":"tag-musique","14":"tag-trend"},"share_on_mastodon":{"url":"https:\/\/pubeurope.com\/@fr\/115834182947208066","error":""},"_links":{"self":[{"href":"https:\/\/www.europesays.com\/fr\/wp-json\/wp\/v2\/posts\/639419","targetHints":{"allow":["GET"]}}],"collection":[{"href":"https:\/\/www.europesays.com\/fr\/wp-json\/wp\/v2\/posts"}],"about":[{"href":"https:\/\/www.europesays.com\/fr\/wp-json\/wp\/v2\/types\/post"}],"author":[{"embeddable":true,"href":"https:\/\/www.europesays.com\/fr\/wp-json\/wp\/v2\/users\/2"}],"replies":[{"embeddable":true,"href":"https:\/\/www.europesays.com\/fr\/wp-json\/wp\/v2\/comments?post=639419"}],"version-history":[{"count":0,"href":"https:\/\/www.europesays.com\/fr\/wp-json\/wp\/v2\/posts\/639419\/revisions"}],"wp:featuredmedia":[{"embeddable":true,"href":"https:\/\/www.europesays.com\/fr\/wp-json\/wp\/v2\/media\/639420"}],"wp:attachment":[{"href":"https:\/\/www.europesays.com\/fr\/wp-json\/wp\/v2\/media?parent=639419"}],"wp:term":[{"taxonomy":"category","embeddable":true,"href":"https:\/\/www.europesays.com\/fr\/wp-json\/wp\/v2\/categories?post=639419"},{"taxonomy":"post_tag","embeddable":true,"href":"https:\/\/www.europesays.com\/fr\/wp-json\/wp\/v2\/tags?post=639419"}],"curies":[{"name":"wp","href":"https:\/\/api.w.org\/{rel}","templated":true}]}}