{"id":639421,"date":"2026-01-04T01:15:19","date_gmt":"2026-01-04T01:15:19","guid":{"rendered":"https:\/\/www.europesays.com\/fr\/639421\/"},"modified":"2026-01-04T01:15:19","modified_gmt":"2026-01-04T01:15:19","slug":"gueugnon-seance-coup-de-coeur-surprise-au-cinema-danton-chaque-premier-lundi-du-mois","status":"publish","type":"post","link":"https:\/\/www.europesays.com\/fr\/639421\/","title":{"rendered":"Gueugnon. S\u00e9ance coup de c\u0153ur surprise au cin\u00e9ma Danton, chaque premier lundi du mois"},"content":{"rendered":"<p>Un \u00e9v\u00e9nement audacieux, en direction des curieux comme des cin\u00e9philes, organis\u00e9 par Thibaut Rodriguez, responsable du cin\u00e9ma, a lieu, depuis moins d\u2019un an, chaque 1er lundi du mois, au cin\u00e9ma Danton. C\u2019est une op\u00e9ration nationale, des cin\u00e9mas class\u00e9s \u00ab arts et essais\u00a0\u00bb qui se d\u00e9roule en parall\u00e8le dans tout l\u2019hexagone, une occasion ici de d\u00e9finir \u00e0 nouveau cette labellisation cin\u00e9matographique d\u00e9livr\u00e9e par l\u2019AFCAE, mandat\u00e9e par le CNC. \u00ab Ce ne sont pas forc\u00e9ment des films \u00ab\u00a0prise de t\u00eate\u00a0\u00bb. Ces films d\u2019auteur et de&#8230;<\/p>\n","protected":false},"excerpt":{"rendered":"Un \u00e9v\u00e9nement audacieux, en direction des curieux comme des cin\u00e9philes, organis\u00e9 par Thibaut Rodriguez, responsable du cin\u00e9ma, a&hellip;\n","protected":false},"author":2,"featured_media":639422,"comment_status":"","ping_status":"","sticky":false,"template":"","format":"standard","meta":{"footnotes":""},"categories":[1354],"tags":[650,1687,58,3895,59,107,1346,1011,27,39333,41647,1360],"class_list":{"0":"post-639421","1":"post","2":"type-post","3":"status-publish","4":"format-standard","5":"has-post-thumbnail","7":"category-films","8":"tag-cinema","9":"tag-culture-loisirs","10":"tag-divertissement","11":"tag-edition-charolais-brionnais","12":"tag-entertainment","13":"tag-fil-info","14":"tag-films","15":"tag-fr","16":"tag-france","17":"tag-gueugnon","18":"tag-gueugnon-bassin","19":"tag-movies"},"share_on_mastodon":{"url":"https:\/\/pubeurope.com\/@fr\/115834186842574732","error":""},"_links":{"self":[{"href":"https:\/\/www.europesays.com\/fr\/wp-json\/wp\/v2\/posts\/639421","targetHints":{"allow":["GET"]}}],"collection":[{"href":"https:\/\/www.europesays.com\/fr\/wp-json\/wp\/v2\/posts"}],"about":[{"href":"https:\/\/www.europesays.com\/fr\/wp-json\/wp\/v2\/types\/post"}],"author":[{"embeddable":true,"href":"https:\/\/www.europesays.com\/fr\/wp-json\/wp\/v2\/users\/2"}],"replies":[{"embeddable":true,"href":"https:\/\/www.europesays.com\/fr\/wp-json\/wp\/v2\/comments?post=639421"}],"version-history":[{"count":0,"href":"https:\/\/www.europesays.com\/fr\/wp-json\/wp\/v2\/posts\/639421\/revisions"}],"wp:featuredmedia":[{"embeddable":true,"href":"https:\/\/www.europesays.com\/fr\/wp-json\/wp\/v2\/media\/639422"}],"wp:attachment":[{"href":"https:\/\/www.europesays.com\/fr\/wp-json\/wp\/v2\/media?parent=639421"}],"wp:term":[{"taxonomy":"category","embeddable":true,"href":"https:\/\/www.europesays.com\/fr\/wp-json\/wp\/v2\/categories?post=639421"},{"taxonomy":"post_tag","embeddable":true,"href":"https:\/\/www.europesays.com\/fr\/wp-json\/wp\/v2\/tags?post=639421"}],"curies":[{"name":"wp","href":"https:\/\/api.w.org\/{rel}","templated":true}]}}