{"id":639423,"date":"2026-01-04T01:16:13","date_gmt":"2026-01-04T01:16:13","guid":{"rendered":"https:\/\/www.europesays.com\/fr\/639423\/"},"modified":"2026-01-04T01:16:13","modified_gmt":"2026-01-04T01:16:13","slug":"cet-eleveur-de-dordogne-touche-par-la-grippe-aviaire-fait-le-choix-de-se-reconvertir","status":"publish","type":"post","link":"https:\/\/www.europesays.com\/fr\/639423\/","title":{"rendered":"Cet \u00e9leveur de Dordogne touch\u00e9 par la grippe aviaire fait le choix de se reconvertir"},"content":{"rendered":"<p>Le virus de la grippe aviaire semble \u00eatre contenu en P\u00e9rigord. Depuis la mi-novembre, sept \u00e9leveurs ont \u00e9t\u00e9 touch\u00e9s dans le d\u00e9partement. Parmi eux, un agriculteur qui pr\u00e9f\u00e8re se reconvertir plut\u00f4t que de prendre le risque d&rsquo;\u00eatre touch\u00e9, \u00e0 nouveau, par la maladie. <\/p>\n<p>Il pr\u00e9f\u00e8re se reconvertir. Cet agriculteur p\u00e9rigourdin a d\u00e9cid\u00e9 qu&rsquo;<strong>il ne se relancerait pas dans l&rsquo;\u00e9levage apr\u00e8s avoir \u00e9t\u00e9 touch\u00e9 par la grippe aviaire<\/strong> \u00e0 la fin de l&rsquo;ann\u00e9e 2025. Ses 900 canards ont \u00e9t\u00e9 abattus apr\u00e8s un coup de fil du v\u00e9t\u00e9rinaire qui lui indiquait que la maladie \u00e9tait pr\u00e9sente sur son exploitation.<\/p>\n<p>Une fois son \u00e9levage vid\u00e9e, il a fallut r\u00e9fl\u00e9chir \u00e0 la suite. \u00ab\u00a0L&rsquo;id\u00e9e de me relancer et que la maladie revienne ne me tranquillise pas du tout, j&rsquo;ai peur d&rsquo;avoir peur\u00a0\u00bb.\u00a0L&rsquo;indemnisation tomb\u00e9e il y a une semaine sur son compte en banque lui permet de trancher car \u00ab\u00a0c&rsquo;est une belle somme mais pas assez pour repartir de z\u00e9ro. Contrairement \u00e0 mes coll\u00e8gues qui n&rsquo;ont connu que \u00e7a et qui ont des emprunts sur le dos, je n&rsquo;ai pas l&rsquo;obligation de continuer.\u00a0\u00bb<\/p>\n<p>L&rsquo;agriculteur veut partager son exp\u00e9rience avec d&rsquo;autres \u00e9leveurs<\/p>\n<p><strong>Quinze jours apr\u00e8s l&rsquo;abattage, l&rsquo;\u00e9leveur ne baisse pas les bras,<\/strong> \u00ab\u00a0\u00e7a peut surprendre mais j&rsquo;ai tr\u00e8s vite fait le choix de rebondir. Je sais que ce n&rsquo;est pas courant mais je suis comme \u00e7a dans la vie\u00a0\u00bb\u00a0. La recherche de travail commence pour l&rsquo;agriculteur\u00a0: \u00ab\u00a0J&rsquo;ai demand\u00e9 tout simplement. Je ne suis pas forc\u00e9ment gourmand, je voulais quelque chose de simple et c&rsquo;est fou le nombre de r\u00e9ponses positives qu&rsquo;on peut avoir.\u00a0\u00bb\u00a0 L&rsquo;agriculteur aimerait aussi <strong>partager son exp\u00e9rience<\/strong>, pourquoi pas chausser les bottes, aller sur les exploitation et r\u00e9pondre aux questions des \u00e9leveurs sur la grippe aviaire.<\/p>\n","protected":false},"excerpt":{"rendered":"Le virus de la grippe aviaire semble \u00eatre contenu en P\u00e9rigord. Depuis la mi-novembre, sept \u00e9leveurs ont \u00e9t\u00e9&hellip;\n","protected":false},"author":2,"featured_media":639424,"comment_status":"","ping_status":"","sticky":false,"template":"","format":"standard","meta":{"footnotes":""},"categories":[10],"tags":[1011,27,72,71],"class_list":{"0":"post-639423","1":"post","2":"type-post","3":"status-publish","4":"format-standard","5":"has-post-thumbnail","7":"category-sante","8":"tag-fr","9":"tag-france","10":"tag-health","11":"tag-sante"},"share_on_mastodon":{"url":"https:\/\/pubeurope.com\/@fr\/115834190792403360","error":""},"_links":{"self":[{"href":"https:\/\/www.europesays.com\/fr\/wp-json\/wp\/v2\/posts\/639423","targetHints":{"allow":["GET"]}}],"collection":[{"href":"https:\/\/www.europesays.com\/fr\/wp-json\/wp\/v2\/posts"}],"about":[{"href":"https:\/\/www.europesays.com\/fr\/wp-json\/wp\/v2\/types\/post"}],"author":[{"embeddable":true,"href":"https:\/\/www.europesays.com\/fr\/wp-json\/wp\/v2\/users\/2"}],"replies":[{"embeddable":true,"href":"https:\/\/www.europesays.com\/fr\/wp-json\/wp\/v2\/comments?post=639423"}],"version-history":[{"count":0,"href":"https:\/\/www.europesays.com\/fr\/wp-json\/wp\/v2\/posts\/639423\/revisions"}],"wp:featuredmedia":[{"embeddable":true,"href":"https:\/\/www.europesays.com\/fr\/wp-json\/wp\/v2\/media\/639424"}],"wp:attachment":[{"href":"https:\/\/www.europesays.com\/fr\/wp-json\/wp\/v2\/media?parent=639423"}],"wp:term":[{"taxonomy":"category","embeddable":true,"href":"https:\/\/www.europesays.com\/fr\/wp-json\/wp\/v2\/categories?post=639423"},{"taxonomy":"post_tag","embeddable":true,"href":"https:\/\/www.europesays.com\/fr\/wp-json\/wp\/v2\/tags?post=639423"}],"curies":[{"name":"wp","href":"https:\/\/api.w.org\/{rel}","templated":true}]}}