{"id":639433,"date":"2026-01-04T01:21:17","date_gmt":"2026-01-04T01:21:17","guid":{"rendered":"https:\/\/www.europesays.com\/fr\/639433\/"},"modified":"2026-01-04T01:21:17","modified_gmt":"2026-01-04T01:21:17","slug":"mexique-un-seisme-de-magnitude-65-dans-le-sud-et-le-centre-du-pays","status":"publish","type":"post","link":"https:\/\/www.europesays.com\/fr\/639433\/","title":{"rendered":"Mexique : un s\u00e9isme de magnitude 6,5 dans le sud et le centre du pays"},"content":{"rendered":"<p>  Par&amp;nbsp<a href=\"https:\/\/fr.euronews.com\/profils\/2972\" target=\"_blank\" rel=\"noopener\">Gavin Blackburn<\/a>&amp;nbsp&amp;&amp;nbsp<b>Jean-Philippe Liabot<\/b><\/p>\n<p>\n                    Publi\u00e9 le                 02\/01\/2026 &#8211; 20:55 UTC+1<br \/>\n                \u2022Mis \u00e0 jour<br \/>\n                                     03\/01\/2026 &#8211; 8:24 UTC+1\n                                        <\/p>\n<p>Un fort tremblement de terre a secou\u00e9 le sud et le centre du Mexique vendredi, interrompant le premier point de presse de la pr\u00e9sidente <strong>Claudia Sheinbaum<\/strong> pour la nouvelle ann\u00e9e, alors que les alarmes sismiques retentissaient.<\/p>\n<p>Le s\u00e9isme avait une magnitude pr\u00e9liminaire de 6,5 et son \u00e9picentre se trouvait pr\u00e8s de la ville de San Marcos dans l&rsquo;\u00c9tat m\u00e9ridional de Guerrero, \u00e0 proximit\u00e9 de la station baln\u00e9aire d&rsquo;Acapulco, sur la c\u00f4te pacifique, selon l&rsquo;agence sismologique nationale.<\/p>\n<p>L&rsquo;agence de protection civile de l&rsquo;\u00c9tat a signal\u00e9 des glissements de terrain autour d&rsquo;Acapulco et sur d&rsquo;autres routes de l&rsquo;\u00c9tat.<\/p>\n<p>Les habitants et les touristes de Mexico et d&rsquo;Acapulco se sont pr\u00e9cipit\u00e9s dans les rues lorsque les secousses ont commenc\u00e9.<\/p>\n<p><a href=\"https:\/\/earthquake.usgs.gov\/earthquakes\/eventpage\/us7000rm3k\/executive\" target=\"_blank\" rel=\"noreferrer noopener\"><strong>Selon l&rsquo;US Geological Survey<\/strong><\/a>, le tremblement de terre s&rsquo;est produit \u00e0 une profondeur de 35 kilom\u00e8tres, au nord-nord-ouest de Rancho Viejo, situ\u00e9 dans les montagnes \u00e0 environ 91 kilom\u00e8tres au nord-est d&rsquo;Acapulco. Plusieurs r\u00e9pliques dont une de 4.5 ont \u00e9t\u00e9 ressenties depuis la premi\u00e8re secousse. <\/p>\n<p>Claudia Sheinbaum, qui a repris son point de presse peu apr\u00e8s, a indiqu\u00e9 qu&rsquo;elle s&rsquo;\u00e9tait entretenue avec la gouverneure de l&rsquo;\u00c9tat de Guerrero, Evelyn Salgado, qui lui a dit qu&rsquo;aucun d\u00e9g\u00e2t s\u00e9rieux n&rsquo;avait \u00e9t\u00e9 signal\u00e9.<\/p>\n<p>Jos\u00e9 Raymundo D\u00edaz Taboada, m\u00e9decin et d\u00e9fenseur des droits de l&rsquo;homme qui vit sur l&rsquo;un des sommets entourant Acapulco, a d\u00e9clar\u00e9 avoir entendu un fort grondement et que tous les chiens du voisinage s&rsquo;\u00e9taient mis \u00e0 aboyer.<\/p>\n<p>\u00ab\u00a0\u00c0 ce moment-l\u00e0, l&rsquo;alerte sismique s&rsquo;est d\u00e9clench\u00e9e sur mon t\u00e9l\u00e9phone portable\u00a0\u00bb, a-t-il d\u00e9clar\u00e9, \u00ab\u00a0puis les secousses ont commenc\u00e9 \u00e0 se faire sentir, accompagn\u00e9es de beaucoup de bruit\u00a0\u00bb.<\/p>\n<p>Il a pr\u00e9cis\u00e9 que les secousses \u00e9taient plus l\u00e9g\u00e8res que lors de certains s\u00e9ismes pr\u00e9c\u00e9dents et qu&rsquo;il avait pr\u00e9par\u00e9 un sac \u00e0 dos contenant des produits de premi\u00e8re n\u00e9cessit\u00e9 afin d&rsquo;\u00eatre pr\u00eat \u00e0 partir si les r\u00e9pliques se poursuivaient.<\/p>\n<p>Il a indiqu\u00e9 qu&rsquo;il n&rsquo;avait pas pu joindre des amis qui vivent le long de la Costa Chica, au sud-est d&rsquo;Acapulco, parce que les communications \u00e9taient coup\u00e9es.<\/p>\n<p>Sources additionnelles<strong> \u2022 AP<\/strong><\/p>\n","protected":false},"excerpt":{"rendered":"Par&amp;nbspGavin Blackburn&amp;nbsp&amp;&amp;nbspJean-Philippe Liabot Publi\u00e9 le 02\/01\/2026 &#8211; 20:55 UTC+1 \u2022Mis \u00e0 jour 03\/01\/2026 &#8211; 8:24 UTC+1 Un fort&hellip;\n","protected":false},"author":2,"featured_media":639434,"comment_status":"","ping_status":"","sticky":false,"template":"","format":"standard","meta":{"footnotes":""},"categories":[5],"tags":[74634,11,4732,1011,27,14,5697,12,18690,28],"class_list":{"0":"post-639433","1":"post","2":"type-post","3":"status-publish","4":"format-standard","5":"has-post-thumbnail","7":"category-international","8":"tag-acapulco","9":"tag-actualites","10":"tag-catastrophe-naturelle","11":"tag-fr","12":"tag-france","13":"tag-international","14":"tag-mexique","15":"tag-news","16":"tag-tremblement-de-terre","17":"tag-world"},"share_on_mastodon":{"url":"https:\/\/pubeurope.com\/@fr\/115834210412897225","error":""},"_links":{"self":[{"href":"https:\/\/www.europesays.com\/fr\/wp-json\/wp\/v2\/posts\/639433","targetHints":{"allow":["GET"]}}],"collection":[{"href":"https:\/\/www.europesays.com\/fr\/wp-json\/wp\/v2\/posts"}],"about":[{"href":"https:\/\/www.europesays.com\/fr\/wp-json\/wp\/v2\/types\/post"}],"author":[{"embeddable":true,"href":"https:\/\/www.europesays.com\/fr\/wp-json\/wp\/v2\/users\/2"}],"replies":[{"embeddable":true,"href":"https:\/\/www.europesays.com\/fr\/wp-json\/wp\/v2\/comments?post=639433"}],"version-history":[{"count":0,"href":"https:\/\/www.europesays.com\/fr\/wp-json\/wp\/v2\/posts\/639433\/revisions"}],"wp:featuredmedia":[{"embeddable":true,"href":"https:\/\/www.europesays.com\/fr\/wp-json\/wp\/v2\/media\/639434"}],"wp:attachment":[{"href":"https:\/\/www.europesays.com\/fr\/wp-json\/wp\/v2\/media?parent=639433"}],"wp:term":[{"taxonomy":"category","embeddable":true,"href":"https:\/\/www.europesays.com\/fr\/wp-json\/wp\/v2\/categories?post=639433"},{"taxonomy":"post_tag","embeddable":true,"href":"https:\/\/www.europesays.com\/fr\/wp-json\/wp\/v2\/tags?post=639433"}],"curies":[{"name":"wp","href":"https:\/\/api.w.org\/{rel}","templated":true}]}}