{"id":639439,"date":"2026-01-04T01:24:14","date_gmt":"2026-01-04T01:24:14","guid":{"rendered":"https:\/\/www.europesays.com\/fr\/639439\/"},"modified":"2026-01-04T01:24:14","modified_gmt":"2026-01-04T01:24:14","slug":"forez-saint-just-saint-rambert-aura-son-premier-hotel-en-2026","status":"publish","type":"post","link":"https:\/\/www.europesays.com\/fr\/639439\/","title":{"rendered":"Forez. Saint-Just-Saint-Rambert aura son premier h\u00f4tel en 2026"},"content":{"rendered":"<p>Jusqu\u2019\u00e0 aujourd\u2019hui, Saint-Just-Saint-Rambert ne poss\u00e9dait pas d\u2019h\u00f4tel. En 2026, cela ne sera plus qu\u2019un lointain souvenir gr\u00e2ce \u00e0 l\u2019h\u00f4tel 2M.<\/p>\n<p>Apr\u00e8s deux ans de travaux, l\u2019h\u00f4tel situ\u00e9 dans l\u2019ancienne maison Mellet-Mandard a \u00e9t\u00e9 d\u00e9voil\u00e9 en d\u00e9cembre. Il <a href=\"https:\/\/www.leprogres.fr\/economie\/2025\/12\/19\/apres-deux-ans-de-travaux-l-hotel-2m-ouvre-enfin-ses-portes\" target=\"_blank\" rel=\"noopener\">sera compos\u00e9 de 24 chambres<\/a>, d\u2019un espace bar, d\u2019une salle de petit-d\u00e9jeuner et d\u2019une salle de s\u00e9minaire.<\/p>\n<p>  \u00ab\u00a0Un v\u00e9ritable coup de c\u0153ur\u00a0\u00bb<\/p>\n<p>La directrice, Caroline et ses associ\u00e9s, Justine et Julien, ainsi que leur employ\u00e9e, Augustine, ont d\u00e9j\u00e0 accueilli leurs premiers clients. Le charme de l\u2019ancien a pu \u00eatre conserv\u00e9, ce qui a s\u00e9duit les acqu\u00e9reurs de cette maison bourgeoise devenue hospices en 1900.<\/p>\n<p>\u00ab\u00a0Nous avons eu un v\u00e9ritable coup de c\u0153ur pour ce b\u00e2timent qui a plus de 200 ans et qui est tr\u00e8s sain. On a tenu \u00e0 conserver certains \u00e9l\u00e9ments comme les moulures, un miroir d\u2019\u00e9poque, la plaque des bienfaiteurs et la porte d\u2019entr\u00e9e d\u2019origine enti\u00e8rement restaur\u00e9e\u00a0\u00bb d\u00e9taillent-ils.<\/p>\n<p>Affili\u00e9 \u00e0 la coop\u00e9rative h\u00f4teli\u00e8re, \u00ab\u00a0The Originals Hotel\u00a0\u00bb, l\u2019h\u00f4tel 2M vise un classement trois \u00e9toiles, dont l\u2019audit est attendu courant janvier.<\/p>\n","protected":false},"excerpt":{"rendered":"Jusqu\u2019\u00e0 aujourd\u2019hui, Saint-Just-Saint-Rambert ne poss\u00e9dait pas d\u2019h\u00f4tel. En 2026, cela ne sera plus qu\u2019un lointain souvenir gr\u00e2ce \u00e0&hellip;\n","protected":false},"author":2,"featured_media":639440,"comment_status":"","ping_status":"","sticky":false,"template":"","format":"standard","meta":{"footnotes":""},"categories":[9653],"tags":[1111,11,2430,4406,33,7359,1777,674,1011,27,12,25,4001,20524,20525],"class_list":{"0":"post-639439","1":"post","2":"type-post","3":"status-publish","4":"format-standard","5":"has-post-thumbnail","7":"category-saint-etienne","8":"tag-actu","9":"tag-actualites","10":"tag-auvergne-rhone-alpes","11":"tag-commerce-et-services","12":"tag-economie","13":"tag-edition-loire-centre","14":"tag-eu","15":"tag-europe","16":"tag-fr","17":"tag-france","18":"tag-news","19":"tag-republique-francaise","20":"tag-saint-etienne","21":"tag-saint-just-saint-rambert","22":"tag-saint-just-saint-rambert-ville"},"share_on_mastodon":{"url":"","error":""},"_links":{"self":[{"href":"https:\/\/www.europesays.com\/fr\/wp-json\/wp\/v2\/posts\/639439","targetHints":{"allow":["GET"]}}],"collection":[{"href":"https:\/\/www.europesays.com\/fr\/wp-json\/wp\/v2\/posts"}],"about":[{"href":"https:\/\/www.europesays.com\/fr\/wp-json\/wp\/v2\/types\/post"}],"author":[{"embeddable":true,"href":"https:\/\/www.europesays.com\/fr\/wp-json\/wp\/v2\/users\/2"}],"replies":[{"embeddable":true,"href":"https:\/\/www.europesays.com\/fr\/wp-json\/wp\/v2\/comments?post=639439"}],"version-history":[{"count":0,"href":"https:\/\/www.europesays.com\/fr\/wp-json\/wp\/v2\/posts\/639439\/revisions"}],"wp:featuredmedia":[{"embeddable":true,"href":"https:\/\/www.europesays.com\/fr\/wp-json\/wp\/v2\/media\/639440"}],"wp:attachment":[{"href":"https:\/\/www.europesays.com\/fr\/wp-json\/wp\/v2\/media?parent=639439"}],"wp:term":[{"taxonomy":"category","embeddable":true,"href":"https:\/\/www.europesays.com\/fr\/wp-json\/wp\/v2\/categories?post=639439"},{"taxonomy":"post_tag","embeddable":true,"href":"https:\/\/www.europesays.com\/fr\/wp-json\/wp\/v2\/tags?post=639439"}],"curies":[{"name":"wp","href":"https:\/\/api.w.org\/{rel}","templated":true}]}}