{"id":63944,"date":"2025-04-30T08:42:10","date_gmt":"2025-04-30T08:42:10","guid":{"rendered":"https:\/\/www.europesays.com\/fr\/63944\/"},"modified":"2025-04-30T08:42:10","modified_gmt":"2025-04-30T08:42:10","slug":"alex-marquez-na-pas-recu-de-cadeau-de-la-part-de-ducati-apres-sa-victoire","status":"publish","type":"post","link":"https:\/\/www.europesays.com\/fr\/63944\/","title":{"rendered":"\u00c1lex M\u00e1rquez n&rsquo;a pas re\u00e7u de cadeau de la part de Ducati apr\u00e8s sa victoire"},"content":{"rendered":"<p>Il aura fallu 94 Grands Prix \u00e0 <a href=\"https:\/\/fr.motorsport.com\/driver\/alex-marquez\/96324\/\" target=\"_blank\" rel=\"noopener\">\u00c1lex M\u00e1rquez<\/a> pour remporter sa premi\u00e8re victoire en MotoGP, finalement arriv\u00e9e dimanche devant le public espagnol qui s&rsquo;\u00e9tait amass\u00e9 dans les tribunes de Jerez. Un succ\u00e8s que le Catalan a eu un peu de mal \u00e0 int\u00e9grer, au point qu&rsquo;il a quitt\u00e9 le circuit avec sa petite amie \u00ab\u00a0pour se promener et redescendre de son nuage\u00a0\u00bb.<\/p>\n<p>\u00ab\u00a0Je suis rentr\u00e9 au motorhome et \u00e0 18h, j&rsquo;ai mis la t\u00eate dehors. On est all\u00e9 se balader. C&rsquo;\u00e9tait comme atterrir \u00e0 nouveau. On a march\u00e9, parl\u00e9 et \u00e7a m&rsquo;a aid\u00e9 \u00e0 redescendre sur terre. \u00c7a aide aussi d&rsquo;avoir un test le lendemain\u00a0\u00bb, a-t-il expliqu\u00e9.<\/p>\n<p>Le pilote Gresini n&rsquo;a pas prolong\u00e9 la c\u00e9l\u00e9bration, voulant justement \u00eatre pr\u00eat pour la journ\u00e9e de test pr\u00e9vue lundi. Test pour lequel il n&rsquo;a cependant pas re\u00e7u de \u00ab\u00a0petits cadeaux\u00a0\u00bb de la part de Ducati pour booster sa moto, une GP24 datant de la saison derni\u00e8re. Cette hypoth\u00e8se selon laquelle il aurait pu recevoir quelques r\u00e9compenses de la part du constructeur, c&rsquo;est <a href=\"https:\/\/fr.motorsport.com\/driver\/marc-marquez\/92646\/\" target=\"_blank\" rel=\"noopener\">Marc M\u00e1rquez<\/a> lui-m\u00eame qui l&rsquo;avait \u00e9voqu\u00e9e, lui qui a \u00e9galement connu l&rsquo;an dernier le fait de courir et de gagner avec une ancienne spec Ducati.<\/p>\n<p>Interrog\u00e9 lundi soir sur le programme de son test, \u00c1lex M\u00e1rquez l&rsquo;a ainsi r\u00e9sum\u00e9\u00a0:\u00a0\u00ab\u00a0Rien\u00a0!\u00a0\u00bb. Et de pr\u00e9ciser\u00a0:\u00a0\u00ab\u00a0On a juste test\u00e9 des choses dans les r\u00e9glages, et aussi au niveau de l&rsquo;\u00e9lectronique, pour essayer de comprendre quoi faire pour r\u00e9duire le niveau de grip de la moto. Parfois, c&rsquo;est un probl\u00e8me d&rsquo;avoir trop de grip, donc on a essay\u00e9 des changements radicaux pour voir la direction \u00e0 prendre, si jamais on devait avoir ce probl\u00e8me pendant un week-end.\u00a0\u00bb<\/p>\n<p>   <img decoding=\"async\" draggable=\"false\" src=\"https:\/\/www.europesays.com\/fr\/wp-content\/uploads\/2025\/04\/1746002530_557_alex-marquez-gresini-racing.jpg\" alt=\"Le cadeau, c'est le troph\u00e9e de vainqueur !\" width=\"1200\" height=\"800\" loading=\"lazy\"\/> <\/p>\n<p class=\"title\">Le cadeau, c&rsquo;est le troph\u00e9e de vainqueur !<\/p>\n<p class=\"photographer\">Photo de: Jose Breton &#8211; Pics Action &#8211; NurPhoto &#8211; Getty Images<\/p>\n<p>\u00ab\u00a0Non, pas \u00e0 ce jour\u00a0\u00bb, a r\u00e9pondu le cadet des fr\u00e8res\u00a0M\u00e1rquez lorsqu&rsquo;il lui a \u00e9t\u00e9 demand\u00e9 sp\u00e9cifiquement s&rsquo;il avait re\u00e7u l&rsquo;un de ces fameux petits cadeaux. \u00ab\u00a0Mais ce qu&rsquo;on a dit l&rsquo;ann\u00e9e derni\u00e8re, c&rsquo;est que quand il y a une nouveaut\u00e9, il faut que ce soit la m\u00eame chose pour tous ceux qui ont la GP24, et c&rsquo;est l\u00e0 que \u00e7a devient un peu compliqu\u00e9\u00a0\u00bb, a-t-il ajout\u00e9.<\/p>\n<p>Se d\u00e9brouiller sans les pi\u00e8ces bonus<\/p>\n<p>Malgr\u00e9 sa victoire et sa position de leader au championnat, \u00c1lex M\u00e1rquez reste bien conscient qu&rsquo;il n&rsquo;est pas pilote officiel. \u00ab\u00a0Je dis toujours la m\u00eame chose, les motos rouges ont les &lsquo;goodies&rsquo; qui font qu&rsquo;elles ont un petit quelque chose en plus, un l\u00e9ger avantage dans certains moments\u00a0\u2212\u00a0pas toujours\u00a0\u00bb, explique-t-il.<\/p>\n<p>\u00ab\u00a0Il y a quelque chose que l&rsquo;on essaye d&rsquo;obtenir et qui nous aiderait \u00e0 \u00eatre un peu plus constants dans les longues courses\u00a0\u00bb, a avou\u00e9 le pilote Gresini. \u00ab\u00a0C&rsquo;est quelque chose qu&rsquo;ils [les pilotes officiels] ont. \u00c7a ne d\u00e9pend pas de l&rsquo;\u00e9quipe, ce n&rsquo;est pas une question de budget\u00a0;\u00a0[vous l&rsquo;avez] si Ducati a l&rsquo;option de vous le donner. On fait du bon travail m\u00eame sans \u00e7a, on apprend \u00e0 se d\u00e9brouiller sans cette pi\u00e8ce.\u00a0\u00bb<\/p>\n<p>Malgr\u00e9 cette absence d&rsquo;\u00e9volutions au lendemain de sa victoire, \u00c1lex M\u00e1rquez dit se sentir bien tr\u00e8s trait\u00e9 par Ducati et par son patron, Gigi Dall&rsquo;Igna. \u00ab\u00a0Je me suis toujours senti tr\u00e8s aim\u00e9, j&rsquo;ai une tr\u00e8s bonne relation avec toute l&rsquo;\u00e9quipe Ducati. Gigi est clair et direct, comme moi. Quand on a eu un probl\u00e8me, on en a parl\u00e9 et on l&rsquo;a r\u00e9solu. Je me suis toujours senti tr\u00e8s choy\u00e9.\u00a0\u00bb<\/p>\n<p>Et surtout, le pilote Gresini ne se fait pas prier pour affirmer que sa moto actuelle est la meilleure qu&rsquo;il ait pilot\u00e9e. \u00ab\u00a0Oui, clairement, la GP24.0 est la meilleure\u00a0\u00bb, assurait-il \u00e0 cette question dimanche, ajoutant\u00a0:\u00a0\u00ab\u00a0Et c&rsquo;est celle que je vais avoir jusqu&rsquo;\u00e0 la fin d\u00e9sormais. J&rsquo;ai le sentiment que c&rsquo;est la meilleure moto que j&rsquo;ai pilot\u00e9e de ma vie. On sait ce qu&rsquo;on a et il faut qu&rsquo;on se concentre sur les \u00e9l\u00e9ments qu&rsquo;on a et qu&rsquo;on essaye de croire dans notre potentiel.\u00a0\u00bb<\/p>\n<p style=\"text-align: right;\">Avec Vincent Lalanne-Sicaud<\/p>\n<p>Lire aussi :<\/p>\n<p>Dans cet article<\/p>\n<p>    Germ\u00e1n Garcia Casanova\n<\/p>\n<p>    MotoGP\n<\/p>\n<p>    \u00c1lex M\u00e1rquez\n<\/p>\n<p>    Gresini Racing\n<\/p>\n<p>Soyez le premier inform\u00e9 et souscrivez aux alertes mails pour recevoir les infos en temps r\u00e9el<\/p>\n<p>    S&rsquo;abonner aux alertes de news<\/p>\n","protected":false},"excerpt":{"rendered":"Il aura fallu 94 Grands Prix \u00e0 \u00c1lex M\u00e1rquez pour remporter sa premi\u00e8re victoire en MotoGP, finalement arriv\u00e9e&hellip;\n","protected":false},"author":2,"featured_media":63945,"comment_status":"","ping_status":"","sticky":false,"template":"","format":"standard","meta":{"footnotes":""},"categories":[1412],"tags":[12530,1451,1452,1453,1454,1455,1011,27,3452,1458,60,15594,7896],"class_list":{"0":"post-63944","1":"post","2":"type-post","3":"status-publish","4":"format-standard","5":"has-post-thumbnail","7":"category-f1","8":"tag-circuito-de-jerez","9":"tag-f1","10":"tag-formula-1","11":"tag-formula1","12":"tag-formule-1","13":"tag-formule1","14":"tag-fr","15":"tag-france","16":"tag-gresini-racing","17":"tag-motogp","18":"tag-sports","19":"tag-test-de-jerez","20":"tag-u00c1lex-mu00e1rquez"},"share_on_mastodon":{"url":"https:\/\/pubeurope.com\/@fr\/114426029235301523","error":""},"_links":{"self":[{"href":"https:\/\/www.europesays.com\/fr\/wp-json\/wp\/v2\/posts\/63944","targetHints":{"allow":["GET"]}}],"collection":[{"href":"https:\/\/www.europesays.com\/fr\/wp-json\/wp\/v2\/posts"}],"about":[{"href":"https:\/\/www.europesays.com\/fr\/wp-json\/wp\/v2\/types\/post"}],"author":[{"embeddable":true,"href":"https:\/\/www.europesays.com\/fr\/wp-json\/wp\/v2\/users\/2"}],"replies":[{"embeddable":true,"href":"https:\/\/www.europesays.com\/fr\/wp-json\/wp\/v2\/comments?post=63944"}],"version-history":[{"count":0,"href":"https:\/\/www.europesays.com\/fr\/wp-json\/wp\/v2\/posts\/63944\/revisions"}],"wp:featuredmedia":[{"embeddable":true,"href":"https:\/\/www.europesays.com\/fr\/wp-json\/wp\/v2\/media\/63945"}],"wp:attachment":[{"href":"https:\/\/www.europesays.com\/fr\/wp-json\/wp\/v2\/media?parent=63944"}],"wp:term":[{"taxonomy":"category","embeddable":true,"href":"https:\/\/www.europesays.com\/fr\/wp-json\/wp\/v2\/categories?post=63944"},{"taxonomy":"post_tag","embeddable":true,"href":"https:\/\/www.europesays.com\/fr\/wp-json\/wp\/v2\/tags?post=63944"}],"curies":[{"name":"wp","href":"https:\/\/api.w.org\/{rel}","templated":true}]}}