{"id":639450,"date":"2026-01-04T01:36:12","date_gmt":"2026-01-04T01:36:12","guid":{"rendered":"https:\/\/www.europesays.com\/fr\/639450\/"},"modified":"2026-01-04T01:36:12","modified_gmt":"2026-01-04T01:36:12","slug":"apres-sa-victoire-contre-grenoble-le-sc-bastia-se-relance-dans-la-course-au-maintien","status":"publish","type":"post","link":"https:\/\/www.europesays.com\/fr\/639450\/","title":{"rendered":"apr\u00e8s sa victoire contre Grenoble, le SC Bastia se relance dans la course au maintien"},"content":{"rendered":"<p>SCB &#8211; Grenoble Foot 38\u00a0: 1-0 (1-0)<\/p>\n<p>Stade Armand-Cesari. 8\u00a0312 spectateurs. <br \/>Arbitre\u00a0: Romain Lissorgue <br \/>But\u00a0: S\u00e9bas (45&prime;) <br \/>Avertissements\u00a0: Vidal (7&prime;), Valls (28&prime;), Paquiez (90&prime;) \u00e0 Grenoble; S\u00e9bas (14&prime;), Vincent (25&prime;), Guevara (63&prime;), Bohnert (90 + 5&prime;) au Sporting <br \/>SCB\u00a0: Placide &#8211; Meynadier, Guevara, Roncaglia, Bohnert &#8211; Janneh (Lebas 90 + 4&prime;), Vincent, Petrignani (Basset 60&prime;)- S\u00e9bas (Aiki 75&prime;), Boutrah (Karamoko 75&prime;), Tomi. Entr.\u00a0: R\u00e9ginald Ray <br \/>GF38\u00a0: Allain &#8211; Delos, Paquiez, Sarikaya (Mouyokolo 68&prime;), Vidal (Bechikh 81&prime;), Xantippe (Mion 77&prime;) &#8211; Benet, Valls (Bangre 68&prime;), Diba &#8211; Zahui (Kerouedan 77&prime;), Diaby. Entr.\u00a0: Franck Rizzetto<\/p>\n<p>Forc\u00e9ment, ce n&rsquo;est pas une mince affaire de marquer lorsque l&rsquo;on n&rsquo;arrive pas \u00e0 cadrer un tir\u00a0! Et dans les 45 minutes initiales, le Sporting ne parvient ni \u00e0 solliciter ni a fortiori \u00e0 faire trembler Allain, le portier grenoblois. Z\u00e9ro tir cadr\u00e9 jusqu&rsquo;au but de S\u00e9bas\u00a0!<\/p>\n<p>Pire que \u00e7a, dans la premi\u00e8re p\u00e9riode, ce sont bien les partenaires de Jessy Benet qui sont les plus mordants sur le but bastiais.<\/p>\n<p>Et encore une fois, Johny Placide, dans sa version pr\u00e9-Coupe du Monde, avait rev\u00eatu sa cape de Superman sous sa magnifique tenue rose bonbon. Le gardien ha\u00eftien a sort&#8230;<\/p>\n","protected":false},"excerpt":{"rendered":"SCB &#8211; Grenoble Foot 38\u00a0: 1-0 (1-0) Stade Armand-Cesari. 8\u00a0312 spectateurs. Arbitre\u00a0: Romain Lissorgue But\u00a0: S\u00e9bas (45&prime;) Avertissements\u00a0:&hellip;\n","protected":false},"author":2,"featured_media":639451,"comment_status":"","ping_status":"","sticky":false,"template":"","format":"standard","meta":{"footnotes":""},"categories":[9566],"tags":[5734,1111,11,150,2430,5621,1444,1777,674,1011,27,2731,3022,12,838,25,60,1264],"class_list":{"0":"post-639450","1":"post","2":"type-post","3":"status-publish","4":"format-standard","5":"has-post-thumbnail","7":"category-grenoble","8":"tag-5734","9":"tag-actu","10":"tag-actualites","11":"tag-apres","12":"tag-auvergne-rhone-alpes","13":"tag-bastia","14":"tag-contre","15":"tag-eu","16":"tag-europe","17":"tag-fr","18":"tag-france","19":"tag-grenoble","20":"tag-ligue","21":"tag-news","22":"tag-relance","23":"tag-republique-francaise","24":"tag-sports","25":"tag-victoire"},"share_on_mastodon":{"url":"https:\/\/pubeurope.com\/@fr\/115834269389616074","error":""},"_links":{"self":[{"href":"https:\/\/www.europesays.com\/fr\/wp-json\/wp\/v2\/posts\/639450","targetHints":{"allow":["GET"]}}],"collection":[{"href":"https:\/\/www.europesays.com\/fr\/wp-json\/wp\/v2\/posts"}],"about":[{"href":"https:\/\/www.europesays.com\/fr\/wp-json\/wp\/v2\/types\/post"}],"author":[{"embeddable":true,"href":"https:\/\/www.europesays.com\/fr\/wp-json\/wp\/v2\/users\/2"}],"replies":[{"embeddable":true,"href":"https:\/\/www.europesays.com\/fr\/wp-json\/wp\/v2\/comments?post=639450"}],"version-history":[{"count":0,"href":"https:\/\/www.europesays.com\/fr\/wp-json\/wp\/v2\/posts\/639450\/revisions"}],"wp:featuredmedia":[{"embeddable":true,"href":"https:\/\/www.europesays.com\/fr\/wp-json\/wp\/v2\/media\/639451"}],"wp:attachment":[{"href":"https:\/\/www.europesays.com\/fr\/wp-json\/wp\/v2\/media?parent=639450"}],"wp:term":[{"taxonomy":"category","embeddable":true,"href":"https:\/\/www.europesays.com\/fr\/wp-json\/wp\/v2\/categories?post=639450"},{"taxonomy":"post_tag","embeddable":true,"href":"https:\/\/www.europesays.com\/fr\/wp-json\/wp\/v2\/tags?post=639450"}],"curies":[{"name":"wp","href":"https:\/\/api.w.org\/{rel}","templated":true}]}}