{"id":639452,"date":"2026-01-04T01:38:15","date_gmt":"2026-01-04T01:38:15","guid":{"rendered":"https:\/\/www.europesays.com\/fr\/639452\/"},"modified":"2026-01-04T01:38:15","modified_gmt":"2026-01-04T01:38:15","slug":"une-decision-qui-doit-etre-prise-que-ce-soit-a-la-1e-minute-ou-a-la-90e-larbitre-prend-la-parole-sur-le-carton-rouge-a-lorigine-de-la-colere-de-letang-et-genesio","status":"publish","type":"post","link":"https:\/\/www.europesays.com\/fr\/639452\/","title":{"rendered":"\u00ab\u00a0Une d\u00e9cision qui doit \u00eatre prise que ce soit \u00e0 la 1e minute ou \u00e0 la 90e\u00a0\u00bb, l&rsquo;arbitre prend la parole sur le carton rouge \u00e0 l&rsquo;origine de la col\u00e8re de L\u00e9tang et Genesio"},"content":{"rendered":"<p>Vertement critiqu\u00e9 par Olivier L\u00e9tang \u00e0 la mi-temps du match perdu par Lille contre Rennes ce samedi (2-0), dans le cadre de la 17e journ\u00e9e de Ligue 1, l&rsquo;arbitre Eric Wattellier a pris la parole concernant le carton rouge d&rsquo;Alexsandro en d\u00e9but de rencontre.<\/p>\n<p>C&rsquo;est la col\u00e8re qui domine dans le camp lillois ce samedi soir, apr\u00e8s la <a href=\"https:\/\/rmcsport.bfmtv.com\/football\/ligue-1\/direct-lille-rennes-suivez-le-match-de-la-17e-journee-de-ligue-1_LS-202601030242.html\" title=\"DIRECT. Lille-Rennes: gros coup du Stade Rennais, qui remporte le choc des outsiders\" class=\"internal_link\" target=\"_blank\" rel=\"noopener\">d\u00e9faite du Losc \u00e0 domicile contre Rennes<\/a> (2-0), dans le cadre de la 17e journ\u00e9e de Ligue 1. Le pr\u00e9sident de Lille Olivier L\u00e9tang a fait part de sa col\u00e8re concernant l&rsquo;arbitrage, notamment ce carton rouge attribu\u00e9 en d\u00e9but de match \u00e0 Alexsandro pour une faute sur Breel Embolo. Le dirigeant s&rsquo;en est d&rsquo;ailleurs <a href=\"https:\/\/rmcsport.bfmtv.com\/football\/ligue-1\/lille-rennes-c-est-une-honte-c-est-un-scandale-le-coup-de-gueule-de-letang-envers-l-arbitre-a-la-mi-temps-apres-un-carton-rouge-litigieux_AV-202601030315.html\" title=\"Lille-Rennes: &quot;C&#039;est une honte! C&#039;est un scandale!&quot;, le coup de gueule de L\u00e9tang envers l&#039;arbitre \u00e0 la mi-temps apr\u00e8s un carton rouge litigieux\" class=\"internal_link\" target=\"_blank\" rel=\"noopener\">pris verbalement \u00e0 l&rsquo;arbitre<\/a> dans les couloirs \u00e0 la mi-temps.<\/p>\n<p>\u00ab\u00a0Je ne fais pas cas de ce qu&rsquo;il s&rsquo;est pass\u00e9 par le pass\u00e9\u00a0\u00bb<\/p>\n<p>L&rsquo;arbitre en question, Eric Wattellier, a justifi\u00e9 sa d\u00e9cision sur Ligue 1+ apr\u00e8s le match: \u00ab\u00a0Nous sommes dans une situation d&rsquo;annihilation d&rsquo;occasion de but manifeste qui, comme elles est d\u00e9finie dans la loi 12, demande l&rsquo;exclusion du d\u00e9fenseur quand l&rsquo;attaquant est en mesure de se cr\u00e9er une occasion nette de but. L&rsquo;attaquant avait la ma\u00eetrise du ballon, il se dirigeait en direction du but. Il y avait une proximit\u00e9 avec le but donc tous les \u00e9l\u00e9ments \u00e9taient r\u00e9unis pour exclure le d\u00e9fenseur fautif. La question du timing\u2026 c&rsquo;est une d\u00e9cision incontournable, qui doit \u00eatre prise que ce soit \u00e0 la 1e minute d&rsquo;une rencontre ou \u00e0 la 90e parce qu&rsquo;elle r\u00e9pond aux crit\u00e8res des lois du jeu. Il n&rsquo;y a pas de question de timing sur ce genre de d\u00e9cisions, c&rsquo;est un carton rouge qui devait \u00eatre distribu\u00e9. Je ne fais pas cas de ce qu&rsquo;il s&rsquo;est pass\u00e9 par le pass\u00e9. Moi j&rsquo;arbitre un match, je prends des d\u00e9cisions au regard des lois du jeu et qui me semblent les plus justes. L\u00e0 en l&rsquo;occurrence, toutes les conditions \u00e9taient r\u00e9unies car monsieur Embolo avait la possibilit\u00e9 de se cr\u00e9er une occasion nette de but.\u00a0\u00bb\u00a0<\/p>\n<p><img decoding=\"async\" src=\"https:\/\/www.europesays.com\/fr\/wp-content\/uploads\/2026\/01\/principale-92_6.jpg\"  alt=\"Lille tombe, L\u00e9tang sort encore de son match... \u2013 03\/01\" title=\"Lille tombe, L\u00e9tang sort encore de son match... \u2013 03\/01\"\/>Lille tombe, L\u00e9tang sort encore de son match&#8230; \u2013 03\/01<\/p>\n<p>Le texte de la loi 12 de l&rsquo;Ifab indique qu&rsquo;une faute est sanctionn\u00e9e d&rsquo;un carton rouge direct en cas d&rsquo;annihilation d&rsquo;une occasion de but manifeste ; d&rsquo;une faute grossi\u00e8re ; d&rsquo;un comportement violent, morsure ou crachat sur une autre personne ; d&rsquo;actes blessants, grossiers ou injurieux.<\/p>\n<p><a href=\"https:\/\/rmcsport.bfmtv.com\/football\/ligue-1\/lille-rennes-pourquoi-genesio-a-snobe-la-conference-de-presse-d-apres-match_AV-202601030340.html\" title=\"Lille-Rennes: pourquoi Genesio a snob\u00e9 la conf\u00e9rence de presse d&#039;apr\u00e8s-match\" class=\"internal_link\" target=\"_blank\" rel=\"noopener\">Bruno Genesio<\/a>, entr\u00e9 sur la pelouse fou de rage \u00e0 la pause et retenu par plusieurs de ses joueurs, a refus\u00e9 de se pr\u00e9senter en conf\u00e9rence de presse d&rsquo;apr\u00e8s-match, tout comme le reste de son staff.<\/p>\n","protected":false},"excerpt":{"rendered":"Vertement critiqu\u00e9 par Olivier L\u00e9tang \u00e0 la mi-temps du match perdu par Lille contre Rennes ce samedi (2-0),&hellip;\n","protected":false},"author":2,"featured_media":639453,"comment_status":"","ping_status":"","sticky":false,"template":"","format":"standard","meta":{"footnotes":""},"categories":[2821],"tags":[1111,11,829,1777,674,1011,27,12,584,25],"class_list":{"0":"post-639452","1":"post","2":"type-post","3":"status-publish","4":"format-standard","5":"has-post-thumbnail","7":"category-rennes","8":"tag-actu","9":"tag-actualites","10":"tag-bretagne","11":"tag-eu","12":"tag-europe","13":"tag-fr","14":"tag-france","15":"tag-news","16":"tag-rennes","17":"tag-republique-francaise"},"share_on_mastodon":{"url":"https:\/\/pubeurope.com\/@fr\/115834277294539881","error":""},"_links":{"self":[{"href":"https:\/\/www.europesays.com\/fr\/wp-json\/wp\/v2\/posts\/639452","targetHints":{"allow":["GET"]}}],"collection":[{"href":"https:\/\/www.europesays.com\/fr\/wp-json\/wp\/v2\/posts"}],"about":[{"href":"https:\/\/www.europesays.com\/fr\/wp-json\/wp\/v2\/types\/post"}],"author":[{"embeddable":true,"href":"https:\/\/www.europesays.com\/fr\/wp-json\/wp\/v2\/users\/2"}],"replies":[{"embeddable":true,"href":"https:\/\/www.europesays.com\/fr\/wp-json\/wp\/v2\/comments?post=639452"}],"version-history":[{"count":0,"href":"https:\/\/www.europesays.com\/fr\/wp-json\/wp\/v2\/posts\/639452\/revisions"}],"wp:featuredmedia":[{"embeddable":true,"href":"https:\/\/www.europesays.com\/fr\/wp-json\/wp\/v2\/media\/639453"}],"wp:attachment":[{"href":"https:\/\/www.europesays.com\/fr\/wp-json\/wp\/v2\/media?parent=639452"}],"wp:term":[{"taxonomy":"category","embeddable":true,"href":"https:\/\/www.europesays.com\/fr\/wp-json\/wp\/v2\/categories?post=639452"},{"taxonomy":"post_tag","embeddable":true,"href":"https:\/\/www.europesays.com\/fr\/wp-json\/wp\/v2\/tags?post=639452"}],"curies":[{"name":"wp","href":"https:\/\/api.w.org\/{rel}","templated":true}]}}