{"id":639454,"date":"2026-01-04T01:40:10","date_gmt":"2026-01-04T01:40:10","guid":{"rendered":"https:\/\/www.europesays.com\/fr\/639454\/"},"modified":"2026-01-04T01:40:10","modified_gmt":"2026-01-04T01:40:10","slug":"liam-rosenior-emu-pour-son-probable-dernier-match-avec-strasbourg-alsasports","status":"publish","type":"post","link":"https:\/\/www.europesays.com\/fr\/639454\/","title":{"rendered":"Liam Rosenior \u00e9mu pour son probable dernier match avec Strasbourg \u2014 Alsa&rsquo;Sports"},"content":{"rendered":"<p><strong>L\u2019entra\u00eeneur du Racing a sembl\u00e9 tr\u00e8s \u00e9mu de disputer son probable dernier match avec Strasbourg. Sur le terrain et en conf\u00e9rence de presse. <\/strong><\/p>\n<p>Chaque image de Liam Rosenior \u00e9tait scrut\u00e9e avec grande attention ce samedi soir \u00e0 l\u2019Allianz Riviera de Nice, o\u00f9 le Racing a obtenu le point du match nul (1-1). Il s\u2019agissait tr\u00e8s probablement du dernier match de Liam Rosenior sur le banc strasbourgeois, et sans surinterpr\u00e9ter le langage corporel de l\u2019Anglais, celui-ci a sembl\u00e9 \u00e9mu \u00e0 la fin de la rencontre, et a confirm\u00e9 cet \u00e9tat d\u2019\u00e2me en conf\u00e9rence de presse d\u2019apr\u00e8s match. <\/p>\n<p>Il y a notamment eu cette image du groupe venu saluer le parcage strasbourgeois, puis ces longues accolades entre le coach et Mike Penders, Diego Moreira, son adjoint Kalifa Ciss\u00e9, qui a de fortes chances d\u2019ailleurs de le rejoindre \u00e0 Londres. La s\u00e9quence o\u00f9 Liam Rosenior quitte la pelouse ni\u00e7oise pour regagner les vestiaires, tant\u00f4t le visage bas et ferm\u00e9, tant\u00f4t crisp\u00e9 par certaines mimiques sans doute pour masquer son \u00e9motion. Puis son phras\u00e9 en conf\u00e9rence de presse, face aux journalistes dont certains ayant fait le d\u00e9placement depuis l\u2019Angleterre. Trois confr\u00e8res britanniques \u00e9taient pr\u00e9sents et ont questionn\u00e9 Liam Rosenior, qui a maintenu son discours de la veille tout en prolongeant un peu plus les louages sur le temps qu\u2019il a pass\u00e9 en Alsace. En disant combien il avait ador\u00e9 travailler avec le groupe le plus jeune d\u2019Europe et qu\u2019il en garderait un superbe souvenir. Une attitude globale qui a tout d\u2019un au revoir presque \u00e0 contre coeur. <\/p>\n","protected":false},"excerpt":{"rendered":"L\u2019entra\u00eeneur du Racing a sembl\u00e9 tr\u00e8s \u00e9mu de disputer son probable dernier match avec Strasbourg. Sur le terrain&hellip;\n","protected":false},"author":2,"featured_media":639455,"comment_status":"","ping_status":"","sticky":false,"template":"","format":"standard","meta":{"footnotes":""},"categories":[2820],"tags":[1111,11,1777,674,63,1011,27,775,15900,66,12,4448,25,640],"class_list":{"0":"post-639454","1":"post","2":"type-post","3":"status-publish","4":"format-standard","5":"has-post-thumbnail","7":"category-strasbourg","8":"tag-actu","9":"tag-actualites","10":"tag-eu","11":"tag-europe","12":"tag-football","13":"tag-fr","14":"tag-france","15":"tag-grand-est","16":"tag-liam-rosenior","17":"tag-ligue-1","18":"tag-news","19":"tag-rc-strasbourg","20":"tag-republique-francaise","21":"tag-strasbourg"},"share_on_mastodon":{"url":"https:\/\/pubeurope.com\/@fr\/115834285092533092","error":""},"_links":{"self":[{"href":"https:\/\/www.europesays.com\/fr\/wp-json\/wp\/v2\/posts\/639454","targetHints":{"allow":["GET"]}}],"collection":[{"href":"https:\/\/www.europesays.com\/fr\/wp-json\/wp\/v2\/posts"}],"about":[{"href":"https:\/\/www.europesays.com\/fr\/wp-json\/wp\/v2\/types\/post"}],"author":[{"embeddable":true,"href":"https:\/\/www.europesays.com\/fr\/wp-json\/wp\/v2\/users\/2"}],"replies":[{"embeddable":true,"href":"https:\/\/www.europesays.com\/fr\/wp-json\/wp\/v2\/comments?post=639454"}],"version-history":[{"count":0,"href":"https:\/\/www.europesays.com\/fr\/wp-json\/wp\/v2\/posts\/639454\/revisions"}],"wp:featuredmedia":[{"embeddable":true,"href":"https:\/\/www.europesays.com\/fr\/wp-json\/wp\/v2\/media\/639455"}],"wp:attachment":[{"href":"https:\/\/www.europesays.com\/fr\/wp-json\/wp\/v2\/media?parent=639454"}],"wp:term":[{"taxonomy":"category","embeddable":true,"href":"https:\/\/www.europesays.com\/fr\/wp-json\/wp\/v2\/categories?post=639454"},{"taxonomy":"post_tag","embeddable":true,"href":"https:\/\/www.europesays.com\/fr\/wp-json\/wp\/v2\/tags?post=639454"}],"curies":[{"name":"wp","href":"https:\/\/api.w.org\/{rel}","templated":true}]}}