{"id":639458,"date":"2026-01-04T01:44:47","date_gmt":"2026-01-04T01:44:47","guid":{"rendered":"https:\/\/www.europesays.com\/fr\/639458\/"},"modified":"2026-01-04T01:44:47","modified_gmt":"2026-01-04T01:44:47","slug":"deux-retours-et-deux-absents-pour-le-fc-nantes-avant-le-deplacement-a-marseille","status":"publish","type":"post","link":"https:\/\/www.europesays.com\/fr\/639458\/","title":{"rendered":"Deux retours et deux absents pour le FC Nantes avant le d\u00e9placement \u00e0 Marseille"},"content":{"rendered":"<p><strong>\u00c0 quelques heures du d\u00e9placement \u00e0 Marseille, le FC Nantes retrouve des forces. Entre retours progressifs et infirmerie qui se vide, le groupe d\u2019Ahmed Kantari pr\u00e9sente un visage plus fourni.<\/strong><\/p>\n<p data-start=\"629\" data-end=\"869\">La semaine d\u2019entra\u00eenement a apport\u00e9 une bonne nouvelle \u00e0 la Joneli\u00e8re. Le staff a retrouv\u00e9 une grande partie de son groupe. <strong><a href=\"https:\/\/www.youtube.com\/watch?v=INddYuo3RnQ\" target=\"_blank\" rel=\"noopener\">\u00ab\u00a0On est content parce qu\u2019on a retrouv\u00e9 du monde cette semaine<\/a>\u00ab\u00a0<\/strong>, a confirm\u00e9 le coach en conf\u00e9rence de presse hier. Deux absents restent toutefois loin de la Joneli\u00e8re. <a href=\"https:\/\/tribunenantaise.fr\/actus-fcnantes\/fc-nantes-les-resultats-de-nos-internationaux-a-la-can\/\" target=\"_blank\" rel=\"noopener\"><strong>Chidozie Awaziem et Mostafa Mohamed sont toujours \u00e0 la CAN avec le Nigeria et L\u2019Egypte.<\/strong><\/a> Leur retour n\u2019est pas encore d\u2019actualit\u00e9. Hormis ces deux cas, l\u2019ensemble du groupe est op\u00e9rationnel.<\/p>\n<p data-start=\"1214\" data-end=\"1419\">Plusieurs joueurs en r\u00e9athl\u00e9tisation avant la tr\u00eave ont repris normalement.<strong> Louis Leroux et Herba Guirassy ont int\u00e9gr\u00e9 le groupe cette semaine.<\/strong> Le staff n\u2019a pris aucun risque avant la coupure hivernale. Cette prudence permet aujourd\u2019hui une reprise compl\u00e8te. Les deux joueurs ont suivi l\u2019int\u00e9gralit\u00e9 des s\u00e9ances collectives et pourront figurer dans le groupe demain.<\/p>\n<p>Ganago, un retour surveill\u00e9<\/p>\n<p data-start=\"1595\" data-end=\"1751\">Revenu au club le 1er janvier, Ignatius Ganago fait l\u2019objet d\u2019un suivi pr\u00e9cis. <strong>Le coach rappelle que la MLS ne suit pas le m\u00eame calendrier que la Ligue 1.<\/strong> M\u00eame s\u2019il s\u2019est entretenu physiquement, le club avance avec pr\u00e9caution. Une s\u00e9rie de tests physiques est actuellement men\u00e9e pour \u00e9valuer son \u00e9tat r\u00e9el. <strong>L\u2019objectif est d\u2019\u00e9viter toute rechute et l\u2019int\u00e9grer dans les meilleures conditions possibles.<\/strong><\/p>\n<p>R\u00e9my Cabella est d\u00e9j\u00e0 pr\u00eat physiquement<\/p>\n<p data-start=\"2058\" data-end=\"2189\">R\u00e9my Cabella est pr\u00eat pour la rencontre de demain. Son \u00e9tat physique a surpris positivement le staff nantais. \u00ab\u00a0C\u2019est un gros moteur dans un petit gabarit. On sent le joueur qui a pris soin de lui.\u00a0<strong>On sent le grand professionnel qu\u2019il est.\u00a0Et puis, on le voit sur son aspect athl\u00e9tique. <\/strong><strong>Je l\u2019ai senti avec beaucoup de dynamisme<\/strong>, cette semaine, \u00e0 l\u2019entra\u00eenement.\u00a0Je n\u2019ai pas trop de doute sur son aspect physique, son aspect athl\u00e9tique\u00a0\u00bb, a expliqu\u00e9 Ahmed Kantari.<\/p>\n","protected":false},"excerpt":{"rendered":"\u00c0 quelques heures du d\u00e9placement \u00e0 Marseille, le FC Nantes retrouve des forces. Entre retours progressifs et infirmerie&hellip;\n","protected":false},"author":2,"featured_media":639459,"comment_status":"","ping_status":"","sticky":false,"template":"","format":"standard","meta":{"footnotes":""},"categories":[2818],"tags":[1111,11,1777,674,1011,27,766,12,2636,25],"class_list":{"0":"post-639458","1":"post","2":"type-post","3":"status-publish","4":"format-standard","5":"has-post-thumbnail","7":"category-nantes","8":"tag-actu","9":"tag-actualites","10":"tag-eu","11":"tag-europe","12":"tag-fr","13":"tag-france","14":"tag-nantes","15":"tag-news","16":"tag-pays-de-la-loire","17":"tag-republique-francaise"},"share_on_mastodon":{"url":"https:\/\/pubeurope.com\/@fr\/115834300861826882","error":""},"_links":{"self":[{"href":"https:\/\/www.europesays.com\/fr\/wp-json\/wp\/v2\/posts\/639458","targetHints":{"allow":["GET"]}}],"collection":[{"href":"https:\/\/www.europesays.com\/fr\/wp-json\/wp\/v2\/posts"}],"about":[{"href":"https:\/\/www.europesays.com\/fr\/wp-json\/wp\/v2\/types\/post"}],"author":[{"embeddable":true,"href":"https:\/\/www.europesays.com\/fr\/wp-json\/wp\/v2\/users\/2"}],"replies":[{"embeddable":true,"href":"https:\/\/www.europesays.com\/fr\/wp-json\/wp\/v2\/comments?post=639458"}],"version-history":[{"count":0,"href":"https:\/\/www.europesays.com\/fr\/wp-json\/wp\/v2\/posts\/639458\/revisions"}],"wp:featuredmedia":[{"embeddable":true,"href":"https:\/\/www.europesays.com\/fr\/wp-json\/wp\/v2\/media\/639459"}],"wp:attachment":[{"href":"https:\/\/www.europesays.com\/fr\/wp-json\/wp\/v2\/media?parent=639458"}],"wp:term":[{"taxonomy":"category","embeddable":true,"href":"https:\/\/www.europesays.com\/fr\/wp-json\/wp\/v2\/categories?post=639458"},{"taxonomy":"post_tag","embeddable":true,"href":"https:\/\/www.europesays.com\/fr\/wp-json\/wp\/v2\/tags?post=639458"}],"curies":[{"name":"wp","href":"https:\/\/api.w.org\/{rel}","templated":true}]}}