{"id":63946,"date":"2025-04-30T08:43:08","date_gmt":"2025-04-30T08:43:08","guid":{"rendered":"https:\/\/www.europesays.com\/fr\/63946\/"},"modified":"2025-04-30T08:43:08","modified_gmt":"2025-04-30T08:43:08","slug":"antoine-lhote-je-peux-me-refaire-le-final-1000-fois-dans-la-tete-actualite","status":"publish","type":"post","link":"https:\/\/www.europesays.com\/fr\/63946\/","title":{"rendered":"Antoine L\u2019hote : \u00ab Je peux me refaire le final 1000 fois dans la t\u00eate \u00bb &#8211; Actualit\u00e9"},"content":{"rendered":"<p style=\"text-align: justify;\">Antoine L\u2019hote ne s\u2019imaginait pas passer la journ\u00e9e \u00e0 l\u2019avant, ce mardi, lors de la cinqui\u00e8me \u00e9tape du Tour de Bretagne. \u201cInitialement, ce n\u2019\u00e9tait pas pr\u00e9vu que j\u2019aille dans l\u2019\u00e9chapp\u00e9e. Je voulais faire du jus pour les deux prochains jours. Finalement, je me suis dit que si \u00e7a ne sortait pas au 50e kilom\u00e8tre, j\u2019essaierais de prendre l\u2019\u00e9chapp\u00e9e parce qu\u2019il peut y avoir des hommes forts et \u00e7a peut vraiment aller loin. On est parti au 65e kilom\u00e8tre apr\u00e8s le premier sprint. Au d\u00e9but, on \u00e9tait une petite dizaine et c\u2019est ressorti en haut de la bosse, on \u00e9tait cinq. Je me suis dit que c\u2019\u00e9tait un plan \u00ab bourbier \u00bb comme on n\u2019\u00e9tait que cinq. Mais j\u2019\u00e9tais avec quatre gars vraiment costauds. Quand on est arriv\u00e9 sur le circuit final, j\u2019y croyais vraiment et c\u2019est all\u00e9 au bout\u201c, raconte au micro de DirectVelo le pensionnaire de Decathlon AG2R La Mondiale DT.<\/p>\n<p style=\"text-align: justify;\">Accompagn\u00e9 de Joshua Gudnitz et Emil Toudal (ColoQuick), Jasper Schoofs (Soudal Quick-Step DT) et Jed Smithson (Visma-Lease a Bike DT), le Nordiste de 19 ans a parfaitement collabor\u00e9 avec ses coll\u00e8gues avant de lancer les hostilit\u00e9s juste avant la flamme rouge. \u201cIl valait mieux rouler jusqu\u2019au dernier kilom\u00e8tre et finir dans le Top 5 que de finir 40e m\u00eame si je cherchais \u00e0 gagner et pas \u00e0 faire 4e. J\u2019ai profit\u00e9 d\u2019un petit moment o\u00f9 \u00e7a s\u2019est regard\u00e9. J\u2019ai attaqu\u00e9, ils n\u2019\u00e9taient pas vraiment pr\u00e9par\u00e9s. Au bout de deux-trois secondes, un gars de ColoQuick dit : \u00ab Go, Go ! \u00bb\u201c. Et c\u2019est finalement Jasper Schoofs qui a fait l\u2019effort pour revenir sur Antoine L\u2019hote. \u201cIl a eu peur. Pour moi, il a commis une erreur car c\u2019\u00e9tait le moins fort au sprint et de la journ\u00e9e. Il a ramen\u00e9 le groupe et n\u2019a plus roul\u00e9 apr\u00e8s\u2026\u201c.<\/p>\n<p style=\"text-align: justify;\"><strong>\u00ab CELUI QUI M\u2019IMPRESSIONNAIT LE PLUS \u00bb<\/strong><\/p>\n<p style=\"text-align: justify;\">Au moment de la jonction, Emil Toudal contre et s\u2019envole vers la victoire. \u201cJe connaissais le Visma, je savais qu\u2019il allait plus vite que moi. Ce n\u2019\u00e9tait certainement pas moi qui allait ramener comme je n\u2019\u00e9tais pas le plus rapide et je ne voulais pas faire le job pour le gars de Quick Step. Et le deuxi\u00e8me ColoQuick n\u2019allait pas rouler sur son co\u00e9quipier. On \u00e9tait pi\u00e9g\u00e9s\u201c. Antoine L\u2019hote termine au pied du podium (<strong><a href=\"https:\/\/www.directvelo.com\/actualite\/120151\/tour-de-bretagne-et-5-classements\" target=\"_blank\" rel=\"noopener\">voir classement<\/a><\/strong>), mais n\u2019a pas trop de regrets. \u201cAvec le recul, je peux me refaire le final 1000 fois dans la t\u00eate. Je voulais tenter quelque chose. Si je gagnais, \u00e7a aurait \u00e9t\u00e9 un coup de g\u00e9nie. C\u2019est comme \u00e7a, m\u00eame si je suis quand m\u00eame d\u00e9\u00e7u. J\u2019aurais bien aim\u00e9 que le circuit soit plus dur. Mais de toute fa\u00e7on, le plus fort a gagn\u00e9, c\u2019\u00e9tait celui qui m\u2019impressionnait le plus. Je ne le connaissais pas, mais je sais que ColoQuick a pas mal de gars costauds\u201c.<\/p>\n<p style=\"text-align: justify;\">Il reste d\u00e9sormais deux \u00e9tapes sur ce Tour de Bretagne. \u201cJ\u2019ai loup\u00e9 une occasion, il reste encore deux jours o\u00f9 c\u2019est encore possible. Le but sera aussi d\u2019aider Aubin qui est 4e au g\u00e9n\u00e9ral. Il faut que je l\u2019accompagne et qu\u2019on suive les coups. Je me sens bien et Aubin est costaud, il y a encore de belles choses \u00e0 faire\u201c.<\/p>\n","protected":false},"excerpt":{"rendered":"Antoine L\u2019hote ne s\u2019imaginait pas passer la journ\u00e9e \u00e0 l\u2019avant, ce mardi, lors de la cinqui\u00e8me \u00e9tape du&hellip;\n","protected":false},"author":2,"featured_media":63947,"comment_status":"","ping_status":"","sticky":false,"template":"","format":"standard","meta":{"footnotes":""},"categories":[1411],"tags":[834,828,836,829,837,827,83,826,824,823,1154,207,814,817,815,816,822,821,832,211,839,1011,27,820,818,819,835,831,830,833,838,60,212,208,825],"class_list":{"0":"post-63946","1":"post","2":"type-post","3":"status-publish","4":"format-standard","5":"has-post-thumbnail","7":"category-cyclisme","8":"tag-attaque","9":"tag-belgique","10":"tag-braquet","11":"tag-bretagne","12":"tag-chute","13":"tag-competition","14":"tag-coupe-de-france","15":"tag-coureur","16":"tag-course-cyclisme","17":"tag-course-cycliste","18":"tag-cycling","19":"tag-cyclisme","20":"tag-direct","21":"tag-direct-velo","22":"tag-directvelo","23":"tag-directvelo-com","24":"tag-epreuve","25":"tag-epreuve-cycliste","26":"tag-federation-francaise-de-cyclisme","27":"tag-ffc","28":"tag-flandres","29":"tag-fr","30":"tag-france","31":"tag-live","32":"tag-live-course","33":"tag-live-epreuve","34":"tag-peloton","35":"tag-radio-peloton","36":"tag-radio-tour","37":"tag-ravitaillement","38":"tag-relance","39":"tag-sports","40":"tag-uci","41":"tag-velo","42":"tag-velos"},"share_on_mastodon":{"url":"https:\/\/pubeurope.com\/@fr\/114426033254770784","error":""},"_links":{"self":[{"href":"https:\/\/www.europesays.com\/fr\/wp-json\/wp\/v2\/posts\/63946","targetHints":{"allow":["GET"]}}],"collection":[{"href":"https:\/\/www.europesays.com\/fr\/wp-json\/wp\/v2\/posts"}],"about":[{"href":"https:\/\/www.europesays.com\/fr\/wp-json\/wp\/v2\/types\/post"}],"author":[{"embeddable":true,"href":"https:\/\/www.europesays.com\/fr\/wp-json\/wp\/v2\/users\/2"}],"replies":[{"embeddable":true,"href":"https:\/\/www.europesays.com\/fr\/wp-json\/wp\/v2\/comments?post=63946"}],"version-history":[{"count":0,"href":"https:\/\/www.europesays.com\/fr\/wp-json\/wp\/v2\/posts\/63946\/revisions"}],"wp:featuredmedia":[{"embeddable":true,"href":"https:\/\/www.europesays.com\/fr\/wp-json\/wp\/v2\/media\/63947"}],"wp:attachment":[{"href":"https:\/\/www.europesays.com\/fr\/wp-json\/wp\/v2\/media?parent=63946"}],"wp:term":[{"taxonomy":"category","embeddable":true,"href":"https:\/\/www.europesays.com\/fr\/wp-json\/wp\/v2\/categories?post=63946"},{"taxonomy":"post_tag","embeddable":true,"href":"https:\/\/www.europesays.com\/fr\/wp-json\/wp\/v2\/tags?post=63946"}],"curies":[{"name":"wp","href":"https:\/\/api.w.org\/{rel}","templated":true}]}}