{"id":639462,"date":"2026-01-04T01:47:13","date_gmt":"2026-01-04T01:47:13","guid":{"rendered":"https:\/\/www.europesays.com\/fr\/639462\/"},"modified":"2026-01-04T01:47:13","modified_gmt":"2026-01-04T01:47:13","slug":"le-sans-alcool-nest-plus-vecu-comme-une-punition-le-pari-reussi-du-caviste-toulousain-soft-curious","status":"publish","type":"post","link":"https:\/\/www.europesays.com\/fr\/639462\/","title":{"rendered":"\u00ab\u00a0Le sans-alcool n\u2019est plus v\u00e9cu comme une punition\u00a0\u00bb\u00a0: le pari r\u00e9ussi du caviste toulousain Soft\u00a0&#038; Curious"},"content":{"rendered":"<p>\n                                                                    l&rsquo;essentiel<br \/>\n                                                                Mathieu Wiart a ouvert il y a un an la premi\u00e8re cave sans alcool de Toulouse, place Occitane. Il propose une large gamme de softs \u2013 vins, bi\u00e8res, cocktails et spiritueux \u2013 qui a trouv\u00e9 sa client\u00e8le, sur un cr\u00e9neau en pleine expansion.\n                            <\/p>\n<p class=\"txt-question\">Qu\u2019est ce qui vous a donn\u00e9 envie d\u2019ouvrir la cave sans alcool Soft\u00a0&amp; Curious \u00e0 Toulouse\u00a0?<\/p>\n<p>Lorsque j\u2019\u00e9tais responsable de bar sur des gros festivals, il y a environ 7 ans, j\u2019ai d\u00e9couvert\u00a0une bi\u00e8re sans alcool que j\u2019ai trouv\u00e9e tr\u00e8s bonne. \u00c7a m\u2019a sauv\u00e9 la saison parce que quand on travaille l\u2019\u00e9t\u00e9\u00a0avec des horaires \u00e9normes, si en plus on boit, on est mort\u00a0! J\u2019y suis donc venu par praticit\u00e9 au d\u00e9but. \u00c7a m\u2019a ouvert la porte du \u00ab\u00a0Ca\u00a0y est, il y a du sans alcool de qualit\u00e9\u00a0\u00bb. Avant \u00e7a, tout le monde l\u2019a v\u00e9cu, quand on voulait faire une pause sans alcool, c\u2019\u00e9tait un peu la punition. Puis il\u00a0y a trois ans, la premi\u00e8re\u00a0cave sans alcool a ouvert en France. J\u2019\u00e9tais attir\u00e9 par le concept, j\u2019ai constat\u00e9 qu\u2019il\u00a0n\u2019y a rien de tel \u00e0 Toulouse, et je me suis lanc\u00e9, avec l\u2019aide de ma femme.\u00a0On a pens\u00e9 qu\u2019il y avait un potentiel, parce qu\u2019on est au d\u00e9but de quelque chose.<\/p>\n<p class=\"txt-question\">Et alors, le business du sans-alcool fonctionne\u00a0?<\/p>\n<p>Compl\u00e8tement, on a trouv\u00e9 votre client\u00e8le. Et on d\u00e9veloppe notre activit\u00e9, en installant des corners chez d\u2019autres cavistes ou dans des \u00e9piceries. Chez nos clients, il y a une ouverture d\u2019esprit\u00a0qui est tr\u00e8s\u00a0agr\u00e9able.\u00a0\u00c7a\u00a0d\u00e9marre autour de la quarantaine, quand on commence \u00e0 avoir envie d\u2019\u00eatre un peu plus sage. \u00c7a va jusqu\u2019aux retrait\u00e9s, qui veulent essayer des choses nouvelles, mais aussi \u00e0 tous ceux qui se sentent\u00a0fatigu\u00e9s apr\u00e8s un repas bien arros\u00e9. Quelqu\u2019un qui est sous antibiotiques, ou qui a pr\u00e9vu de conduire ce soir-l\u00e0, les\u00a0femmes enceintes, \u00e9videmment, les musulmans, les personnes sous traitement lourd.<\/p>\n<p class=\"std-elt__inline\">\n        <strong>\u00c0 lire aussi :<\/strong><br \/>\n        <a href=\"https:\/\/www.ladepeche.fr\/2026\/01\/01\/5-conseils-pour-reussir-son-dry-january-13139466.php\" target=\"_blank\" rel=\"noopener\">5 conseils pour r\u00e9ussir son Dry January<\/a>\n    <\/p>\n<p class=\"txt-question\">Comment expliquez-vous cet engouement\u00a0?<\/p>\n<p>Le go\u00fbt est l\u00e0, maintenant. Ce n\u2019est plus v\u00e9cu comme un sacrifice, on n\u2019est plus oblig\u00e9 de se contenter d\u2019un jus de fruits ou\u00a0d\u2019un soda, il y a plein de nouvelles choses \u00e0 d\u00e9couvrir.\u00a0Pour moi, ce n\u2019est pas une mode, je pense que les gens vont faire les deux.\u00a0Boire de l\u2019alcool\u00a0quand ils veulent ou peuvent, et avoir plein d\u2019autres options en softs quand\u00a0ils ne veulent pas.<\/p>\n<p class=\"txt-question\">Et le Dry January, \u00e7a vous inspire quoi\u00a0?<\/p>\n<p>Le Dry January, c\u2019est un mois ou on travaille beaucoup, et o\u00f9 on a une client\u00e8le diff\u00e9rente de l\u2019habituelle, qui rel\u00e8ve un d\u00e9fi temporaire. Je pense que \u00e7a montre qu\u2019on\u00a0peut passer \u00e0 autre chose, et en profiter pour d\u00e9couvrir les nouvelles boissons existantes. \u00c7a am\u00e8ne vers de nouveaux terrains.<\/p>\n<p>Soft\u00a0&amp; Curious, 12 place Occitane, \u00e0 Toulouse. T\u00e9l.\u00a007\u00a055\u00a062\u00a032\u00a007. Ouvert du mardi au samedi.<\/p>\n","protected":false},"excerpt":{"rendered":"l&rsquo;essentiel Mathieu Wiart a ouvert il y a un an la premi\u00e8re cave sans alcool de Toulouse, place&hellip;\n","protected":false},"author":2,"featured_media":639463,"comment_status":"","ping_status":"","sticky":false,"template":"","format":"standard","meta":{"footnotes":""},"categories":[2816],"tags":[1111,11,872,1777,674,1011,27,70255,2722,12,2680,25,2312,4186],"class_list":{"0":"post-639462","1":"post","2":"type-post","3":"status-publish","4":"format-standard","5":"has-post-thumbnail","7":"category-toulouse","8":"tag-actu","9":"tag-actualites","10":"tag-culture-et-loisirs","11":"tag-eu","12":"tag-europe","13":"tag-fr","14":"tag-france","15":"tag-gastronomie-et-terroir","16":"tag-haute-garonne","17":"tag-news","18":"tag-occitanie","19":"tag-republique-francaise","20":"tag-toulouse","21":"tag-vins"},"share_on_mastodon":{"url":"https:\/\/pubeurope.com\/@fr\/115834312777478634","error":""},"_links":{"self":[{"href":"https:\/\/www.europesays.com\/fr\/wp-json\/wp\/v2\/posts\/639462","targetHints":{"allow":["GET"]}}],"collection":[{"href":"https:\/\/www.europesays.com\/fr\/wp-json\/wp\/v2\/posts"}],"about":[{"href":"https:\/\/www.europesays.com\/fr\/wp-json\/wp\/v2\/types\/post"}],"author":[{"embeddable":true,"href":"https:\/\/www.europesays.com\/fr\/wp-json\/wp\/v2\/users\/2"}],"replies":[{"embeddable":true,"href":"https:\/\/www.europesays.com\/fr\/wp-json\/wp\/v2\/comments?post=639462"}],"version-history":[{"count":0,"href":"https:\/\/www.europesays.com\/fr\/wp-json\/wp\/v2\/posts\/639462\/revisions"}],"wp:featuredmedia":[{"embeddable":true,"href":"https:\/\/www.europesays.com\/fr\/wp-json\/wp\/v2\/media\/639463"}],"wp:attachment":[{"href":"https:\/\/www.europesays.com\/fr\/wp-json\/wp\/v2\/media?parent=639462"}],"wp:term":[{"taxonomy":"category","embeddable":true,"href":"https:\/\/www.europesays.com\/fr\/wp-json\/wp\/v2\/categories?post=639462"},{"taxonomy":"post_tag","embeddable":true,"href":"https:\/\/www.europesays.com\/fr\/wp-json\/wp\/v2\/tags?post=639462"}],"curies":[{"name":"wp","href":"https:\/\/api.w.org\/{rel}","templated":true}]}}