{"id":639466,"date":"2026-01-04T01:50:16","date_gmt":"2026-01-04T01:50:16","guid":{"rendered":"https:\/\/www.europesays.com\/fr\/639466\/"},"modified":"2026-01-04T01:50:16","modified_gmt":"2026-01-04T01:50:16","slug":"mettre-la-pression-beye-dezingue-le-comportement-de-letang","status":"publish","type":"post","link":"https:\/\/www.europesays.com\/fr\/639466\/","title":{"rendered":"\u00ab\u00a0Mettre la pression\u00a0\u00bb Beye d\u00e9zingue le comportement de Letang"},"content":{"rendered":"<p><img decoding=\"async\" fetchpriority=\"high\" src=\"https:\/\/www.europesays.com\/fr\/wp-content\/uploads\/2025\/04\/1744486932_935_placeholder_lcp_video.05bf4656ae0a2da173edc7ce90e1a7d8.webp\" width=\"800\" height=\"450\" alt=\"placeholder video\"\/><\/p>\n<p>Rennes s&rsquo;est impos\u00e9 2-0 \u00e0 Lille, ce samedi soir pour la 17e journ\u00e9e de Ligue 1.\u00a0Le pr\u00e9sident lillois &lsquo;est encore fait remarqu\u00e9 en se retrouvant sur le bord de la pelouse apr\u00e8s l&rsquo;expulsion d&rsquo;Aleksandro (13e). Il s&rsquo;est ensuite adress\u00e9 vivement \u00e0 l&rsquo;arbitre de la rencontre, M. Wattellier, \u00e0 la fin de la premi\u00e8re p\u00e9riode. <\/p>\n<p>Aujourd&rsquo;hui \u00e0 00h25 | Dur\u00e9e : 0:49 Par Morgan Besa<\/p>\n","protected":false},"excerpt":{"rendered":"Rennes s&rsquo;est impos\u00e9 2-0 \u00e0 Lille, ce samedi soir pour la 17e journ\u00e9e de Ligue 1.\u00a0Le pr\u00e9sident lillois&hellip;\n","protected":false},"author":2,"featured_media":639467,"comment_status":"","ping_status":"","sticky":false,"template":"","format":"standard","meta":{"footnotes":""},"categories":[2815],"tags":[1111,11,1777,674,1011,27,811,1307,12,25],"class_list":{"0":"post-639466","1":"post","2":"type-post","3":"status-publish","4":"format-standard","5":"has-post-thumbnail","7":"category-lille","8":"tag-actu","9":"tag-actualites","10":"tag-eu","11":"tag-europe","12":"tag-fr","13":"tag-france","14":"tag-hauts-de-france","15":"tag-lille","16":"tag-news","17":"tag-republique-francaise"},"share_on_mastodon":{"url":"https:\/\/pubeurope.com\/@fr\/115834324470994357","error":""},"_links":{"self":[{"href":"https:\/\/www.europesays.com\/fr\/wp-json\/wp\/v2\/posts\/639466","targetHints":{"allow":["GET"]}}],"collection":[{"href":"https:\/\/www.europesays.com\/fr\/wp-json\/wp\/v2\/posts"}],"about":[{"href":"https:\/\/www.europesays.com\/fr\/wp-json\/wp\/v2\/types\/post"}],"author":[{"embeddable":true,"href":"https:\/\/www.europesays.com\/fr\/wp-json\/wp\/v2\/users\/2"}],"replies":[{"embeddable":true,"href":"https:\/\/www.europesays.com\/fr\/wp-json\/wp\/v2\/comments?post=639466"}],"version-history":[{"count":0,"href":"https:\/\/www.europesays.com\/fr\/wp-json\/wp\/v2\/posts\/639466\/revisions"}],"wp:featuredmedia":[{"embeddable":true,"href":"https:\/\/www.europesays.com\/fr\/wp-json\/wp\/v2\/media\/639467"}],"wp:attachment":[{"href":"https:\/\/www.europesays.com\/fr\/wp-json\/wp\/v2\/media?parent=639466"}],"wp:term":[{"taxonomy":"category","embeddable":true,"href":"https:\/\/www.europesays.com\/fr\/wp-json\/wp\/v2\/categories?post=639466"},{"taxonomy":"post_tag","embeddable":true,"href":"https:\/\/www.europesays.com\/fr\/wp-json\/wp\/v2\/tags?post=639466"}],"curies":[{"name":"wp","href":"https:\/\/api.w.org\/{rel}","templated":true}]}}