{"id":639468,"date":"2026-01-04T01:53:04","date_gmt":"2026-01-04T01:53:04","guid":{"rendered":"https:\/\/www.europesays.com\/fr\/639468\/"},"modified":"2026-01-04T01:53:04","modified_gmt":"2026-01-04T01:53:04","slug":"guinee-concert-a-marseille-la-scene-guineenne-en-fete-3-janvier","status":"publish","type":"post","link":"https:\/\/www.europesays.com\/fr\/639468\/","title":{"rendered":"Guin\u00e9e-Concert \u00e0 Marseille, la sc\u00e8ne guin\u00e9enne en f\u00eate (3 janvier)"},"content":{"rendered":"<p>            <a href=\"https:\/\/www.europesays.com\/fr\/wp-content\/uploads\/2026\/01\/9.jpg\" data-caption=\"\"><img loading=\"lazy\" decoding=\"async\" width=\"356\" height=\"648\" class=\"entry-thumb td-modal-image\" src=\"https:\/\/www.europesays.com\/fr\/wp-content\/uploads\/2026\/01\/9.jpg\"   alt=\"\" title=\"9\"\/><\/a><\/p>\n<p><strong>Le 3 janvier 2026, le Molotov \u00e0 Marseille accueille Guin\u00e9e-Concert, une soir\u00e9e port\u00e9e par la diaspora guin\u00e9enne. Afrobeat, reggae, hip-hop et musiques mandingues s\u2019y croisent pour c\u00e9l\u00e9brer la vitalit\u00e9 des sc\u00e8nes africaines contemporaines en France.<\/strong><\/p>\n<p><a href=\"https:\/\/mondafrique.com\/wp-content\/uploads\/2026\/01\/10.jpg\" target=\"_blank\" rel=\"noopener\"><img fetchpriority=\"high\" decoding=\"async\" class=\"alignnone size-medium wp-image-144624\" src=\"https:\/\/www.europesays.com\/fr\/wp-content\/uploads\/2026\/01\/10-300x218.jpg\" alt=\"\" width=\"300\" height=\"218\"  \/><\/a><\/p>\n<p>\u00c0 Marseille, la nouvelle ann\u00e9e s\u2019ouvrira sous le signe des musiques africaines. Le samedi 3 janvier 2026, la salle du Le Molotov accueillera Guin\u00e9e-Concert, un \u00e9v\u00e9nement organis\u00e9 par l\u2019association Familly 224. Pens\u00e9e comme une grande soir\u00e9e festive et f\u00e9d\u00e9ratrice, la manifestation met \u00e0 l\u2019honneur la cr\u00e9ation guin\u00e9enne et afro-diasporique dans toute sa diversit\u00e9.<\/p>\n<p>Marseille n\u2019a pas \u00e9t\u00e9 choisie au hasard. Ville portuaire, carrefour des cultures m\u00e9diterran\u00e9ennes et africaines, elle abrite une importante diaspora ouest-africaine. Guin\u00e9e-Concert s\u2019inscrit dans cette g\u00e9ographie culturelle vivante, en offrant une sc\u00e8ne \u00e0 des artistes qui, pour beaucoup, \u00e9voluent entre h\u00e9ritage guin\u00e9en et influences urbaines contemporaines. Le Molotov, r\u00e9put\u00e9 pour sa programmation ouverte et \u00e9clectique, constitue un \u00e9crin naturel pour ce type de rendez-vous.<\/p>\n<p>La programmation r\u00e9unit une quinzaine d\u2019artistes issus de la sc\u00e8ne guin\u00e9enne et africaine locale. Parmi les noms annonc\u00e9s figurent Lil Saako, Baar-K, Kissima, Sekouba Kalondji, Weda Faya, Modou Becue, King Seesay ou encore Gawa Zion, accompagn\u00e9s sur sc\u00e8ne par l\u2019OSK Band. Ensemble, ils dessinent un panorama musical allant de l\u2019afrobeat au reggae, du dancehall au hip-hop, sans oublier les sonorit\u00e9s mandingues traditionnelles.<\/p>\n<p>Au-del\u00e0 de l\u2019accumulation des styles, l\u2019\u00e9v\u00e9nement revendique une coh\u00e9rence : celle d\u2019une musique diasporique en mouvement. Les artistes invit\u00e9s partagent souvent une m\u00eame r\u00e9alit\u00e9, faite de circulation entre continents, de m\u00e9tissages sonores et de r\u00e9cits ancr\u00e9s dans l\u2019exp\u00e9rience migratoire. Guin\u00e9e-Concert devient ainsi un espace d\u2019expression collective, o\u00f9 la sc\u00e8ne sert \u00e0 la fois de lieu de f\u00eate et de reconnaissance.<\/p>\n<p><strong>Transmission culturelle et \u00e9nergie urbaine<\/strong><\/p>\n<p>L\u2019ambition de l\u2019association Familly 224 d\u00e9passe le simple cadre du concert. En organisant Guin\u00e9e-Concert, elle entend valoriser la culture guin\u00e9enne sous ses formes contemporaines, tout en cr\u00e9ant un moment de rassemblement interg\u00e9n\u00e9rationnel. Le public attendu m\u00eale membres de la diaspora, amateurs de musiques du monde et curieux d\u00e9sireux de d\u00e9couvrir une sc\u00e8ne encore peu m\u00e9diatis\u00e9e dans les circuits traditionnels.<\/p>\n<p><a href=\"https:\/\/mondafrique.com\/wp-content\/uploads\/2026\/01\/11.jpg\" target=\"_blank\" rel=\"noopener\"><img loading=\"lazy\" decoding=\"async\" class=\"alignnone size-medium wp-image-144626\" src=\"https:\/\/www.europesays.com\/fr\/wp-content\/uploads\/2026\/01\/11-300x279.jpg\" alt=\"\" width=\"300\" height=\"279\"  \/><\/a><\/p>\n<p>Sur sc\u00e8ne, la diversit\u00e9 des esth\u00e9tiques refl\u00e8te l\u2019\u00e9volution des musiques africaines en Europe. Les rythmes traditionnels dialoguent avec les beats \u00e9lectroniques, les textes alternent entre langues africaines, fran\u00e7ais et anglais, et les performances empruntent autant au concert live qu\u2019\u00e0 la culture urbaine. Cette hybridation est au c\u0153ur du projet, assum\u00e9e comme une richesse plut\u00f4t qu\u2019une dilution des identit\u00e9s.<\/p>\n<p>La dur\u00e9e de l\u2019\u00e9v\u00e9nement, annonc\u00e9e de la fin d\u2019apr\u00e8s-midi jusqu\u2019au c\u0153ur de la nuit, souligne cette volont\u00e9 de cr\u00e9er un v\u00e9ritable temps fort. Plus qu\u2019une succession de concerts, Guin\u00e9e-Concert se pr\u00e9sente comme une immersion, o\u00f9 la musique devient le vecteur principal du lien social. Dans une ville comme Marseille, marqu\u00e9e par la pluralit\u00e9 de ses appartenances, cette proposition trouve une r\u00e9sonance particuli\u00e8re.<\/p>\n<p>En ouvrant l\u2019ann\u00e9e 2026 avec une soir\u00e9e d\u00e9di\u00e9e aux musiques guin\u00e9ennes et africaines, Guin\u00e9e-Concert affirme la place de ces sc\u00e8nes dans le paysage culturel fran\u00e7ais. Il rappelle aussi que les diasporas ne sont pas seulement des communaut\u00e9s de m\u00e9moire, mais des espaces de cr\u00e9ation active, capables de renouveler les formes musicales et les r\u00e9cits contemporains.<\/p>\n<p><strong>Informations pratiques<\/strong><\/p>\n<p>\u00c9v\u00e9nement : Guin\u00e9e-Concert<br \/>Date : samedi 3 janvier 2026<br \/>Horaires : de 18h30 \u00e0 02h00<br \/>Lieu : Le Molotov, 3 place Paul C\u00e9zanne, 13006 Marseille<br \/>Programmation : artistes guin\u00e9ens et africains (afrobeat, reggae, hip-hop, mandingue)<br \/>Organisateur : association Familly 224<br \/>Tarif indicatif : environ 15 \u20ac<\/p>\n<p>\u00a0<\/p>\n","protected":false},"excerpt":{"rendered":"Le 3 janvier 2026, le Molotov \u00e0 Marseille accueille Guin\u00e9e-Concert, une soir\u00e9e port\u00e9e par la diaspora guin\u00e9enne. Afrobeat,&hellip;\n","protected":false},"author":2,"featured_media":639469,"comment_status":"","ping_status":"","sticky":false,"template":"","format":"standard","meta":{"footnotes":""},"categories":[2814],"tags":[1111,11,1777,674,1011,27,884,12,882,25],"class_list":{"0":"post-639468","1":"post","2":"type-post","3":"status-publish","4":"format-standard","5":"has-post-thumbnail","7":"category-marseille","8":"tag-actu","9":"tag-actualites","10":"tag-eu","11":"tag-europe","12":"tag-fr","13":"tag-france","14":"tag-marseille","15":"tag-news","16":"tag-provence-alpes-cote-dazur","17":"tag-republique-francaise"},"share_on_mastodon":{"url":"https:\/\/pubeurope.com\/@fr\/115834336451331424","error":""},"_links":{"self":[{"href":"https:\/\/www.europesays.com\/fr\/wp-json\/wp\/v2\/posts\/639468","targetHints":{"allow":["GET"]}}],"collection":[{"href":"https:\/\/www.europesays.com\/fr\/wp-json\/wp\/v2\/posts"}],"about":[{"href":"https:\/\/www.europesays.com\/fr\/wp-json\/wp\/v2\/types\/post"}],"author":[{"embeddable":true,"href":"https:\/\/www.europesays.com\/fr\/wp-json\/wp\/v2\/users\/2"}],"replies":[{"embeddable":true,"href":"https:\/\/www.europesays.com\/fr\/wp-json\/wp\/v2\/comments?post=639468"}],"version-history":[{"count":0,"href":"https:\/\/www.europesays.com\/fr\/wp-json\/wp\/v2\/posts\/639468\/revisions"}],"wp:featuredmedia":[{"embeddable":true,"href":"https:\/\/www.europesays.com\/fr\/wp-json\/wp\/v2\/media\/639469"}],"wp:attachment":[{"href":"https:\/\/www.europesays.com\/fr\/wp-json\/wp\/v2\/media?parent=639468"}],"wp:term":[{"taxonomy":"category","embeddable":true,"href":"https:\/\/www.europesays.com\/fr\/wp-json\/wp\/v2\/categories?post=639468"},{"taxonomy":"post_tag","embeddable":true,"href":"https:\/\/www.europesays.com\/fr\/wp-json\/wp\/v2\/tags?post=639468"}],"curies":[{"name":"wp","href":"https:\/\/api.w.org\/{rel}","templated":true}]}}