{"id":639470,"date":"2026-01-04T01:54:14","date_gmt":"2026-01-04T01:54:14","guid":{"rendered":"https:\/\/www.europesays.com\/fr\/639470\/"},"modified":"2026-01-04T01:54:14","modified_gmt":"2026-01-04T01:54:14","slug":"la-brasserie-33-cite-tire-soudainement-le-rideau-apres-18-ans-a-la-cite-internationale","status":"publish","type":"post","link":"https:\/\/www.europesays.com\/fr\/639470\/","title":{"rendered":"la brasserie 33 Cit\u00e9 tire soudainement le rideau apr\u00e8s 18 ans \u00e0 la Cit\u00e9 internationale"},"content":{"rendered":"<p itemprop=\"description\"><strong>La page s\u2019est tourn\u00e9e brutalement \u00e0 la veille des f\u00eates.<\/strong><\/p>\n<p>La brasserie 33 Cit\u00e9 a cess\u00e9 son activit\u00e9 \u00e0 la veille des f\u00eates de No\u00ebl. La signature de la vente est intervenue le 24 d\u00e9cembre 2025, entra\u00eenant une fermeture imm\u00e9diate de l\u2019\u00e9tablissement, rapporte <a href=\"https:\/\/www.lyonpeople.com\/actualites-lyon\/actualites-gastronomiques\/lyon-brutal-clap-de-fin-pour-la-brasserie-33-cite-2026-01-03.html\" target=\"_blank\" rel=\"noopener\">Lyon People.<\/a><\/p>\n<p>Ouvert en novembre 2007, le restaurant \u00e9tait port\u00e9 par le trio Fr\u00e9d\u00e9ric Berthod, Christophe Marguin et Mathieu Viannay, figures bien identifi\u00e9es de la sc\u00e8ne gastronomique lyonnaise. Install\u00e9e dans un b\u00e2timent dessin\u00e9 par Renzo Piano et Pier Luigi Copat, la brasserie s\u2019\u00e9tait impos\u00e9e comme un lieu fr\u00e9quent\u00e9 par les acteurs \u00e9conomiques et juridiques du quartier.<\/p>\n<p>Selon Lyon People, la cession du restaurant, envisag\u00e9e depuis plusieurs ann\u00e9es, s\u2019est acc\u00e9l\u00e9r\u00e9e ces derni\u00e8res semaines, emp\u00eachant toute organisation d\u2019un pot de d\u00e9part.\u00a0<\/p>\n<p>Dans un message adress\u00e9 \u00e0 des clients fid\u00e8les, \u00e9galement relay\u00e9, le chef Fr\u00e9d\u00e9ric Berthod \u00e9voquait \u00ab\u00a018 ann\u00e9es de bonheur\u00a0\u00bb et \u00ab\u00a0des moments de partage\u00a0\u00bb avant de \u00ab\u00a0passer le relais\u00a0\u00bb.<\/p>\n<p>Le repreneur est Ludovic Hernandez, d\u00e9j\u00e0 implant\u00e9 dans le quartier avec le restaurant italien Giuseppe. L\u2019\u00e9quipe du 33 Cit\u00e9 est conserv\u00e9e. L\u2019\u00e9tablissement sera rebaptis\u00e9 \u00ab\u00a0La grande brasserie T\u00eate d\u2019Or\u00a0\u00bb\u00a0et fait actuellement l\u2019objet de l\u00e9gers travaux de r\u00e9am\u00e9nagement. La r\u00e9ouverture est annonc\u00e9e d\u00e9but janvier, autour des 6 ou 7 janvier 2026.<\/p>\n<p>\u00c0 58 ans, Fr\u00e9d\u00e9ric Berthod ne compte pas pour autant mettre un terme d\u00e9finitif \u00e0 sa carri\u00e8re. Toujours selon nos confr\u00e8res, le chef devrait revenir avec un nouveau projet \u00e0 l\u2019horizon automne 2026.<\/p>\n","protected":false},"excerpt":{"rendered":"La page s\u2019est tourn\u00e9e brutalement \u00e0 la veille des f\u00eates. La brasserie 33 Cit\u00e9 a cess\u00e9 son activit\u00e9&hellip;\n","protected":false},"author":2,"featured_media":639471,"comment_status":"","ping_status":"","sticky":false,"template":"","format":"standard","meta":{"footnotes":""},"categories":[1889],"tags":[1111,11,2813,2190,2430,1109,251,1112,2811,1777,674,118,1011,27,1922,1110,1114,2428,2810,12,241,316,25,2812,517,800],"class_list":{"0":"post-639470","1":"post","2":"type-post","3":"status-publish","4":"format-standard","5":"has-post-thumbnail","7":"category-lyon","8":"tag-actu","9":"tag-actualites","10":"tag-article","11":"tag-asvel","12":"tag-auvergne-rhone-alpes","13":"tag-breves","14":"tag-culture","15":"tag-depeches","16":"tag-economique","17":"tag-eu","18":"tag-europe","19":"tag-faits-divers","20":"tag-fr","21":"tag-france","22":"tag-info","23":"tag-informations","24":"tag-infos","25":"tag-lyon","26":"tag-lyonmag","27":"tag-news","28":"tag-ol","29":"tag-politique","30":"tag-republique-francaise","31":"tag-sociale","32":"tag-sport","33":"tag-transports"},"share_on_mastodon":{"url":"https:\/\/pubeurope.com\/@fr\/115834340731780377","error":""},"_links":{"self":[{"href":"https:\/\/www.europesays.com\/fr\/wp-json\/wp\/v2\/posts\/639470","targetHints":{"allow":["GET"]}}],"collection":[{"href":"https:\/\/www.europesays.com\/fr\/wp-json\/wp\/v2\/posts"}],"about":[{"href":"https:\/\/www.europesays.com\/fr\/wp-json\/wp\/v2\/types\/post"}],"author":[{"embeddable":true,"href":"https:\/\/www.europesays.com\/fr\/wp-json\/wp\/v2\/users\/2"}],"replies":[{"embeddable":true,"href":"https:\/\/www.europesays.com\/fr\/wp-json\/wp\/v2\/comments?post=639470"}],"version-history":[{"count":0,"href":"https:\/\/www.europesays.com\/fr\/wp-json\/wp\/v2\/posts\/639470\/revisions"}],"wp:featuredmedia":[{"embeddable":true,"href":"https:\/\/www.europesays.com\/fr\/wp-json\/wp\/v2\/media\/639471"}],"wp:attachment":[{"href":"https:\/\/www.europesays.com\/fr\/wp-json\/wp\/v2\/media?parent=639470"}],"wp:term":[{"taxonomy":"category","embeddable":true,"href":"https:\/\/www.europesays.com\/fr\/wp-json\/wp\/v2\/categories?post=639470"},{"taxonomy":"post_tag","embeddable":true,"href":"https:\/\/www.europesays.com\/fr\/wp-json\/wp\/v2\/tags?post=639470"}],"curies":[{"name":"wp","href":"https:\/\/api.w.org\/{rel}","templated":true}]}}