{"id":639472,"date":"2026-01-04T01:55:24","date_gmt":"2026-01-04T01:55:24","guid":{"rendered":"https:\/\/www.europesays.com\/fr\/639472\/"},"modified":"2026-01-04T01:55:24","modified_gmt":"2026-01-04T01:55:24","slug":"la-reaction-de-thiago-scuro-apres-la-defaite-contre-lyon","status":"publish","type":"post","link":"https:\/\/www.europesays.com\/fr\/639472\/","title":{"rendered":"La r\u00e9action de Thiago Scuro apr\u00e8s la d\u00e9faite contre Lyon"},"content":{"rendered":"<p>\n                Au sortir du revers conc\u00e9d\u00e9 \u00e0 domicile en inf\u00e9riorit\u00e9 num\u00e9rique face \u00e0 l\u2019Olympique Lyonnais (1-3), le Directeur G\u00e9n\u00e9ral de l\u2019AS Monaco s\u2019est exprim\u00e9 en zone mixte pour faire part de son sentiment.\n            <\/p>\n<p>Une nouvelle d\u00e9faite rageante. Alors qu\u2019ils auraient pu mener 2-1 <a href=\"https:\/\/www.asmonaco.com\/matchs\/l1-2025-2026-j17-monaco-olympique-lyonnais\/\" target=\"_blank\" rel=\"noopener\">au d\u00e9but de la seconde p\u00e9riode<\/a>, les Rouge et Blanc ont \u00e9t\u00e9 contraints <a href=\"https:\/\/www.asmonaco.com\/en-inferiorite-numerique-las-monaco-sincline-face-a-lolympique-lyonnais\/\" target=\"_blank\" rel=\"noopener\">de s\u2019incliner au Stade Louis-II face \u00e0 Lyon<\/a> pour le compte de la 17e journ\u00e9e de Ligue 1 (1-3). Un r\u00e9sultat imm\u00e9rit\u00e9, que le Directeur G\u00e9n\u00e9ral du Club, Thiago Scuro, a tenu \u00e0 \u00e9voquer devant les m\u00e9dias apr\u00e8s la rencontre. <strong>Extraits<\/strong> \ud83c\udf99\ufe0f<\/p>\n<p><a href=\"https:\/\/www.asmonaco.com\/la-reaction-de-thiago-scuro-apres-la-defaite-contre-lyon\/thiago_scuro_reaction\/\" rel=\"attachment wp-att-762154 noopener\" target=\"_blank\"><img fetchpriority=\"high\" decoding=\"async\" class=\"alignnone size-full wp-image-762154\" src=\"https:\/\/www.europesays.com\/fr\/wp-content\/uploads\/2026\/01\/thiago-scuro-reaction.jpg\" alt=\"\" width=\"1160\" height=\"650\"  \/><\/a><\/p>\n<p><strong>Bonsoir Thiago. Quel est votre sentiment apr\u00e8s cette nouvelle d\u00e9faite ?<\/strong><\/p>\n<p>C\u2019est \u00e9videmment tr\u00e8s frustrant pour plusieurs raisons. Il appartient au Club de prendre les d\u00e9cisions en termes de recrutement, de pr\u00e9vention des blessures auxquelles nous faisons face en permanence ces derniers mois et pour lesquelles nous tentons de trouver des solutions. J\u2019en prends l\u2019enti\u00e8re responsabilit\u00e9 ! Nous subissons \u00e9galement des d\u00e9cisions contraires dans des matchs tr\u00e8s importants et \u00e0 des moments cruciaux, m\u00eame si je n\u2019ai pas envie de les commenter ce soir. Mais c\u2019est un fait, nous avons eu <a href=\"https:\/\/www.asmonaco.com\/sans-demeriter-las-monaco-finit-par-plier-contre-l-olympique-de-marseille-dans-le-choc-de-ligue-1\/\" target=\"_blank\" rel=\"noopener\">une situation litigieuse \u00e0 Marseille<\/a>, ce soir contre Lyon, sans parler de celle d\u2019hier dans le match de Lens \u00e0 Toulouse. Nous essayons d\u2019aider pour am\u00e9liorer cela, mais il est surtout temps de nous concentrer sur nous-m\u00eames, sur l\u2019AS Monaco, et sur ce que nous devons faire mieux en interne en termes de pr\u00e9vention des blessures et pour obtenir de meilleurs r\u00e9sultats. Je suis d\u2019accord pour dire que nous n\u2019avons pas fait assez sur les derniers matchs de championnat pour un club comme le n\u00f4tre.<\/p>\n<\/p>\n<p><strong>Pensez-vous que la course \u00e0 la Ligue des Champions est d\u00e9finitivement compromise ?<\/strong><\/p>\n<p>Non je ne crois pas. Au vu de l\u2019\u00e9quipe que nous avons, des performances que nous avons montr\u00e9es sur les deux derniers matchs face \u00e0 deux grosses \u00e9curies, et de l\u2019adaptation \u00e0 laquelle fait face <a href=\"https:\/\/www.asmonaco.com\/joueurs\/sebastien-pocognoli-fiche-technique-entraineur-as-monaco\/\" target=\"_blank\" rel=\"noopener\">S\u00e9bastien Pocognoli<\/a>, ce n\u2019est pas fini ! Je suis toujours convaincu que nous pouvons continuer \u00e0 nous battre et aller chercher beaucoup de points dans cette deuxi\u00e8me partie de saison pour hisser l\u2019AS Monaco en Ligue des Champions, comme nous l\u2019avons fait ces deux derni\u00e8res ann\u00e9es.<\/p>\n<p>Quand nous regardons les performances de l\u2019\u00e9quipe, ce que S\u00e9bastien est en train de faire alors que de nombreux joueurs sont indisponibles et qu\u2019il est contraint de faire jouer des jeunes, mais aussi le fait que l\u2019\u00e9quipe est mieux organis\u00e9e et cr\u00e9e de nombreuses occasions, nous sommes plus comp\u00e9titifs. D\u2019autant plus si nous prenons en compte le fait que nous avons re\u00e7u beaucoup de cartons rouges, avec des d\u00e9cisions encore une fois discutables ces derniers temps.<\/p>\n<p>Thiago ScuroA propos du contexte actuel<\/p>\n<p><strong>Maintenez-vous votre confiance au coach ?<\/strong><\/p>\n<p>Absolument, ce n\u2019est m\u00eame pas un sujet pour moi ! Quand nous regardons les performances de l\u2019\u00e9quipe, ce que S\u00e9bastien est en train de faire alors que de nombreux joueurs sont indisponibles et qu\u2019il est contraint de faire jouer des jeunes, mais aussi le fait que l\u2019\u00e9quipe est mieux organis\u00e9e et cr\u00e9e de nombreuses occasions, nous sommes plus comp\u00e9titifs. D\u2019autant plus si nous prenons en compte le fait que nous avons re\u00e7u beaucoup de cartons rouges, avec des d\u00e9cisions encore une fois discutables ces derniers temps. Malgr\u00e9 tout cela, nous sommes toujours <a href=\"https:\/\/www.asmonaco.com\/las-monaco-affrontera-lus-orleans-en-16e-de-finale-de-coupe-de-france\/\" target=\"_blank\" rel=\"noopener\">en course en Coupe de France<\/a> et <a href=\"https:\/\/www.asmonaco.com\/combatif-las-monaco-domine-galatasaray-a-l-occasion-de-la-6e-journee-de-ligue-des-champions-et-se-rapproche-des-barrages\/\" target=\"_blank\" rel=\"noopener\">en Ligue des Champions<\/a>, m\u00eame si nous avons \u00e9videmment beaucoup \u00e0 faire en 2026, avec de nombreux axes d\u2019am\u00e9lioration.<\/p>\n<p>Je ne regrette pas du tout la d\u00e9cision d\u2019avoir chang\u00e9 de coach, c\u2019\u00e9tait celle \u00e0 prendre pour changer la dynamique, et S\u00e9bastien est la bonne personne pour affronter les objectifs de l\u2019AS Monaco. Je suis \u00e9videmment comptable de cette situation, nous savons que des erreurs ont \u00e9t\u00e9 faites ces derniers mois et je comprends la d\u00e9ception qui entoure le Club, mais ce qui m\u2019importe est de trouver des solutions, notamment concernant les blessures. Ce que je peux promettre, c\u2019est de travailler dur, d\u2019\u00eatre le plus honn\u00eate et de continuer d\u2019\u00eatre aussi impliqu\u00e9 pour ce club que j\u2019aime.<\/p>\n<p><a href=\"https:\/\/www.asmonaco.com\/la-reaction-de-thiago-scuro-apres-la-defaite-contre-lyon\/pocognoli-2\/\" rel=\"attachment wp-att-762135 noopener\" target=\"_blank\"><img loading=\"lazy\" decoding=\"async\" class=\"alignnone size-full wp-image-762135\" src=\"https:\/\/www.europesays.com\/fr\/wp-content\/uploads\/2026\/01\/pocognoli.jpg\" alt=\"\" width=\"1160\" height=\"650\"  \/><\/a><\/p>\n<p><strong>Comment expliquez-vous justement ce nombre important de blessures ?<\/strong><\/p>\n<p>Je n\u2019ai pas d\u2019explication, m\u00eame si je peux vous dire que nous travaillons beaucoup sur ce sujet. Ce soir, la blessure de <a href=\"https:\/\/www.asmonaco.com\/joueurs\/fiche-technique-defenseur-as-monaco-christian-mawissa\/\" target=\"_blank\" rel=\"noopener\">Christian Mawiss<\/a>a est tr\u00e8s frustrante, et vous pouvez \u00eatre certains que nous allons en parler en interne. Cela ne peut pas arriver, car le grand nombre de blessures que nous subissons depuis le d\u00e9but de saison a un impact tr\u00e8s fort. Nous allons trouver une solution, j\u2019en suis convaincu. Nous \u00e9tudions pr\u00e9cis\u00e9ment ces \u00e9v\u00e8nements lors de meetings, pour savoir quand les joueurs peuvent faire leur retour et s\u2019il n\u2019y a pas de risque de rechute, avec tous les moyens technologiques et les personnes que nous avons \u00e0 disposition au sein du d\u00e9partement performance. Nous avons besoin de r\u00e9ponses, et si nous ne les avons pas, nous devrons prendre des d\u00e9cisions, mais nous ne pouvons pas continuer comme cela.<\/p>\n<p>Si nous arrivons \u00e0 avoir un joueur suppl\u00e9mentaire au milieu de terrain et sur la ligne d\u2019attaque, cela offrirait diff\u00e9rentes options \u00e0 S\u00e9bastien Pocognoli. Mais avant cela, il faut traiter le probl\u00e8me des blessures qui est urgent.<\/p>\n<p>Thiago ScuroA propos du recrutement <\/p>\n<p><strong>\u00c9tudiez-vous les possibilit\u00e9s sur le march\u00e9 des transferts ?<\/strong><\/p>\n<p>Nous travaillons sur toutes les solutions possibles au vu du contexte et des moyens qui sont ceux du Club aujourd\u2019hui, tout en prenant en consid\u00e9ration les r\u00e8gles qui sont mises en place. L\u2019implication du Pr\u00e9sident n\u2019a pas chang\u00e9, mais comme je l\u2019ai d\u00e9j\u00e0 expliqu\u00e9, nous sommes soumis aux r\u00e8glements de la DNCG \u00e0 l\u2019\u00e9chelle de la France et au Fair Play financier impos\u00e9 par l\u2019UEFA. Mais nous sommes l\u2019AS Monaco et nous avons des gens comp\u00e9tents en interne qui sont capables de trouver des solutions. C\u2019est ce \u00e0 quoi nous avons travaill\u00e9 ces derni\u00e8res semaines. J\u2019aimerais avoir les moyens d\u2019investir comme cela a \u00e9t\u00e9 le cas par le pass\u00e9, mais je dois surtout faire avec les ressources que nous avons \u00e0 disposition, tout en respectant les r\u00e8gles. Recruter ? Nous avons diff\u00e9rentes priorit\u00e9s, notamment apr\u00e8s la grave blessure subie par <a href=\"https:\/\/www.asmonaco.com\/joueurs\/fiche-technique-ailier-as-monaco-takumi-minamino\/\" target=\"_blank\" rel=\"noopener\">Takumi Minamino<\/a>.<\/p>\n<blockquote class=\"twitter-tweet\" data-width=\"550\" data-dnt=\"true\">\n<p lang=\"fr\" dir=\"ltr\">Lors du 32e de finale de Coupe de France disput\u00e9 \u00e0 Auxerre, notre milieu de terrain Takumi Minamino a \u00e9t\u00e9 touch\u00e9 au genou gauche.<\/p>\n<p>Les examens m\u00e9dicaux ont r\u00e9v\u00e9l\u00e9 une rupture du ligament crois\u00e9 ant\u00e9rieur.<\/p>\n<p>Takumi pourra compter tout au long de son r\u00e9tablissement sur le soutien de\u2026 <a href=\"https:\/\/t.co\/khinJoeXxP\">pic.twitter.com\/khinJoeXxP<\/a><\/p>\n<p>\u2014 AS Monaco \ud83c\uddf2\ud83c\udde8 (@AS_Monaco) <a href=\"https:\/\/twitter.com\/AS_Monaco\/status\/2003100107458187550?ref_src=twsrc%5Etfw\" target=\"_blank\" rel=\"noopener\">December 22, 2025<\/a><\/p>\n<\/blockquote>\n<p>Si nous arrivons \u00e0 avoir un joueur suppl\u00e9mentaire au milieu de terrain et sur la ligne d\u2019attaque, cela offrirait diff\u00e9rentes options \u00e0 S\u00e9bastien Pocognoli. Mais avant cela, il faut traiter le probl\u00e8me des blessures qui est urgent. Ce que je vois en tout cas, ce sont des joueurs impliqu\u00e9s et qui essayent de trouver des solutions \u00e0 ce qui se passe aujourd\u2019hui. Nous avons l\u2019opportunit\u00e9 de terminer la saison de mani\u00e8re totalement diff\u00e9rente en disputant trois comp\u00e9titions, et nous allons pousser pour revenir fort.<\/p>\n<p><a href=\"https:\/\/www.asmonaco.com\/galeries\/stade-louis-ii-ligue-1-17e-journee-as-monaco-1-3-olympique-lyonnais\/2025_01_03_asm-lyon_r6cc7451\/\" rel=\"attachment wp-att-762448 noopener\" target=\"_blank\"><img loading=\"lazy\" decoding=\"async\" class=\"alignnone size-full wp-image-762448\" src=\"https:\/\/www.europesays.com\/fr\/wp-content\/uploads\/2026\/01\/2025-01-03-asm-lyon-r6cc7451.jpg\" alt=\"\" width=\"1160\" height=\"650\"  \/><\/a><\/p>\n<p><strong>Quelle a \u00e9t\u00e9 la d\u00e9cision contraire selon vous aujourd\u2019hui ?<\/strong><\/p>\n<p>Pour moi cela a un gros impact sur la rencontre de refuser le but du 2-1 pour nous \u00e0 ce moment du match. Cela change beaucoup de choses, notamment au niveau \u00e9motionnel. Nous m\u00e9ritions de marquer car nous \u00e9tions meilleurs dans le jeu, m\u00eame au moment du carton rouge o\u00f9 nous nous battions pour \u00e9galiser et pourquoi pas aller chercher la victoire. Apr\u00e8s l\u2019expulsion, qui \u00e9tait une d\u00e9cision tout \u00e0 fait l\u00e9gitime pour le coup, il n\u2019y a rien \u00e0 redire l\u00e0-dessus, c\u2019\u00e9tait forc\u00e9ment plus difficile. Mais pour moi le but de <a href=\"https:\/\/www.asmonaco.com\/joueurs\/fiche-technique-defenseur-central-as-monaco-thilo-kehrer\/\" target=\"_blank\" rel=\"noopener\">Thilo Kehrer<\/a> est totalement valable et aurait d\u00fb \u00eatre accept\u00e9, ce qui aurait totalement chang\u00e9 le sc\u00e9nario du match. C\u2019est pour cela que je dis que l\u2019impact de cette d\u00e9cision a \u00e9t\u00e9 tr\u00e8s fort.<\/p>\n<blockquote class=\"twitter-tweet\" data-width=\"550\" data-dnt=\"true\">\n<p lang=\"fr\" dir=\"ltr\">\u274c\ufe0f Le but annul\u00e9 \u00e0 l&rsquo;AS Monaco pour cette faute sur C.Tolisso\u2026<a href=\"https:\/\/twitter.com\/sdzskdjzk?ref_src=twsrc%5Etfw\" target=\"_blank\" rel=\"noopener\">@sdzskdjzk<\/a><a href=\"https:\/\/twitter.com\/hashtag\/Ligue1?src=hash&amp;ref_src=twsrc%5Etfw\" target=\"_blank\" rel=\"noopener\">#Ligue1<\/a> <a href=\"https:\/\/twitter.com\/hashtag\/ASMOL?src=hash&amp;ref_src=twsrc%5Etfw\" target=\"_blank\" rel=\"noopener\">#ASMOL<\/a><a href=\"https:\/\/t.co\/whxkCeXM84\">pic.twitter.com\/whxkCeXM84<\/a><\/p>\n<p>\u2014 MeteoFoot (@MeteoFootMaps) <a href=\"https:\/\/twitter.com\/MeteoFootMaps\/status\/2007508264460923249?ref_src=twsrc%5Etfw\" target=\"_blank\" rel=\"noopener\">January 3, 2026<\/a><\/p>\n<\/blockquote>\n<p><strong>Pensez-vous que les performances sont suffisantes malgr\u00e9 tout ?<\/strong><\/p>\n<p>Si l\u2019on prend seulement en consid\u00e9ration les r\u00e9sultats, \u00e9videmment que non. Mais les personnes qui ont assist\u00e9 au match de ce soir ont pu voir que le coach et les joueurs ont montr\u00e9 beaucoup de choses positives, une bonne organisation, de la solidarit\u00e9 et un \u00e9tat d\u2019esprit combatif. Et ce, malgr\u00e9 les nombreuses absences et des joueurs qui sont contraints d\u2019\u00e9voluer \u00e0 des postes qui ne sont pas les leurs. Cela montre la capacit\u00e9 d\u2019adaptation de S\u00e9bastien, et prouve que nous faisons tout de m\u00eame de bonnes choses. Mais nous ne pouvons pas nous satisfaire pour autant de perdre ces deux derniers matchs en Ligue 1 et de pr\u00e9senter de tels r\u00e9sultats ces derni\u00e8res semaines, avec une distance <a href=\"https:\/\/www.asmonaco.com\/equipe-pro\/classement\/\" target=\"_blank\" rel=\"noopener\">des trois premi\u00e8res places du classement<\/a> qui continue d\u2019\u00eatre de plus en plus importante.<\/p>\n<p>Nous sommes revenus dans la partie en marquant ce but avant la mi-temps, et avons \u00e9galement montr\u00e9 de l\u2019agressivit\u00e9 au d\u00e9but de la deuxi\u00e8me p\u00e9riode. L\u2019histoire du match n\u2019a pas tourn\u00e9 en notre faveur, c\u2019est un fait, mais nous devons analyser l\u2019ensemble et pas seulement le r\u00e9sultat final.<\/p>\n<p>Thiago ScuroCe qui a \u00e9t\u00e9 positif contre Lyon<\/p>\n<p><strong>Qu\u2019avez-vous vu de positif ce soir ?<\/strong><\/p>\n<p>Beaucoup de choses, sp\u00e9cialement avant le carton rouge, notamment en premi\u00e8re p\u00e9riode avec de bonnes situations. De son c\u00f4t\u00e9, Lyon n\u2019a eu que deux opportunit\u00e9s de marquer dans le premier acte, o\u00f9 ils ont \u00e9t\u00e9 efficaces sur coups de pied arr\u00eat\u00e9s. Nous sommes revenus dans la partie en marquant ce but avant la mi-temps, et avons \u00e9galement montr\u00e9 de l\u2019agressivit\u00e9 au d\u00e9but de la deuxi\u00e8me p\u00e9riode. L\u2019histoire du match n\u2019a pas tourn\u00e9 en notre faveur, c\u2019est un fait, mais nous devons analyser l\u2019ensemble et pas seulement le r\u00e9sultat final.<\/p>\n<p><a href=\"https:\/\/www.asmonaco.com\/galeries\/stade-louis-ii-ligue-1-17e-journee-as-monaco-1-3-olympique-lyonnais\/2025_01_03_asm-lyon_r3cc4220\/\" rel=\"attachment wp-att-762458 noopener\" target=\"_blank\"><img loading=\"lazy\" decoding=\"async\" class=\"alignnone size-full wp-image-762458\" src=\"https:\/\/www.europesays.com\/fr\/wp-content\/uploads\/2026\/01\/2025-01-03-asm-lyon-r3cc4220.jpg\" alt=\"\" width=\"1160\" height=\"650\"  \/><\/a><\/p>\n<p>            <script async src=\"https:\/\/platform.twitter.com\/widgets.js\" charset=\"utf-8\"><\/script><\/p>\n","protected":false},"excerpt":{"rendered":"Au sortir du revers conc\u00e9d\u00e9 \u00e0 domicile en inf\u00e9riorit\u00e9 num\u00e9rique face \u00e0 l\u2019Olympique Lyonnais (1-3), le Directeur G\u00e9n\u00e9ral&hellip;\n","protected":false},"author":2,"featured_media":639473,"comment_status":"","ping_status":"","sticky":false,"template":"","format":"standard","meta":{"footnotes":""},"categories":[1889],"tags":[1111,11,2430,1777,674,1011,27,2428,12,25],"class_list":{"0":"post-639472","1":"post","2":"type-post","3":"status-publish","4":"format-standard","5":"has-post-thumbnail","7":"category-lyon","8":"tag-actu","9":"tag-actualites","10":"tag-auvergne-rhone-alpes","11":"tag-eu","12":"tag-europe","13":"tag-fr","14":"tag-france","15":"tag-lyon","16":"tag-news","17":"tag-republique-francaise"},"share_on_mastodon":{"url":"https:\/\/pubeurope.com\/@fr\/115834344265750617","error":""},"_links":{"self":[{"href":"https:\/\/www.europesays.com\/fr\/wp-json\/wp\/v2\/posts\/639472","targetHints":{"allow":["GET"]}}],"collection":[{"href":"https:\/\/www.europesays.com\/fr\/wp-json\/wp\/v2\/posts"}],"about":[{"href":"https:\/\/www.europesays.com\/fr\/wp-json\/wp\/v2\/types\/post"}],"author":[{"embeddable":true,"href":"https:\/\/www.europesays.com\/fr\/wp-json\/wp\/v2\/users\/2"}],"replies":[{"embeddable":true,"href":"https:\/\/www.europesays.com\/fr\/wp-json\/wp\/v2\/comments?post=639472"}],"version-history":[{"count":0,"href":"https:\/\/www.europesays.com\/fr\/wp-json\/wp\/v2\/posts\/639472\/revisions"}],"wp:featuredmedia":[{"embeddable":true,"href":"https:\/\/www.europesays.com\/fr\/wp-json\/wp\/v2\/media\/639473"}],"wp:attachment":[{"href":"https:\/\/www.europesays.com\/fr\/wp-json\/wp\/v2\/media?parent=639472"}],"wp:term":[{"taxonomy":"category","embeddable":true,"href":"https:\/\/www.europesays.com\/fr\/wp-json\/wp\/v2\/categories?post=639472"},{"taxonomy":"post_tag","embeddable":true,"href":"https:\/\/www.europesays.com\/fr\/wp-json\/wp\/v2\/tags?post=639472"}],"curies":[{"name":"wp","href":"https:\/\/api.w.org\/{rel}","templated":true}]}}