{"id":639474,"date":"2026-01-04T01:57:57","date_gmt":"2026-01-04T01:57:57","guid":{"rendered":"https:\/\/www.europesays.com\/fr\/639474\/"},"modified":"2026-01-04T01:57:57","modified_gmt":"2026-01-04T01:57:57","slug":"prix-versailles-2025-la-plus-belle-gare-au-monde-est-en-ile-de-france","status":"publish","type":"post","link":"https:\/\/www.europesays.com\/fr\/639474\/","title":{"rendered":"Prix Versailles 2025 : la plus belle gare au monde est en \u00cele-de-France"},"content":{"rendered":"<p><a href=\"https:\/\/www.prix-versailles.com\/fr\" data-entity-type=\"external\" target=\"_blank\" rel=\"noopener\">Le Prix Versailles 2025 cat\u00e9gorie gares<\/a> a \u00e9t\u00e9 remport\u00e9, le 4 d\u00e9cembre 2025, par une gare francilienne\u00a0: <strong>la gare Villejuif-Gustave-Roussy<\/strong> <strong>a \u00e9t\u00e9 d\u00e9sign\u00e9e plus belle station du monde par<\/strong>\u00a0<\/p>\n<p>Et l&rsquo;annonce des gares en lice pour de prix international d\u2019architecture et de design \u00e9tait d\u00e9j\u00e0 glorieuse pour l&rsquo;\u00cele-de-France :<strong> parmi les 7 gares les plus remarquables du monde finalistes <\/strong>(liste annonc\u00e9e en novembre 2025),<strong> 2 se situent en \u00cele-de-France\u00a0:<\/strong><\/p>\n<ul>\n<li><strong>La gare Villejuif-Gustave-Roussy<\/strong>, imagin\u00e9e par le Fran\u00e7ais Dominique Perrault,<\/li>\n<li><strong>La gare Saint-Denis-Pleyel<\/strong>, con\u00e7ue par l&rsquo;architecte japonais Kengo Kuma.<\/li>\n<\/ul>\n<p>Ces 2 gares rejoignaient un cercle restreint d&rsquo;infrastructures d&rsquo;exception, aux c\u00f4t\u00e9s de stations \u00e0 Sydney (Australie), Riyad (Arabie Saoudite), Mons (Belgique) et Canton (Chine). <strong>Une distinction qui r\u00e9compense l&rsquo;alliance entre innovation architecturale, durabilit\u00e9 et int\u00e9gration urbaine de 2 cr\u00e9ations visionnaires qui incarnent la modernit\u00e9 et l\u2019ambition du Grand Paris Express<\/strong>, le futur r\u00e9seau de transport appel\u00e9 \u00e0 transformer le visage de la r\u00e9gion \u00cele-de-France.\u00a0<\/p>\n<p><strong>Plus que de simples lieux de passage, les stations du territoire se muent en nouveaux rep\u00e8res urbains et m\u00eame en \u0153uvres d&rsquo;art architecturales \u00e0 part enti\u00e8re.<\/strong><\/p>\n","protected":false},"excerpt":{"rendered":"Le Prix Versailles 2025 cat\u00e9gorie gares a \u00e9t\u00e9 remport\u00e9, le 4 d\u00e9cembre 2025, par une gare francilienne\u00a0: la&hellip;\n","protected":false},"author":2,"featured_media":537290,"comment_status":"","ping_status":"","sticky":false,"template":"","format":"standard","meta":{"footnotes":""},"categories":[1592],"tags":[1111,11,1777,674,1011,27,662,12,626,25],"class_list":{"0":"post-639474","1":"post","2":"type-post","3":"status-publish","4":"format-standard","5":"has-post-thumbnail","7":"category-ile-de-france","8":"tag-actu","9":"tag-actualites","10":"tag-eu","11":"tag-europe","12":"tag-fr","13":"tag-france","14":"tag-ile-de-france","15":"tag-news","16":"tag-paris","17":"tag-republique-francaise"},"share_on_mastodon":{"url":"https:\/\/pubeurope.com\/@fr\/115834355948714837","error":""},"_links":{"self":[{"href":"https:\/\/www.europesays.com\/fr\/wp-json\/wp\/v2\/posts\/639474","targetHints":{"allow":["GET"]}}],"collection":[{"href":"https:\/\/www.europesays.com\/fr\/wp-json\/wp\/v2\/posts"}],"about":[{"href":"https:\/\/www.europesays.com\/fr\/wp-json\/wp\/v2\/types\/post"}],"author":[{"embeddable":true,"href":"https:\/\/www.europesays.com\/fr\/wp-json\/wp\/v2\/users\/2"}],"replies":[{"embeddable":true,"href":"https:\/\/www.europesays.com\/fr\/wp-json\/wp\/v2\/comments?post=639474"}],"version-history":[{"count":0,"href":"https:\/\/www.europesays.com\/fr\/wp-json\/wp\/v2\/posts\/639474\/revisions"}],"wp:featuredmedia":[{"embeddable":true,"href":"https:\/\/www.europesays.com\/fr\/wp-json\/wp\/v2\/media\/537290"}],"wp:attachment":[{"href":"https:\/\/www.europesays.com\/fr\/wp-json\/wp\/v2\/media?parent=639474"}],"wp:term":[{"taxonomy":"category","embeddable":true,"href":"https:\/\/www.europesays.com\/fr\/wp-json\/wp\/v2\/categories?post=639474"},{"taxonomy":"post_tag","embeddable":true,"href":"https:\/\/www.europesays.com\/fr\/wp-json\/wp\/v2\/tags?post=639474"}],"curies":[{"name":"wp","href":"https:\/\/api.w.org\/{rel}","templated":true}]}}