{"id":639475,"date":"2026-01-04T01:59:12","date_gmt":"2026-01-04T01:59:12","guid":{"rendered":"https:\/\/www.europesays.com\/fr\/639475\/"},"modified":"2026-01-04T01:59:12","modified_gmt":"2026-01-04T01:59:12","slug":"un-rassemblement-a-paris-contre-loperation-americaine-au-venezuela","status":"publish","type":"post","link":"https:\/\/www.europesays.com\/fr\/639475\/","title":{"rendered":"un rassemblement \u00e0 Paris contre l&rsquo;op\u00e9ration am\u00e9ricaine au Venezuela"},"content":{"rendered":"\n<p class=\"c-chapo \">\n  Les \u00c9tats-Unis ont men\u00e9 un raid afin d&rsquo;arr\u00eater et d&rsquo;exfiltrer le pr\u00e9sident v\u00e9n\u00e9zu\u00e9lien, Nicolas Maduro, samedi, en bafouant le droit international.\n<\/p>\n<p>      lire plus tard<\/p>\n<p id=\"dialog__title\" class=\"dialog__title\">Pour sauvegarder cet article, connectez-vous ou cr\u00e9ez un compte franceinfo<\/p>\n<p class=\"dialog__description\">Sans paiement. Sans abonnement.<\/p>\n<p>        Fermer la fen\u00eatre d\u2019activation des notifications France Info<\/p>\n<p>      cr\u00e9er votre compte<\/p>\n<p>      se connecter<\/p>\n<p>      :<\/p>\n<p>        Fermer la fen\u00eatre de pr\u00e9sentation<\/p>\n<p>    <img loading=\"lazy\" decoding=\"async\" class=\"signature__image lazyload\" width=\"100\" height=\"100\" data- alt=\"\" src=\"https:\/\/www.europesays.com\/fr\/wp-content\/uploads\/2025\/05\/64a7df4c5fe71_placeholder-36b69ec8.png\"\/><\/p>\n<p>    Publi\u00e9 le 03\/01\/2026 22:59<\/p>\n<p>        Temps de lecture : 3min<\/p>\n<p>    <img decoding=\"async\"  alt=\"Une manifestation contre l'op\u00e9ration militaire am\u00e9ricaine au Venezuela a rassembl\u00e9 plus de 2 000 personnes \u00e0 Paris, le 3 janvier 2026. (YOAN VALAT \/ EPA)\" width=\"432\" height=\"243\" src=\"https:\/\/www.europesays.com\/fr\/wp-content\/uploads\/2026\/01\/venezuela-manif-69598c5a2abd2047029095.jpg\" fetchpriority=\"high\"\/><\/p>\n<p>      Une manifestation contre l&rsquo;op\u00e9ration militaire am\u00e9ricaine au Venezuela a rassembl\u00e9 plus de 2 000 personnes \u00e0 Paris, le 3 janvier 2026. (YOAN VALAT \/ EPA)<\/p>\n<p>Une op\u00e9ration militaire largement critiqu\u00e9e, y compris en France. Plus de 2\u00a0000 personnes se sont rassembl\u00e9es, samedi\u00a03 janvier, \u00e0 Paris, place de la R\u00e9publique, pour d\u00e9noncer <a href=\"https:\/\/www.franceinfo.fr\/monde\/venezuela\/capture-de-nicolas-maduro-frappes-sur-caracas-ce-que-l-on-sait-de-l-operation-militaire-sans-precedent-des-etats-unis-au-venezuela_7718257.html\" target=\"_self\" rel=\"noopener noreferrer nofollow\" data-tooltip-url=\"https:\/\/www.franceinfo.fr\/monde\/venezuela\/capture-de-nicolas-maduro-frappes-sur-caracas-ce-que-l-on-sait-de-l-operation-militaire-sans-precedent-des-etats-unis-au-venezuela_7718257.html\">l&rsquo;op\u00e9ration am\u00e9ricaine au Venezuela<\/a> qui a conduit \u00e0 la capture du pr\u00e9sident Nicolas Maduro, \u00e0 l&rsquo;appel de la France insoumise et du Parti communiste. <a href=\"https:\/\/www.franceinfo.fr\/monde\/venezuela\/attaque-americaine-sur-le-venezuela\/operation-militaire-americaine-au-venezuela-en-france-les-dirigeants-des-partis-de-gauche-condamnent_7718389.html\" target=\"_self\" rel=\"noopener noreferrer nofollow\" data-tooltip-url=\"https:\/\/www.franceinfo.fr\/monde\/venezuela\/attaque-americaine-sur-le-venezuela\/operation-militaire-americaine-au-venezuela-en-france-les-dirigeants-des-partis-de-gauche-condamnent_7718389.html\">Les critiques<\/a> les plus virulentes de cette intervention am\u00e9ricaine \u00e9manent de la gauche, qui s&rsquo;est dite <a href=\"https:\/\/www.franceinfo.fr\/monde\/venezuela\/attaque-americaine-sur-le-venezuela\/capture-de-nicolas-maduro-la-reaction-d-emmanuel-macron-indigne-la-gauche_7718761.html\" target=\"_self\" rel=\"noopener noreferrer nofollow\" data-tooltip-url=\"https:\/\/www.franceinfo.fr\/monde\/venezuela\/attaque-americaine-sur-le-venezuela\/capture-de-nicolas-maduro-la-reaction-d-emmanuel-macron-indigne-la-gauche_7718761.html\">scandalis\u00e9e par la prise de parole d&rsquo;Emmanuel Macron<\/a>. \u00ab\u00a0Le peuple v\u00e9n\u00e9zu\u00e9lien est aujourd\u2019hui d\u00e9barrass\u00e9 de la dictature de Nicolas Maduro et ne peut que s\u2019en r\u00e9jouir\u00a0\u00bb, a r\u00e9agi le pr\u00e9sident de la R\u00e9publique en appelant \u00e0 \u00ab\u00a0une transition pacifique\u00a0\u00bb. Dans le cort\u00e8ge parisien, de nombreux ressortissants d&rsquo;Am\u00e9rique du Sud sont venus apporter leur soutien au peuple v\u00e9n\u00e9zu\u00e9lien.<\/p>\n<p>Au milieu des drapeaux v\u00e9n\u00e9zu\u00e9liens et de ceux des partis et mouvements de gauche, se trouve aussi celui,colombien, de Maria, scandalis\u00e9e par cette attaque am\u00e9ricaine. \u00ab\u00a0C&rsquo;est pour exprimer notre r\u00e9volte, notre rage. On n&rsquo;est pas d&rsquo;accord avec l&rsquo;invasion de Trump au Venezuela. Et c&rsquo;est toujours la m\u00eame chose, ce sont les plus grands qui ont le pouvoir et nous, on a seulement le droit de se taire\u00a0\u00bb, regrette-t-elle.<\/p>\n<p>Alba est \u00e9mue aux larmes au moment d&rsquo;\u00e9voquer les \u00e9v\u00e9nements de la journ\u00e9e\u00a0: \u00ab\u00a0Je suis Colombienne, mais le Venezuela, c&rsquo;est notre patrie aussi. \u00c7a fait des ann\u00e9es et des ann\u00e9es que nous essayons de construire une autre d\u00e9mocratie et on voit que tout \u00e7a, \u00e7a part par la volont\u00e9 d&rsquo;un vrai dictateur.\u00a0\u00bb<\/p>\n<p>Au cours de la manifestation, Jean-Luc M\u00e9lenchon, ainsi que plusieurs cadres et d\u00e9put\u00e9s insoumis apparaissent \u00e0 la tribune. Le leader fustige l\u2019offensive de Donald Trump, signe selon lui d\u2019un imp\u00e9rialisme d\u2019un autre temps. \u00ab\u00a0Aucun pr\u00e9texte n&rsquo;autorise une nation \u00e0 envahir son voisin, et encore moins s&rsquo;il pr\u00e9tend le faire pour y r\u00e9gler les probl\u00e8mes qui s&rsquo;y trouvent\u00a0\u00bb, d\u00e9clare-t-il.<\/p>\n<p>Harald \u00e9coute attentivement et opine du chef. Il a fait un crochet par la place de la R\u00e9publique avant de prendre son train pour rentrer \u00e0 Nantes et, pour lui, il ne faut surtout pas banaliser cette attaque am\u00e9ricaine. \u00ab\u00a0\u00c0 partir du moment o\u00f9 les \u00c9tats-Unis peuvent se permettre d&rsquo;arriver dans un pays, de destituer comme \u00e7a, un peu comme ils avaient fait en Irak&#8230; Et on le voit aussi avec la Chine face \u00e0 Ta\u00efwan, en fait, partout, il y a des \u00e9normes points de tension. Et si tout le monde pouvait se permettre, comme \u00e7a, de juste envahir pour ses int\u00e9r\u00eats, il n&rsquo;y a plus de limites\u00a0\u00bb, souligne-t-il.<\/p>\n<blockquote class=\"ftvi_content_quote\">\n<p class=\"ftvi_citation_quote\">\u00ab\u00a0On sait bien que tout \u00e7a, c&rsquo;est pour le p\u00e9trole, ce n&rsquo;est pas pour autre chose, ce n&rsquo;est pas pour le peuple v\u00e9n\u00e9zu\u00e9lien. Donald Trump, il s&rsquo;en fout.\u00a0\u00bb<\/p>\n<p>Hugo, manifestant<\/p>\n<p class=\"ftvi_citation_source\">\u00e0 franceinfo<\/p>\n<\/blockquote>\n<p>Dans le cort\u00e8ge, peu de personnes \u00e9voquent le r\u00e9gime de Nicolas Maduro, sauf Hugo qui le dit sans d\u00e9tour\u00a0: \u00ab\u00a0Il n&rsquo;y a pas de souci pour dire que c&rsquo;est un dictateur, clairement, je ne pense pas qu&rsquo;il ait respect\u00e9 le r\u00e9sultat des derni\u00e8res \u00e9lections. Mais ce n\u2019est pas comme \u00e7a qu&rsquo;on traite avec les nations, on ne les envahit pas, on ne les bombarde pas, on ne capture pas le pr\u00e9sident. Dans ce cas-l\u00e0, on pourrait faire \u00e7a avec toutes les dictatures, on n\u2019en a pas fini et \u00e7a ne va pas r\u00e9gler les probl\u00e8mes.\u00a0\u00bb Dans un rapport de 2024, Amnesty International avait aussi recens\u00e9, au V\u00e9n\u00e9zuela, des emprisonnements arbitraires de civils et d&rsquo;opposants politiques ainsi que des tortures et des disparitions forc\u00e9es.<\/p>\n","protected":false},"excerpt":{"rendered":"Les \u00c9tats-Unis ont men\u00e9 un raid afin d&rsquo;arr\u00eater et d&rsquo;exfiltrer le pr\u00e9sident v\u00e9n\u00e9zu\u00e9lien, Nicolas Maduro, samedi, en bafouant&hellip;\n","protected":false},"author":2,"featured_media":639476,"comment_status":"","ping_status":"","sticky":false,"template":"","format":"standard","meta":{"footnotes":""},"categories":[1888],"tags":[1111,1928,11,1927,1777,674,1011,27,12,1926,626,1925,25],"class_list":{"0":"post-639475","1":"post","2":"type-post","3":"status-publish","4":"format-standard","5":"has-post-thumbnail","7":"category-paris","8":"tag-actu","9":"tag-actu-paris","10":"tag-actualites","11":"tag-actualites-paris","12":"tag-eu","13":"tag-europe","14":"tag-fr","15":"tag-france","16":"tag-news","17":"tag-news-paris","18":"tag-paris","19":"tag-paris-news","20":"tag-republique-francaise"},"share_on_mastodon":{"url":"https:\/\/pubeurope.com\/@fr\/115834360003819020","error":""},"_links":{"self":[{"href":"https:\/\/www.europesays.com\/fr\/wp-json\/wp\/v2\/posts\/639475","targetHints":{"allow":["GET"]}}],"collection":[{"href":"https:\/\/www.europesays.com\/fr\/wp-json\/wp\/v2\/posts"}],"about":[{"href":"https:\/\/www.europesays.com\/fr\/wp-json\/wp\/v2\/types\/post"}],"author":[{"embeddable":true,"href":"https:\/\/www.europesays.com\/fr\/wp-json\/wp\/v2\/users\/2"}],"replies":[{"embeddable":true,"href":"https:\/\/www.europesays.com\/fr\/wp-json\/wp\/v2\/comments?post=639475"}],"version-history":[{"count":0,"href":"https:\/\/www.europesays.com\/fr\/wp-json\/wp\/v2\/posts\/639475\/revisions"}],"wp:featuredmedia":[{"embeddable":true,"href":"https:\/\/www.europesays.com\/fr\/wp-json\/wp\/v2\/media\/639476"}],"wp:attachment":[{"href":"https:\/\/www.europesays.com\/fr\/wp-json\/wp\/v2\/media?parent=639475"}],"wp:term":[{"taxonomy":"category","embeddable":true,"href":"https:\/\/www.europesays.com\/fr\/wp-json\/wp\/v2\/categories?post=639475"},{"taxonomy":"post_tag","embeddable":true,"href":"https:\/\/www.europesays.com\/fr\/wp-json\/wp\/v2\/tags?post=639475"}],"curies":[{"name":"wp","href":"https:\/\/api.w.org\/{rel}","templated":true}]}}