{"id":639477,"date":"2026-01-04T02:00:14","date_gmt":"2026-01-04T02:00:14","guid":{"rendered":"https:\/\/www.europesays.com\/fr\/639477\/"},"modified":"2026-01-04T02:00:14","modified_gmt":"2026-01-04T02:00:14","slug":"a-paris-des-manifestants-brulent-un-drapeau-des-etats-unis-lors-dun-rassemblement","status":"publish","type":"post","link":"https:\/\/www.europesays.com\/fr\/639477\/","title":{"rendered":"\u00e0 Paris, des manifestants br\u00fblent un drapeau des \u00c9tats-Unis lors d\u2019un rassemblement"},"content":{"rendered":"<p>\n    Des centaines de Parisiens se sont rassembl\u00e9es apr\u00e8s un appel de nombreux partis politiques et collectifs de gauche, dont La France insoumise, \u00e0 manifester en soutien au peuple v\u00e9n\u00e9zu\u00e9lien \u00abcontre l\u2019agression de Trump\u00bb.<\/p>\n<p class=\"fig-paragraph\">Quelques heures seulement apr\u00e8s l\u2019op\u00e9ration am\u00e9ricaine d\u2019exfiltration et de\u00a0<a href=\"http:\/\/www.lefigaro.fr\/international\/capturer-un-chef-d-etat-en-exercice-le-rare-precedent-du-general-noriega-dirigeant-du-panama-arrete-sur-ordre-de-george-bush-20260103\" target=\"_blank\" data-fig-type=\"NewsFlash\" rel=\"noopener\" data-gtm-custom-categorie=\"navigation\" data-gtm-custom-action=\"crossclick\" data-gtm-custom-label=\"Contextuel\" data-gtm-event=\"customEventSPE\" data-fig-domain=\"LEFIGARO\">capture de Nicol\u00e1s Maduro \u00e0 Caracas<\/a>, des Fran\u00e7ais ont manifest\u00e9 leur col\u00e8re \u00e0 Paris. Trois manifestants, positionn\u00e9s en hauteur sur le pi\u00e9destal de la statue de la place de la R\u00e9publique, ont br\u00fbl\u00e9 un drapeau des \u00c9tats-Unis. Sur les vid\u00e9os de cette sc\u00e8ne qui circulent sur les r\u00e9seaux sociaux, on peut voir que deux des trois individus ont le visage masqu\u00e9 et la t\u00eate recouverte d\u2019une casquette ou d\u2019une capuche. Le troisi\u00e8me, \u00e0 visage d\u00e9couvert, filme le bout de tissu prendre feu.<\/p>\n<p class=\"fig-paragraph\">En contrebas, des centaines de personnes applaudissent et \u00e9mettent des cris de victoire. Parmi les drapeaux v\u00e9n\u00e9zu\u00e9liens brandis par la foule, celui de la Palestine. Ces Parisiens se sont rassembl\u00e9s apr\u00e8s un appel lanc\u00e9 par de nombreux partis politiques et collectifs de gauche, dont La France insoumise, \u00e0 manifester en soutien au peuple v\u00e9n\u00e9zu\u00e9lien \u00abcontre l\u2019agression de Trump\u00bb. Le Parti communiste a \u00e9galement relay\u00e9 un appel \u00e0 manifester pour dire \u00abstop \u00e0 l\u2019agression imp\u00e9rialiste contre le Venezuela\u00bb.<\/p>\n<p>                                            <a class=\"fig-a11y-skip\" href=\"#fig-a11y-skip-main-inarticle\" data-module=\"a11y-skip\" data-context=\"was @visible\"><br \/>\n    Passer la publicit\u00e9<br \/>\n<\/a>            <\/p>\n<p class=\"fig-paragraph\">Parmi les organisateurs du rassemblement, on retrouve aussi le Collectif international pour la paix au Venezuela, l\u2019organisation d\u2019extr\u00eame gauche R\u00e9volution Permanente, le NPA, le mouvement L\u2019Apr\u00e8s ainsi que la coalition \u00abGuerre \u00e0 la guerre\u00bb qui regroupe des organisations comme Attac, Les Soul\u00e8vements de la terre, l\u2019Action Antifasciste Paris Banlieue, l\u2019Assembl\u00e9e f\u00e9ministe Paris Banlieue, la Marche des solidarit\u00e9s ou encore des collectifs propalestiniens, rapporte\u00a0<a href=\"https:\/\/actu.fr\/ile-de-france\/paris_75056\/soutien-au-peuple-venezuelien-un-rassemblement-organise-a-paris-contre-l-intervention-militaire-americaine_63647538.html\" target=\"_blank\" rel=\"sponsored noopener\" data-gtm-custom-categorie=\"navigation\" data-gtm-custom-action=\"crossclick\" data-gtm-custom-label=\"Contextuel\" data-gtm-event=\"customEventSPE\">Actu Paris<\/a>.<\/p>\n<p>                                            \u00abLa lutte contre le narcotrafic n\u2019est qu\u2019un pr\u00e9texte\u00bb<\/p>\n<p class=\"fig-paragraph\">Historiquement proches du r\u00e9gime chaviste au Venezuela et souvent critiqu\u00e9s par leurs adversaires pour leur soutien au pr\u00e9sident Nicol\u00e1s Maduro, les responsables de la France insoumise ont \u00e9t\u00e9 les\u00a0<a href=\"http:\/\/www.lefigaro.fr\/politique\/venezuela-premiers-a-reagir-en-france-les-insoumis-vituperent-la-capture-de-maduro-par-trump-20260103\" target=\"_blank\" data-fig-type=\"Article\" rel=\"noopener\" data-gtm-custom-categorie=\"navigation\" data-gtm-custom-action=\"crossclick\" data-gtm-custom-label=\"Contextuel\" data-gtm-event=\"customEventSPE\" data-fig-domain=\"LEFIGARO\">premiers \u00e0 r\u00e9agir\u00a0<\/a>sur les r\u00e9seaux sociaux en France\u00a0<a href=\"https:\/\/video.lefigaro.fr\/figaro\/international\/donald-trump-confirme-l-attaque-sur-le-venezuela-et-affirme-que-nicolas-maduro-a-ete-capture-et-exfiltre-20260103\" target=\"_blank\" data-fig-type=\"Video\" rel=\"noopener\" data-gtm-custom-categorie=\"navigation\" data-gtm-custom-action=\"crossclick\" data-gtm-custom-label=\"Contextuel\" data-gtm-event=\"customEventSPE\" data-fig-domain=\"LEFIGARO\">apr\u00e8s l\u2019annonce de sa capture par les \u00c9tats-Unis<\/a>, condamnant unanimement cette op\u00e9ration am\u00e9ricaine.<\/p>\n<p class=\"fig-paragraph\">Sur place parmi les manifestants, Jean-Luc M\u00e9lenchon a pris la parole devant la presse. Le leader de La France insoumise a d\u00e9nonc\u00e9 l\u2019intervention des Am\u00e9ricains au Venezuela. \u00abNous entrons dans une nouvelle phase dramatique de l\u2019histoire de notre monde. Celle o\u00f9 les \u00c9tats-Unis d\u2019Am\u00e9rique, avec leurs habitudes imp\u00e9riales les plus d\u00e9testables, interviennent sur leurs voisins et menacent tous les autres. C\u2019est une fois de plus le p\u00e9trole qui est la cause r\u00e9elle de cette intervention\u00bb, a-t-il d\u00e9clar\u00e9 sur un ton grave.<\/p>\n<p class=\"fig-paragraph\">Pour Jean-Luc M\u00e9lenchon, \u00abla lutte contre le narcotrafic n\u2019est qu\u2019un pr\u00e9texte\u00bb utilis\u00e9 par Donald Trump. \u00abIl est clair que c\u2019est une sorte de main mise qu\u2019op\u00e8rent les \u00c9tats-Unis d\u2019Am\u00e9rique sur la ressource qui fonde leur puissance. Et rien d\u2019autre. Donc, du pur imp\u00e9rialisme\u00bb, a-t-il ajout\u00e9 alors que se tiennent \u00e0 ses c\u00f4t\u00e9s Mathilde Panot et Sophia Chikirou notamment.<\/p>\n<p>                                            \u00abLe retour imm\u00e9diat de Maduro\u00bb<\/p>\n<p class=\"fig-paragraph\">L\u2019ancien d\u00e9put\u00e9 LFI a m\u00eame estim\u00e9 qu\u2019\u00abil faut, sans barguigner, exiger la lib\u00e9ration et le retour imm\u00e9diat de Nicol\u00e1s Maduro, libre au Venezuela. Ainsi, bien s\u00fbr, que son \u00e9pouse\u00bb. Face \u00e0 ces propos, un journaliste a interpell\u00e9 Jean-Luc M\u00e9lenchon\u00a0: \u00abVous dites que vous souhaitez que Nicol\u00e1s Maduro revienne au Venezuela. Est-ce que vous souhaitez qu\u2019il revienne au pouvoir\u00a0?\u00bb, demande ensuite un journaliste.<\/p>\n<p>                                            <a class=\"fig-a11y-skip\" href=\"#fig-a11y-skip-main-inarticle_mtf\" data-module=\"a11y-skip\" data-context=\"was @visible\"><br \/>\n    Passer la publicit\u00e9<br \/>\n<\/a>            <\/p>\n<p class=\"fig-paragraph\">\u00abJe crois que je n\u2019ai aucune partie \u00e0 cette affaire. Mais ce qui ne sera jamais normal, monsieur, c\u2019est qu\u2019on ne se soucie pas d\u2019abord de protester contre les enl\u00e8vements, parce que \u00e7a s\u2019appelle un enl\u00e8vement cette fois-ci\u00bb, a r\u00e9pondu Jean-Luc M\u00e9lenchon, sans vaciller. Et d\u2019ajouter\u00a0: \u00abNous n\u2019acceptons pas, nous, Fran\u00e7ais, que l\u2019Empire d\u00e9cide d\u2019enlever un chef d\u2019\u00c9tat \u00e0 un endroit et son \u00e9pouse, le mette en prison et se serve de ce pr\u00e9texte pour annexer les ressources nationales d\u2019un pays.\u00bb<\/p>\n","protected":false},"excerpt":{"rendered":"Des centaines de Parisiens se sont rassembl\u00e9es apr\u00e8s un appel de nombreux partis politiques et collectifs de gauche,&hellip;\n","protected":false},"author":2,"featured_media":639478,"comment_status":"","ping_status":"","sticky":false,"template":"","format":"standard","meta":{"footnotes":""},"categories":[1888],"tags":[1111,1928,11,1927,1777,674,1011,27,2338,12,1926,338,626,1925,25],"class_list":{"0":"post-639477","1":"post","2":"type-post","3":"status-publish","4":"format-standard","5":"has-post-thumbnail","7":"category-paris","8":"tag-actu","9":"tag-actu-paris","10":"tag-actualites","11":"tag-actualites-paris","12":"tag-eu","13":"tag-europe","14":"tag-fr","15":"tag-france","16":"tag-la-france-insoumise","17":"tag-news","18":"tag-news-paris","19":"tag-nicolas-maduro","20":"tag-paris","21":"tag-paris-news","22":"tag-republique-francaise"},"share_on_mastodon":{"url":"https:\/\/pubeurope.com\/@fr\/115834363867147034","error":""},"_links":{"self":[{"href":"https:\/\/www.europesays.com\/fr\/wp-json\/wp\/v2\/posts\/639477","targetHints":{"allow":["GET"]}}],"collection":[{"href":"https:\/\/www.europesays.com\/fr\/wp-json\/wp\/v2\/posts"}],"about":[{"href":"https:\/\/www.europesays.com\/fr\/wp-json\/wp\/v2\/types\/post"}],"author":[{"embeddable":true,"href":"https:\/\/www.europesays.com\/fr\/wp-json\/wp\/v2\/users\/2"}],"replies":[{"embeddable":true,"href":"https:\/\/www.europesays.com\/fr\/wp-json\/wp\/v2\/comments?post=639477"}],"version-history":[{"count":0,"href":"https:\/\/www.europesays.com\/fr\/wp-json\/wp\/v2\/posts\/639477\/revisions"}],"wp:featuredmedia":[{"embeddable":true,"href":"https:\/\/www.europesays.com\/fr\/wp-json\/wp\/v2\/media\/639478"}],"wp:attachment":[{"href":"https:\/\/www.europesays.com\/fr\/wp-json\/wp\/v2\/media?parent=639477"}],"wp:term":[{"taxonomy":"category","embeddable":true,"href":"https:\/\/www.europesays.com\/fr\/wp-json\/wp\/v2\/categories?post=639477"},{"taxonomy":"post_tag","embeddable":true,"href":"https:\/\/www.europesays.com\/fr\/wp-json\/wp\/v2\/tags?post=639477"}],"curies":[{"name":"wp","href":"https:\/\/api.w.org\/{rel}","templated":true}]}}