{"id":639479,"date":"2026-01-04T02:01:11","date_gmt":"2026-01-04T02:01:11","guid":{"rendered":"https:\/\/www.europesays.com\/fr\/639479\/"},"modified":"2026-01-04T02:01:11","modified_gmt":"2026-01-04T02:01:11","slug":"quinte-du-dimanche-4-janvier-a-vincennes-entre-stress-et-impatience-pour-guillaume-huguet-et-harmony-du-rabutin","status":"publish","type":"post","link":"https:\/\/www.europesays.com\/fr\/639479\/","title":{"rendered":"Quint\u00e9 du dimanche 4\u00a0janvier \u00e0 Vincennes\u00a0: entre stress et impatience pour Guillaume Huguet et Harmony du Rabutin"},"content":{"rendered":"<p class=\"paragraph text_align_left lp-f-body-02\">\u00ab C\u2019est fantastique ! \u00bb Voil\u00e0 comment Guillaume Huguet d\u00e9crit la journ\u00e9e du dimanche 7 d\u00e9cembre. Ce jour-l\u00e0, en terminant quatri\u00e8me du<a href=\"https:\/\/www.leparisien.fr\/sports\/hippisme\/arrivee-du-quinte-du-dimanche-7-decembre-a-vincennes-la-qualification-epoustouflante-dinmarosa-07-12-2025-CHWXACPJFZEB5L3VHHKQ7ZLQXE.php\" target=\"_self\" rel=\"noopener\"> Prix du Bourbonnais<\/a>, Harmony du Rabutin (n\u00b0 6) d\u00e9crochait sa qualification pour le Prix d\u2019Am\u00e9rique, qui aura lieu le 25 janvier. <\/p>\n<p class=\"\">L\u2019entra\u00eeneur lig\u00e9rien revient sur cette performance : \u00ab J\u2019ai toujours dit qu\u2019elle \u00e9tait capable d\u2019aller avec les meilleurs. Il ne faut pas oublier qu\u2019elle a \u00e9t\u00e9 \u00e9cart\u00e9e des pistes pendant deux ans. Sans cette absence, elle aurait bien plus de gains. C\u2019\u00e9tait \u00e9videmment un grand moment. Maintenant il faut arriver au top le dernier dimanche de janvier. \u00bb <\/p>\n","protected":false},"excerpt":{"rendered":"\u00ab C\u2019est fantastique ! \u00bb Voil\u00e0 comment Guillaume Huguet d\u00e9crit la journ\u00e9e du dimanche 7 d\u00e9cembre. Ce jour-l\u00e0,&hellip;\n","protected":false},"author":2,"featured_media":639480,"comment_status":"","ping_status":"","sticky":false,"template":"","format":"standard","meta":{"footnotes":""},"categories":[1888],"tags":[11,459,1777,674,1011,27,11462,12,626,25,60],"class_list":{"0":"post-639479","1":"post","2":"type-post","3":"status-publish","4":"format-standard","5":"has-post-thumbnail","7":"category-paris","8":"tag-actualites","9":"tag-departements-horsidfo","10":"tag-eu","11":"tag-europe","12":"tag-fr","13":"tag-france","14":"tag-hippisme","15":"tag-news","16":"tag-paris","17":"tag-republique-francaise","18":"tag-sports"},"share_on_mastodon":{"url":"https:\/\/pubeurope.com\/@fr\/115834367692940908","error":""},"_links":{"self":[{"href":"https:\/\/www.europesays.com\/fr\/wp-json\/wp\/v2\/posts\/639479","targetHints":{"allow":["GET"]}}],"collection":[{"href":"https:\/\/www.europesays.com\/fr\/wp-json\/wp\/v2\/posts"}],"about":[{"href":"https:\/\/www.europesays.com\/fr\/wp-json\/wp\/v2\/types\/post"}],"author":[{"embeddable":true,"href":"https:\/\/www.europesays.com\/fr\/wp-json\/wp\/v2\/users\/2"}],"replies":[{"embeddable":true,"href":"https:\/\/www.europesays.com\/fr\/wp-json\/wp\/v2\/comments?post=639479"}],"version-history":[{"count":0,"href":"https:\/\/www.europesays.com\/fr\/wp-json\/wp\/v2\/posts\/639479\/revisions"}],"wp:featuredmedia":[{"embeddable":true,"href":"https:\/\/www.europesays.com\/fr\/wp-json\/wp\/v2\/media\/639480"}],"wp:attachment":[{"href":"https:\/\/www.europesays.com\/fr\/wp-json\/wp\/v2\/media?parent=639479"}],"wp:term":[{"taxonomy":"category","embeddable":true,"href":"https:\/\/www.europesays.com\/fr\/wp-json\/wp\/v2\/categories?post=639479"},{"taxonomy":"post_tag","embeddable":true,"href":"https:\/\/www.europesays.com\/fr\/wp-json\/wp\/v2\/tags?post=639479"}],"curies":[{"name":"wp","href":"https:\/\/api.w.org\/{rel}","templated":true}]}}