{"id":639481,"date":"2026-01-04T02:02:17","date_gmt":"2026-01-04T02:02:17","guid":{"rendered":"https:\/\/www.europesays.com\/fr\/639481\/"},"modified":"2026-01-04T02:02:17","modified_gmt":"2026-01-04T02:02:17","slug":"lequipe-type-monde-2025-de-lequipe-le-psg-tres-present","status":"publish","type":"post","link":"https:\/\/www.europesays.com\/fr\/639481\/","title":{"rendered":"L&rsquo;\u00e9quipe-type monde 2025 de L&rsquo;Equipe, le PSG tr\u00e8s pr\u00e9sent"},"content":{"rendered":"<p><strong>Ce dimanche, le journal\u00a0L\u2019Equipe\u00a0a publi\u00e9 son \u00e9quipe-type 2025 dans le monde. On y a trouve le Paris Saint-Germain presque \u00e0 tous les postes : Nuno Mendes, Willian Pacho, Achraf Hakimi, Vitinha, Jo\u00e3o Neves, D\u00e9sir\u00e9 Dou\u00e9 et Ousmane Demb\u00e9l\u00e9. On peut aujourd\u2019hui Gianluigi Donnarumma, qui a fait la premi\u00e8re moiti\u00e9 de l\u2019ann\u00e9e \u00e0 Paris avant de signer \u00e0 Manchester City.<\/strong><\/p>\n<p><img loading=\"lazy\" decoding=\"async\" class=\"size-full wp-image-892692 aligncenter\" src=\"https:\/\/www.europesays.com\/fr\/wp-content\/uploads\/2026\/01\/type-3.png\" alt=\"\" width=\"620\" height=\"383\"  \/><\/p>\n<p>On peut toujours d\u00e9battre de chacun des choix, il y a de nombreux joueurs de tr\u00e8s haut niveau dans le monde. Mais voir un PSG particuli\u00e8rement repr\u00e9sent\u00e9 a du sens avec 6 titres remport\u00e9s, dont la Ligue des Champions fa\u00e7on assez impressionnante. Il y a tout de m\u00eame quelques absents, car d\u2019autres joueurs et \u00e9quipes ont su briller. On voir un Marquinhos \u00eatre d\u00e9pass\u00e9 par William Saliba, c\u2019est compr\u00e9hensible. M\u00eame si le Br\u00e9silien est souvent aussi un peu sous-estim\u00e9 \u00e0 cause de quelques matchs difficiles dans le pass\u00e9.<\/p>\n<p>Offensivement, on retrouve des Lamine Yamal et Kylian Mbapp\u00e9 spectaculaire, m\u00eame si cela peut manquer d\u2019\u00e9quilibre pour l\u2019\u00e9quipe. C\u2019est toujours la difficult\u00e9 pour ce genre d\u2019\u00e9quipe-type, rarement pens\u00e9e v\u00e9ritablement afin de gagner. M\u00eame si ce onze pourrait \u00eatre int\u00e9ressant, si chacun fait les efforts.<\/p>\n<p>\t\t\t\t\t\t\t\t\t\t\t\t\t\t\t\t\t\t\t\t\t\t\t<img decoding=\"async\" src=\"https:\/\/www.europesays.com\/fr\/wp-content\/uploads\/2025\/04\/ParisFans_Logo.png\"\/><\/p>\n","protected":false},"excerpt":{"rendered":"Ce dimanche, le journal\u00a0L\u2019Equipe\u00a0a publi\u00e9 son \u00e9quipe-type 2025 dans le monde. On y a trouve le Paris Saint-Germain&hellip;\n","protected":false},"author":2,"featured_media":639482,"comment_status":"","ping_status":"","sticky":false,"template":"","format":"standard","meta":{"footnotes":""},"categories":[1888],"tags":[11,60001,1777,674,1011,27,12,626,25],"class_list":{"0":"post-639481","1":"post","2":"type-post","3":"status-publish","4":"format-standard","5":"has-post-thumbnail","7":"category-paris","8":"tag-actualites","9":"tag-equipe-type","10":"tag-eu","11":"tag-europe","12":"tag-fr","13":"tag-france","14":"tag-news","15":"tag-paris","16":"tag-republique-francaise"},"share_on_mastodon":{"url":"https:\/\/pubeurope.com\/@fr\/115834371791403627","error":""},"_links":{"self":[{"href":"https:\/\/www.europesays.com\/fr\/wp-json\/wp\/v2\/posts\/639481","targetHints":{"allow":["GET"]}}],"collection":[{"href":"https:\/\/www.europesays.com\/fr\/wp-json\/wp\/v2\/posts"}],"about":[{"href":"https:\/\/www.europesays.com\/fr\/wp-json\/wp\/v2\/types\/post"}],"author":[{"embeddable":true,"href":"https:\/\/www.europesays.com\/fr\/wp-json\/wp\/v2\/users\/2"}],"replies":[{"embeddable":true,"href":"https:\/\/www.europesays.com\/fr\/wp-json\/wp\/v2\/comments?post=639481"}],"version-history":[{"count":0,"href":"https:\/\/www.europesays.com\/fr\/wp-json\/wp\/v2\/posts\/639481\/revisions"}],"wp:featuredmedia":[{"embeddable":true,"href":"https:\/\/www.europesays.com\/fr\/wp-json\/wp\/v2\/media\/639482"}],"wp:attachment":[{"href":"https:\/\/www.europesays.com\/fr\/wp-json\/wp\/v2\/media?parent=639481"}],"wp:term":[{"taxonomy":"category","embeddable":true,"href":"https:\/\/www.europesays.com\/fr\/wp-json\/wp\/v2\/categories?post=639481"},{"taxonomy":"post_tag","embeddable":true,"href":"https:\/\/www.europesays.com\/fr\/wp-json\/wp\/v2\/tags?post=639481"}],"curies":[{"name":"wp","href":"https:\/\/api.w.org\/{rel}","templated":true}]}}