{"id":639483,"date":"2026-01-04T02:03:10","date_gmt":"2026-01-04T02:03:10","guid":{"rendered":"https:\/\/www.europesays.com\/fr\/639483\/"},"modified":"2026-01-04T02:03:10","modified_gmt":"2026-01-04T02:03:10","slug":"guerre-en-ukraine-kiev-et-ses-allies-europeens-sentendent-sur-la-poursuite-des-pourparlers-de-paix","status":"publish","type":"post","link":"https:\/\/www.europesays.com\/fr\/639483\/","title":{"rendered":"Guerre en Ukraine\u00a0: Kiev et ses alli\u00e9s europ\u00e9ens s\u2019entendent sur la poursuite des pourparlers de paix"},"content":{"rendered":"<p class=\"paragraph text_align_left lp-f-body-02\">Les alli\u00e9s europ\u00e9ens de l\u2019Ukraine se sont rencontr\u00e9s samedi \u00e0 Kiev pour examiner les d\u00e9tails de la derni\u00e8re mouture du plan de sortie du conflit avec la Russie, en amont d\u2019un sommet la semaine prochaine en France des pays de la \u00ab\u00a0coalition des volontaires\u00a0\u00bb soutenant <a href=\"https:\/\/www.leparisien.fr\/international\/ukraine\/\" target=\"_blank\" rel=\"noreferrer noopener\">l\u2019Ukraine<\/a>.<\/p>\n<p class=\"\">Des conseillers \u00e0 la s\u00e9curit\u00e9 de quinze pays, dont la France, l\u2019Allemagne et le Canada, ainsi que des repr\u00e9sentants de l\u2019UE et de l\u2019Otan, se sont r\u00e9unis dans la capitale ukrainienne pour cette premi\u00e8re rencontre de l\u2019ann\u00e9e \u00e0 laquelle a particip\u00e9 l\u2019envoy\u00e9 sp\u00e9cial de Donald Trump, Steve Witkoff, \u00e0 distance.<\/p>\n<p class=\"\">Cette journ\u00e9e de diplomatie est tomb\u00e9e dans l\u2019ombre de l\u2019intervention militaire surprise des \u00c9tats-Unis au Venezuela.<\/p>\n<p class=\"\">\u00ab\u00a0La premi\u00e8re partie de la r\u00e9union a port\u00e9 sur les documents cadres, notamment les garanties de s\u00e9curit\u00e9 et les approches relatives au plan de paix, ainsi que sur la s\u00e9quence des prochaines \u00e9tapes conjointes\u00a0\u00bb, a d\u00e9clar\u00e9 samedi sur Telegram le n\u00e9gociateur en chef de l\u2019Ukraine, Roustem Oumerov, \u00e0 l\u2019issue de la premi\u00e8re session.<\/p>\n<p>Vers une rencontre \u00e0 Paris<\/p>\n<p class=\"\">Des responsables militaires ukrainiens et des pays alli\u00e9s doivent encore se rencontrer \u00e0 Paris avant la rencontre des dirigeants de la \u00ab\u00a0coalition des volontaires\u00a0\u00bb, a indiqu\u00e9 le pr\u00e9sident ukrainien, ajoutant qu\u2019il y aura aussi \u00ab\u00a0des rencontres avec l\u2019\u00e9quipe du pr\u00e9sident (Donald) Trump\u00a0\u00bb.<\/p>\n<p class=\"title-embed-dailymotion lp-color-text lp-f-subtitle-04\">Vid\u00e9oVolodymyr Zelensky annonce que l&rsquo;accord de paix \u00ab est pr\u00eat \u00e0 90% \u00bb<\/p>\n<p class=\"\">Les efforts diplomatiques se sont intensifi\u00e9s depuis novembre pour mettre fin au conflit le plus meurtrier en Europe depuis la Seconde Guerre mondiale, sous l\u2019impulsion du pr\u00e9sident am\u00e9ricain, dont l\u2019administration a n\u00e9goci\u00e9 s\u00e9par\u00e9ment avec la Russie et l\u2019Ukraine.<\/p>\n<p class=\"\">\u00ab\u00a0Nous avons un plan de compromis dans lequel il n\u2019y a toujours aucun compromis sur deux points. C\u2019est pourquoi nous disons 90\u00a0% sur 100\u00a0%\u00a0\u00bb, a d\u00e9clar\u00e9 Volodymyr Zelensky lors d\u2019un point presse.<\/p>\n<p>La Russie veut \u00ab\u00a0durcir sa position\u00a0\u00bb<\/p>\n<p class=\"\">L\u2019avenir des territoires occup\u00e9s par la Russie, qui contr\u00f4le aujourd\u2019hui pr\u00e8s de 20\u00a0% du territoire ukrainien, demeure l\u2019un des points cl\u00e9s.<\/p>\n<p class=\"\">Moscou a de son c\u00f4t\u00e9 annonc\u00e9 fin d\u00e9cembre son intention de \u00ab\u00a0durcir sa position\u00a0\u00bb apr\u00e8s avoir accus\u00e9 Kiev, qui d\u00e9ment, d\u2019un raid de drones contre une r\u00e9sidence du pr\u00e9sident Vladimir Poutine.<\/p>\n<p class=\"\">Volodymyr Zelensky a averti qu\u2019en cas d\u2019\u00e9chec de la diplomatie, l\u2019Ukraine devra continuer \u00e0 se d\u00e9fendre. \u00ab\u00a0Si la Russie bloque tout \u00e7a, si nos partenaires ne contraignent pas la Russie \u00e0 mettre fin \u00e0 la guerre, il y aura une autre voie\u00a0: nous d\u00e9fendre nous-m\u00eames\u00a0\u00bb, a d\u00e9clar\u00e9 Volodymyr Zelensky, qui voudrait \u00ab\u00a0voir les \u00c9tats-Unis faire davantage pression sur Moscou\u00a0\u00bb.<\/p>\n<p class=\"\">Il a annonc\u00e9 vendredi la nomination du chef du renseignement militaire, Kyrylo Boudanov, pour diriger son cabinet, l\u2019un des postes les plus importants du pays.<\/p>\n<p>Un ministre remplac\u00e9<\/p>\n<p class=\"\">Il a aussi annonc\u00e9 son intention, sous r\u00e9serve de l\u2019approbation du Parlement ukrainien, <a href=\"https:\/\/www.leparisien.fr\/international\/ukraine-zelensky-annonce-son-intention-de-remplacer-son-ministre-de-la-defense-02-01-2026-2VNENDII7VF2XOWFAWZWWLNSBA.php\" target=\"_blank\" rel=\"noreferrer noopener\">de remplacer l\u2019actuel ministre de la D\u00e9fense Denys Chmygal<\/a> par le ministre de la Transformation digitale, Mykha\u00eflo Fedorov, tandis que Denys Chmygal prendrait la t\u00eate du minist\u00e8re de l\u2019Energie.<\/p>\n<p class=\"\">Volodymyr Zelensky veut ainsi \u00ab\u00a0proc\u00e9der \u00e0 un red\u00e9marrage parall\u00e8le de toutes les structures, juste au cas o\u00f9\u00a0\u00bb la Russie refuserait de mettre fin au conflit.<\/p>\n<p class=\"\">Les premiers jours de 2026 ont \u00e9t\u00e9 marqu\u00e9s par des bombardements ukrainiens et russes meurtriers. La Russie a accus\u00e9 Kiev d\u2019une attaque ayant tu\u00e9 selon elle 28 civils, la nuit du Nouvel An, dans la partie de la r\u00e9gion ukrainienne de Kherson contr\u00f4l\u00e9e par l\u2019arm\u00e9e russe.<\/p>\n<p class=\"\">Un enfant de trois ans et une jeune femme sont morts \u00e0 Kharkiv vendredi, et deux autres personnes ont \u00e9t\u00e9 tu\u00e9es samedi dans la ville de Kherson, toujours sous contr\u00f4le de Kiev, dans des frappes russes selon les autorit\u00e9s ukrainiennes.<\/p>\n<p class=\"\">Les autorit\u00e9s ukrainiennes ont ordonn\u00e9 le m\u00eame jour l\u2019\u00e9vacuation de plus de 3 000 enfants avec leurs parents d\u2019une quarantaine de localit\u00e9s dans les r\u00e9gions de Zaporijjia (sud) et Dnipropetrovsk (centre-est), signe de la progression des troupes russes dans ces r\u00e9gions.<\/p>\n<p class=\"\">Vladimir Poutine a r\u00e9p\u00e9t\u00e9 ces derni\u00e8res semaines que la Russie atteindrait ses objectifs en Ukraine \u00ab\u00a0par la voie militaire\u00a0\u00bb si les n\u00e9gociations \u00e9chouaient et a salu\u00e9 les r\u00e9cents gains de son arm\u00e9e sur le front.<\/p>\n","protected":false},"excerpt":{"rendered":"Les alli\u00e9s europ\u00e9ens de l\u2019Ukraine se sont rencontr\u00e9s samedi \u00e0 Kiev pour examiner les d\u00e9tails de la derni\u00e8re&hellip;\n","protected":false},"author":2,"featured_media":639484,"comment_status":"","ping_status":"","sticky":false,"template":"","format":"standard","meta":{"footnotes":""},"categories":[1591],"tags":[11,1887,14,12,1885,1886,132,220],"class_list":{"0":"post-639483","1":"post","2":"type-post","3":"status-publish","4":"format-standard","5":"has-post-thumbnail","7":"category-russie","8":"tag-actualites","9":"tag-federation-de-russie","10":"tag-international","11":"tag-news","12":"tag-russia","13":"tag-russian-federation","14":"tag-russie","15":"tag-ukraine"},"share_on_mastodon":{"url":"https:\/\/pubeurope.com\/@fr\/115834375758586329","error":""},"_links":{"self":[{"href":"https:\/\/www.europesays.com\/fr\/wp-json\/wp\/v2\/posts\/639483","targetHints":{"allow":["GET"]}}],"collection":[{"href":"https:\/\/www.europesays.com\/fr\/wp-json\/wp\/v2\/posts"}],"about":[{"href":"https:\/\/www.europesays.com\/fr\/wp-json\/wp\/v2\/types\/post"}],"author":[{"embeddable":true,"href":"https:\/\/www.europesays.com\/fr\/wp-json\/wp\/v2\/users\/2"}],"replies":[{"embeddable":true,"href":"https:\/\/www.europesays.com\/fr\/wp-json\/wp\/v2\/comments?post=639483"}],"version-history":[{"count":0,"href":"https:\/\/www.europesays.com\/fr\/wp-json\/wp\/v2\/posts\/639483\/revisions"}],"wp:featuredmedia":[{"embeddable":true,"href":"https:\/\/www.europesays.com\/fr\/wp-json\/wp\/v2\/media\/639484"}],"wp:attachment":[{"href":"https:\/\/www.europesays.com\/fr\/wp-json\/wp\/v2\/media?parent=639483"}],"wp:term":[{"taxonomy":"category","embeddable":true,"href":"https:\/\/www.europesays.com\/fr\/wp-json\/wp\/v2\/categories?post=639483"},{"taxonomy":"post_tag","embeddable":true,"href":"https:\/\/www.europesays.com\/fr\/wp-json\/wp\/v2\/tags?post=639483"}],"curies":[{"name":"wp","href":"https:\/\/api.w.org\/{rel}","templated":true}]}}